{"id":40725,"date":"2014-07-31T03:49:10","date_gmt":"2014-07-31T01:49:10","guid":{"rendered":"http:\/\/stockportal.hu\/?p=40725"},"modified":"2014-07-30T21:20:06","modified_gmt":"2014-07-30T19:20:06","slug":"nyt-globalis-uzletagga-valt-az-al-kaidanal-az-europaiak-tuszul-ejtese","status":"publish","type":"post","link":"https:\/\/gazdasagportal.hu\/index.php\/nyt-globalis-uzletagga-valt-az-al-kaidanal-az-europaiak-tuszul-ejtese\/","title":{"rendered":"NYT: Glob\u00e1lis \u00fczlet\u00e1gg\u00e1 v\u00e1lt az al-Kaid\u00e1n\u00e1l az eur\u00f3paiak t\u00faszul ejt\u00e9se"},"content":{"rendered":"<p><strong>Glob\u00e1lis \u00fczlet\u00e1gg\u00e1 v\u00e1lt az al-Kaid\u00e1n\u00e1l az eur\u00f3pai \u00e1llampolg\u00e1rok t\u00faszul ejt\u00e9se, mert t\u00f6bb korm\u00e1ny &#8211; noha ezt tagadja &#8211; hajland\u00f3 v\u00e1lts\u00e1gd\u00edjat fizetni a terrorist\u00e1knak &#8211; \u00f6sszegezte szerdai sz\u00e1m\u00e1ban t\u00edz orsz\u00e1gra kiterjed\u0151 t\u00e9nyfelt\u00e1r\u00e1s\u00e1t a The New York Times c\u00edm\u0171 lap.<\/strong><!--more--><br \/>\n<div class=\"ads-in-post1\"><div id=\"gazdasagportal.hu_fullbanner_wideboard\"><\/div>\r\n<\/div>\n<p>    Az iszlamista terrorszervezet a lap sz\u00e1m\u00edt\u00e1sai szerint 2008 \u00f3ta legal\u00e1bb 125 milli\u00f3 doll\u00e1ros bev\u00e9telre tett szert t\u00faszejt\u00e9sb\u0151l, amib\u0151l 66 milli\u00f3t tavaly kassz\u00edrozott. Az amerikai p\u00e9nz\u00fcgyminiszt\u00e9rium \u00fagy tudja, hogy az al-Kaida az eml\u00edtett h\u00e9t\u00e9ves peri\u00f3dusban 165 milli\u00f3 doll\u00e1rt gy\u0171jt\u00f6tt \u00f6ssze az \u00e1ltala elrabolt emberek\u00e9rt cser\u00e9be &#8211; csaknem kiz\u00e1r\u00f3lag eur\u00f3pai korm\u00e1nyokt\u00f3l.<br \/>\n    A lap szerint Eur\u00f3pa ekk\u00e9nt, ha akaratlanul is, de az al-Kaida p\u00e9nz\u00fcgyi t\u00e1mogat\u00f3j\u00e1v\u00e1 v\u00e1lt. A foglyok elenged\u00e9s\u00e9nek \u00e1ra pedig folyamatosan n\u0151: mik\u00f6zben az emberrabl\u00f3k 2003-ban \u00e1tlagosan m\u00e9g &#8222;csak&#8221; 200 ezer doll\u00e1r\u00e9rt engedett el egy-egy embert, addig egy t\u00fasz \u00e9lete ma m\u00e1r 10 milli\u00f3 doll\u00e1rba (t\u00f6bb, mint 2,3 milli\u00e1rd forintba) ker\u00fcl.<br \/>\n    Am\u00edg az al-Kaida a m\u0171k\u00f6d\u00e9s\u00e9nek kezdet\u00e9n gazdag t\u00e1mogat\u00f3kt\u00f3l kapta anyagi forr\u00e1sainak j\u00f3 r\u00e9sz\u00e9t, addig a terrorszervezet ma alapvet\u0151en az eur\u00f3pai t\u00faszai\u00e9rt cser\u00e9be kapott v\u00e1lts\u00e1gd\u00edjb\u00f3l finansz\u00edrozza a tagtoborz\u00e1st, a kik\u00e9pz\u00e9st \u00e9s a fegyverv\u00e1s\u00e1rl\u00e1st. David S. Cohen, az amerikai p\u00e9nz\u00fcgyminiszt\u00e9riumnak a terrorelh\u00e1r\u00edt\u00e1s \u00e9s a p\u00e9nz\u00fcgyi felder\u00edt\u00e9s k\u00e9rd\u00e9seiben illet\u00e9kes \u00e1llamtitk\u00e1ra egy 2012-ben elmondott besz\u00e9d\u00e9ben arra figyelmeztetett, hogy az egyik ilyen &#8222;tranzakci\u00f3&#8221; gerjeszti a m\u00e1sikat.<br \/>\n    A t\u00faszkereskedelem annyira jelent\u0151s m\u00e9ret\u0171v\u00e9 tereb\u00e9lyesedett, hogy annak ir\u00e1ny\u00edt\u00e1s\u00e1t az al-Kaida pakiszt\u00e1ni parancsnoks\u00e1ga fogja \u00f6ssze. A Magreb-orsz\u00e1gokban, az Arab-f\u00e9lszigeten \u00e9s a Szom\u00e1li\u00e1ban m\u0171k\u00f6d\u0151 terrorcsoportok emellett azonos elj\u00e1r\u00e1srend szerint l\u00e9pnek fel, amelyek egyik saj\u00e1toss\u00e1ga, hogy a t\u00e1rgyal\u00e1sok sor\u00e1n hosszas, ak\u00e1r h\u00f3napokig tart\u00f3 hallgat\u00e1ssal tartj\u00e1k bizonytalans\u00e1gban azokat, aki a t\u00faszok kiszabad\u00edt\u00e1s\u00e1n dolgoznak.<br \/>\n    A terrorcsoportok, hogy minimaliz\u00e1lj\u00e1k vesztes\u00e9geiket, az emberrabl\u00e1st b\u0171nszervezeteknek szervezt\u00e9k ki, amelyek a v\u00e1lts\u00e1gd\u00edjb\u00f3l 10 sz\u00e1zal\u00e9kos jutal\u00e9kot kapnak.<br \/>\n    Noha a terrorist\u00e1k minden esetben a t\u00faszok kiv\u00e9gz\u00e9s\u00e9vel fenyeget\u0151znek, az al-Kaida \u00e1ltal elfogottaknak az elm\u00falt \u00f6t \u00e9v sor\u00e1n csak a kis h\u00e1nyad\u00e1t &#8211; 2008 \u00f3ta a 15 sz\u00e1zal\u00e9kukat &#8211; \u00f6lt\u00e9k meg, t\u00f6bbj\u00fcket sikertelen t\u00faszszabad\u00edt\u00e1si akci\u00f3 k\u00f6zben. Ez jelent\u0151s v\u00e1ltoz\u00e1s az egy \u00e9vtizeddel ezel\u0151tti gyakorlathoz k\u00e9pest, amikor a terrorszervezethez tartoz\u00f3 iraki csoportok rendszeresen vide\u00f3ra vett\u00e9k a t\u00faszaik lefejez\u00e9s\u00e9t.<br \/>\n    A The New York Times szerint csak kev\u00e9s orsz\u00e1g tagadja meg, hogy v\u00e1lts\u00e1gd\u00edjat fizessen. Ezek k\u00f6z\u00f6tt \u00e9len j\u00e1r az Egyes\u00fclt \u00c1llamok \u00e9s Nagy-Britannia, amelyek azonban &#8211; mint azt az Afganiszt\u00e1nban szabadon engedett amerikai \u0151rmester, Bowe Bergdahl esete is bizony\u00edtja &#8211; szint\u00e9n t\u00e1rgyal\u00e1sokba bocs\u00e1tkoznak a terrorist\u00e1kkal, \u00e1m p\u00e9nzt nem adnak nekik.<br \/>\n    Ennek a d\u00f6nt\u00e9snek s\u00falyos k\u00f6vetkezm\u00e9nyei vannak, mert mik\u00f6zben t\u00f6bb tucat eur\u00f3pai s\u00e9rtetlen\u00fcl kiszabadult, kev\u00e9s amerikai \u00e9s brit \u00e1llampolg\u00e1r \u00e9lte t\u00fal a t\u00faszul ejt\u00e9st. Szak\u00e9rt\u0151k szerint az al-Kaida ma m\u00e1r tudja, hogy mely korm\u00e1nyok hajland\u00f3k fizetni \u00e9s ez t\u00fckr\u00f6z\u0151dik a terrorszervezet &#8222;hivatalos&#8221; \u00e1gai \u00e1ltal az elm\u00falt \u00f6t \u00e9v sor\u00e1n elrabolt 53 t\u00fasz nemzetis\u00e9gi \u00f6sszet\u00e9tel\u00e9ben: mintegy egyharmaduk francia, 20 sz\u00e1zal\u00e9kuk pedig osztr\u00e1k, spanyol \u00e9s sv\u00e1jci \u00e1llampolg\u00e1r.<br \/>\n    Ugyanebben az id\u0151szakban az al-Kaida mind\u00f6ssze h\u00e1rom amerikai \u00e1llampolg\u00e1rt ejtett t\u00faszul. David C. Cohen \u00e1llamtitk\u00e1r szerint az a t\u00e9ny, hogy a terrorszervezet m\u00e1r nem t\u00f6rekszik amerikaiak elfog\u00e1s\u00e1ra, &#8222;tektonikus elmozdul\u00e1st&#8221; jelent az egy \u00e9vtizeddel ezel\u0151tti helyzethez k\u00e9pest.<br \/>\n    Noha nyugati \u00e1llamok hivatalosan t\u00f6bbsz\u00f6r is megfogadt\u00e1k, hogy elvetik a v\u00e1lts\u00e1gd\u00edj-fizet\u00e9st &#8211; a tavalyi G8-cs\u00facson err\u0151l p\u00e9ld\u00e1ul k\u00fcl\u00f6n nyilatkozatot \u00edrtak al\u00e1 &#8211; Franciaorsz\u00e1g, Spanyolorsz\u00e1g \u00e9s Sv\u00e1jc tov\u00e1bbra is a terrorist\u00e1k legjelent\u0151sebb kifizet\u0151i k\u00f6z\u00e9 tartozik. Tavaly p\u00e9ld\u00e1ul Maliban h\u00e1rom francia t\u00fasz elenged\u00e9s\u00e9\u00e9rt mintegy 40 milli\u00f3 doll\u00e1rt fizettek ki.<br \/>\n    Az eur\u00f3pai korm\u00e1nyok \u00e1ltal\u00e1ban seg\u00e9lynek \u00e1lc\u00e1zz\u00e1k a v\u00e1lts\u00e1gd\u00edjak kifizet\u00e9s\u00e9t, vagy k\u00f6zvet\u00edt\u0151k\u00f6n kereszt\u00fcl hajtj\u00e1k v\u00e9gre ezt a m\u0171veletet. A The New York Times szerint az \u00e1llami tulajdonban l\u00e9v\u0151 francia Areva atomenergetikai v\u00e1llalat 2011-ben 12,5, 2013-ban pedig 30 milli\u00f3 eur\u00f3t fizetett \u00f6sszesen \u00f6t francia \u00e9let\u00e9\u00e9rt. (A v\u00e1lts\u00e1gd\u00edj-fizet\u00e9st az Areva sz\u00f3viv\u0151je c\u00e1folta.)<br \/>\n(MTI)<\/p>\n","protected":false},"excerpt":{"rendered":"<p>Glob\u00e1lis \u00fczlet\u00e1gg\u00e1 v\u00e1lt az al-Kaid\u00e1n\u00e1l az eur\u00f3pai \u00e1llampolg\u00e1rok t\u00faszul ejt\u00e9se, mert t\u00f6bb korm\u00e1ny &#8211; noha ezt tagadja &#8211; hajland\u00f3 v\u00e1lts\u00e1gd\u00edjat fizetni a terrorist\u00e1knak &#8211; \u00f6sszegezte szerdai sz\u00e1m\u00e1ban t\u00edz orsz\u00e1gra kiterjed\u0151 t\u00e9nyfelt\u00e1r\u00e1s\u00e1t a The New York Times c\u00edm\u0171 lap.<\/p>\n","protected":false},"author":1,"featured_media":0,"comment_status":"open","ping_status":"closed","sticky":false,"template":"","format":"standard","meta":[],"categories":[16],"tags":[],"_links":{"self":[{"href":"https:\/\/gazdasagportal.hu\/index.php\/wp-json\/wp\/v2\/posts\/40725"}],"collection":[{"href":"https:\/\/gazdasagportal.hu\/index.php\/wp-json\/wp\/v2\/posts"}],"about":[{"href":"https:\/\/gazdasagportal.hu\/index.php\/wp-json\/wp\/v2\/types\/post"}],"author":[{"embeddable":true,"href":"https:\/\/gazdasagportal.hu\/index.php\/wp-json\/wp\/v2\/users\/1"}],"replies":[{"embeddable":true,"href":"https:\/\/gazdasagportal.hu\/index.php\/wp-json\/wp\/v2\/comments?post=40725"}],"version-history":[{"count":1,"href":"https:\/\/gazdasagportal.hu\/index.php\/wp-json\/wp\/v2\/posts\/40725\/revisions"}],"predecessor-version":[{"id":40726,"href":"https:\/\/gazdasagportal.hu\/index.php\/wp-json\/wp\/v2\/posts\/40725\/revisions\/40726"}],"wp:attachment":[{"href":"https:\/\/gazdasagportal.hu\/index.php\/wp-json\/wp\/v2\/media?parent=40725"}],"wp:term":[{"taxonomy":"category","embeddable":true,"href":"https:\/\/gazdasagportal.hu\/index.php\/wp-json\/wp\/v2\/categories?post=40725"},{"taxonomy":"post_tag","embeddable":true,"href":"https:\/\/gazdasagportal.hu\/index.php\/wp-json\/wp\/v2\/tags?post=40725"}],"curies":[{"name":"wp","href":"https:\/\/api.w.org\/{rel}","templated":true}]}}