{"id":40723,"date":"2014-07-31T03:37:59","date_gmt":"2014-07-31T01:37:59","guid":{"rendered":"http:\/\/stockportal.hu\/?p=40723"},"modified":"2014-07-30T21:18:43","modified_gmt":"2014-07-30T19:18:43","slug":"eu-tisztujitas-navracsics-hivatalos-jelolt-az-europai-bizottsagba","status":"publish","type":"post","link":"https:\/\/gazdasagportal.hu\/index.php\/eu-tisztujitas-navracsics-hivatalos-jelolt-az-europai-bizottsagba\/","title":{"rendered":"EU-tiszt\u00faj\u00edt\u00e1s &#8211; Navracsics hivatalos jel\u00f6lt az Eur\u00f3pai Bizotts\u00e1gba"},"content":{"rendered":"<p><strong>Hivatalosan is jel\u00f6lt az eur\u00f3pai uni\u00f3s biztosi tiszts\u00e9gre Navracsics Tibor.<\/strong><!--more--><br \/>\n<div class=\"ads-in-post1\"><div id=\"gazdasagportal.hu_fullbanner_wideboard\"><\/div>\r\n<\/div>\n<p>    A k\u00fclgazdas\u00e1gi \u00e9s k\u00fcl\u00fcgyminiszter ezt szerd\u00e1n Twitter-oldal\u00e1n jelentette be. Ezzel csaknem egy id\u0151ben Havasi Bertalan, a Minisztereln\u00f6ki Sajt\u00f3iroda vezet\u0151je az MTI-nek eljuttatta Orb\u00e1n Viktor minisztereln\u00f6k hivatalos level\u00e9t, amelyben bejelenti Jean-Claude Junckernek, az Eur\u00f3pai Bizotts\u00e1g \u00faj eln\u00f6k\u00e9nek, hogy Navracsics Tibor a magyar jel\u00f6lt.<br \/>\n    Orb\u00e1n Viktor a lev\u00e9lben azt \u00edrta: a k\u00fclgazdas\u00e1gi \u00e9s k\u00fcl\u00fcgyminiszter szak\u00e9rtelme \u00e9s eur\u00f3pai elk\u00f6telezetts\u00e9ge alkalmass\u00e1 teszi a tiszts\u00e9gre.<br \/>\n    Navracsics Tibor a r\u00f6vid, angol nyelv\u0171 Twitter-\u00fczenetben neh\u00e9z feladatnak \u00e9s nagy megtiszteltet\u00e9snek nevezte a hivatalos jel\u00f6lt\u00e9st.<br \/>\n    Az \u00faj \u00f6sszet\u00e9tel\u0171 biztosi test\u00fclet kialak\u00edt\u00e1sa Jean-Claude Juncker j\u00falius 15-i megv\u00e1laszt\u00e1sa ut\u00e1n indult meg. Az Eur\u00f3pai Bizotts\u00e1gba a 28 tagorsz\u00e1g korm\u00e1nyai egy-egy embert jel\u00f6lhetnek.<br \/>\n    Navracsics Tibort hosszabb ideje es\u00e9lyesk\u00e9nt emlegett\u00e9k a tiszts\u00e9gre. Az viszont, hogy milyen t\u00e1rc\u00e1t kaphat majd a br\u00fcsszeli bizotts\u00e1gban, egyel\u0151re nyitott k\u00e9rd\u00e9s, \u00e9s mint a miniszter kor\u00e1bban megjegyezte, tudom\u00e1sa szerint ez nem is kiz\u00e1r\u00f3lag a magyar korm\u00e1nyon m\u00falik. A br\u00fcsszeli h\u00edrek szerint magyar r\u00e9szr\u0151l felmer\u00fclt a b\u0151v\u00edt\u00e9si biztosi tiszts\u00e9g. A t\u00e1rcavezet\u0151 ezzel \u00f6sszef\u00fcgg\u00e9sben kor\u00e1bban azt mondta: sz\u00e1rmaz\u00e1s\u00e1b\u00f3l \u00e9s eddigi p\u00e1ly\u00e1j\u00e1b\u00f3l ad\u00f3d\u00f3an sz\u00edvesen l\u00e1tn\u00e1 el ezt a feladatk\u00f6rt.(MTI)<\/p>\n","protected":false},"excerpt":{"rendered":"<p>Hivatalosan is jel\u00f6lt az eur\u00f3pai uni\u00f3s biztosi tiszts\u00e9gre Navracsics Tibor.<\/p>\n","protected":false},"author":1,"featured_media":0,"comment_status":"open","ping_status":"closed","sticky":false,"template":"","format":"standard","meta":[],"categories":[18],"tags":[],"_links":{"self":[{"href":"https:\/\/gazdasagportal.hu\/index.php\/wp-json\/wp\/v2\/posts\/40723"}],"collection":[{"href":"https:\/\/gazdasagportal.hu\/index.php\/wp-json\/wp\/v2\/posts"}],"about":[{"href":"https:\/\/gazdasagportal.hu\/index.php\/wp-json\/wp\/v2\/types\/post"}],"author":[{"embeddable":true,"href":"https:\/\/gazdasagportal.hu\/index.php\/wp-json\/wp\/v2\/users\/1"}],"replies":[{"embeddable":true,"href":"https:\/\/gazdasagportal.hu\/index.php\/wp-json\/wp\/v2\/comments?post=40723"}],"version-history":[{"count":1,"href":"https:\/\/gazdasagportal.hu\/index.php\/wp-json\/wp\/v2\/posts\/40723\/revisions"}],"predecessor-version":[{"id":40724,"href":"https:\/\/gazdasagportal.hu\/index.php\/wp-json\/wp\/v2\/posts\/40723\/revisions\/40724"}],"wp:attachment":[{"href":"https:\/\/gazdasagportal.hu\/index.php\/wp-json\/wp\/v2\/media?parent=40723"}],"wp:term":[{"taxonomy":"category","embeddable":true,"href":"https:\/\/gazdasagportal.hu\/index.php\/wp-json\/wp\/v2\/categories?post=40723"},{"taxonomy":"post_tag","embeddable":true,"href":"https:\/\/gazdasagportal.hu\/index.php\/wp-json\/wp\/v2\/tags?post=40723"}],"curies":[{"name":"wp","href":"https:\/\/api.w.org\/{rel}","templated":true}]}}