{"id":40714,"date":"2014-07-31T03:33:41","date_gmt":"2014-07-31T01:33:41","guid":{"rendered":"http:\/\/stockportal.hu\/?p=40714"},"modified":"2014-07-30T18:04:25","modified_gmt":"2014-07-30T16:04:25","slug":"tarki-nem-valtoztak-a-politikai-eroviszonyok-juliusban","status":"publish","type":"post","link":"https:\/\/gazdasagportal.hu\/index.php\/tarki-nem-valtoztak-a-politikai-eroviszonyok-juliusban\/","title":{"rendered":"T\u00e1rki: nem v\u00e1ltoztak a politikai er\u0151viszonyok j\u00faliusban"},"content":{"rendered":"<p><strong>A T\u00e1rki j\u00faliusi kutat\u00e1sa nem mutat v\u00e1ltoz\u00e1st a p\u00e1rtpreferenci\u00e1kban: j\u00faliusban &#8211; j\u00faniushoz k\u00e9pest &#8211; egyik p\u00e1rt sem er\u0151s\u00f6d\u00f6tt vagy gyeng\u00fclt sz\u00e1mottev\u0151 m\u00e9rt\u00e9kben, csup\u00e1n a baloldalon bel\u00fcl t\u00f6rt\u00e9nt n\u00e9mi \u00e1trendez\u0151d\u00e9s.<\/strong><!--more--><br \/>\n<div class=\"ads-in-post1\"><div id=\"gazdasagportal.hu_fullbanner_wideboard\"><\/div>\r\n<\/div>\n<p>    A k\u00f6zv\u00e9lem\u00e9ny-kutat\u00f3 c\u00e9g szerdai, az MTI-hez eljuttatott k\u00f6zlem\u00e9nye szerint a havonk\u00e9nti p\u00e1rtpreferencia-vizsg\u00e1latuk az er\u0151viszonyok \u00e9s a kor\u00e1bbi h\u00f3napok eredm\u00e9nyei alapj\u00e1n kirajzol\u00f3d\u00f3 trendek v\u00e1ltozatlans\u00e1g\u00e1t mutatja. A korm\u00e1nyp\u00e1rtok f\u00f6l\u00e9ny\u00e9t sem a jobboldali, sem a baloldali ellenz\u00e9k nem tudja \u00e9rdemben cs\u00f6kkenteni. Hab\u00e1r a baloldalon enyhe mozgol\u00f3d\u00e1s figyelhet\u0151 meg, az egyes p\u00e1rtok t\u00e1mogatotts\u00e1g\u00e1ban nem volt \u00e9rdemi v\u00e1ltoz\u00e1s az elm\u00falt egy h\u00f3napban &#8211; \u00edrta a T\u00e1rki.<br \/>\n    A teljes n\u00e9pess\u00e9gen bel\u00fcl a Fidesz-KDNP j\u00faniusban \u00e9s j\u00faliusban is 34 sz\u00e1zal\u00e9kot \u00e9rt el, az MSZP mindk\u00e9t h\u00f3napban 9, a Jobbik j\u00faniusban 9, j\u00faliusban 10 sz\u00e1zal\u00e9kon \u00e1llt. A Demokratikus Koal\u00edci\u00f3 (DK) \u00e9s az Egy\u00fctt-PM helyet cser\u00e9lt, az el\u0151bbi p\u00e1rt t\u00e1mogatotts\u00e1ga a j\u00faniusi 4 ut\u00e1n 2 sz\u00e1zal\u00e9kra cs\u00f6kkent, m\u00edg ut\u00f3bbi\u00e9 2-r\u0151l 4 sz\u00e1zal\u00e9kra n\u0151tt. Az LMP j\u00faliusban, ak\u00e1rcsak az el\u0151z\u0151 h\u00f3napban, 2 sz\u00e1zal\u00e9kot \u00e9rt el &#8211; t\u00e1j\u00e9koztatott a felm\u00e9r\u00e9s eredm\u00e9ny\u00e9r\u0151l a k\u00f6zv\u00e9lem\u00e9ny-kutat\u00f3. A bizonytalanok \u00e9s a v\u00e1laszukat titkol\u00f3k egy\u00fcttes ar\u00e1nya sem v\u00e1ltozott \u00e9rdemben: j\u00faniusban 39, j\u00faliusban 38 sz\u00e1zal\u00e9k volt.<br \/>\n    Hozz\u00e1tett\u00e9k: &#8222;a p\u00e1rtv\u00e1laszt\u00f3k k\u00f6r\u00e9ben is a v\u00e1ltozatlans\u00e1g jellemz\u0151&#8221;: a korm\u00e1nyp\u00e1rtok 56 ut\u00e1n 55 sz\u00e1zal\u00e9kon, az MSZP 16-ot k\u00f6vet\u0151en 15 sz\u00e1zal\u00e9kon, a Jobbik 15 ut\u00e1n 16 sz\u00e1zal\u00e9kon \u00e1ll j\u00faliusban. A DK \u00e9s az Egy\u00fctt-PM helycser\u00e9je a biztos p\u00e1rtv\u00e1laszt\u00f3kn\u00e1l is megfigyelhet\u0151: el\u0151bbi t\u00e1mogatotts\u00e1ga 6-r\u00f3l 4 sz\u00e1zal\u00e9kra, ut\u00f3bbi\u00e9 4-r\u0151l 6 sz\u00e1zal\u00e9kra v\u00e1ltozott.<br \/>\n    A T\u00e1rki j\u00falius 16-22. k\u00f6z\u00f6tt vette fel kutat\u00e1s\u00e1hoz az adatokat &#8211; t\u00e1j\u00e9koztattak.(MTI)<\/p>\n","protected":false},"excerpt":{"rendered":"<p>A T\u00e1rki j\u00faliusi kutat\u00e1sa nem mutat v\u00e1ltoz\u00e1st a p\u00e1rtpreferenci\u00e1kban: j\u00faliusban &#8211; j\u00faniushoz k\u00e9pest &#8211; egyik p\u00e1rt sem er\u0151s\u00f6d\u00f6tt vagy gyeng\u00fclt sz\u00e1mottev\u0151 m\u00e9rt\u00e9kben, csup\u00e1n a baloldalon bel\u00fcl t\u00f6rt\u00e9nt n\u00e9mi \u00e1trendez\u0151d\u00e9s.<\/p>\n","protected":false},"author":1,"featured_media":0,"comment_status":"open","ping_status":"closed","sticky":false,"template":"","format":"standard","meta":[],"categories":[18],"tags":[],"_links":{"self":[{"href":"https:\/\/gazdasagportal.hu\/index.php\/wp-json\/wp\/v2\/posts\/40714"}],"collection":[{"href":"https:\/\/gazdasagportal.hu\/index.php\/wp-json\/wp\/v2\/posts"}],"about":[{"href":"https:\/\/gazdasagportal.hu\/index.php\/wp-json\/wp\/v2\/types\/post"}],"author":[{"embeddable":true,"href":"https:\/\/gazdasagportal.hu\/index.php\/wp-json\/wp\/v2\/users\/1"}],"replies":[{"embeddable":true,"href":"https:\/\/gazdasagportal.hu\/index.php\/wp-json\/wp\/v2\/comments?post=40714"}],"version-history":[{"count":1,"href":"https:\/\/gazdasagportal.hu\/index.php\/wp-json\/wp\/v2\/posts\/40714\/revisions"}],"predecessor-version":[{"id":40715,"href":"https:\/\/gazdasagportal.hu\/index.php\/wp-json\/wp\/v2\/posts\/40714\/revisions\/40715"}],"wp:attachment":[{"href":"https:\/\/gazdasagportal.hu\/index.php\/wp-json\/wp\/v2\/media?parent=40714"}],"wp:term":[{"taxonomy":"category","embeddable":true,"href":"https:\/\/gazdasagportal.hu\/index.php\/wp-json\/wp\/v2\/categories?post=40714"},{"taxonomy":"post_tag","embeddable":true,"href":"https:\/\/gazdasagportal.hu\/index.php\/wp-json\/wp\/v2\/tags?post=40714"}],"curies":[{"name":"wp","href":"https:\/\/api.w.org\/{rel}","templated":true}]}}