{"id":40620,"date":"2014-07-30T03:34:50","date_gmt":"2014-07-30T01:34:50","guid":{"rendered":"http:\/\/stockportal.hu\/?p=40620"},"modified":"2014-07-29T21:15:47","modified_gmt":"2014-07-29T19:15:47","slug":"malaj-utasszallito-ukran-holland-megallapodas-felfegyverzik-a-nemzetkozi-szakertoket","status":"publish","type":"post","link":"https:\/\/gazdasagportal.hu\/index.php\/malaj-utasszallito-ukran-holland-megallapodas-felfegyverzik-a-nemzetkozi-szakertoket\/","title":{"rendered":"Mal\u00e1j utassz\u00e1ll\u00edt\u00f3 &#8211; Ukr\u00e1n-holland meg\u00e1llapod\u00e1s: felfegyverzik a nemzetk\u00f6zi szak\u00e9rt\u0151ket"},"content":{"rendered":"<p><strong>Enged\u00e9lyezi a fegyvervisel\u00e9st \u00e9s a fegyverhaszn\u00e1latot a mal\u00e1j utassz\u00e1ll\u00edt\u00f3 g\u00e9p katasztr\u00f3f\u00e1j\u00e1t vizsg\u00e1l\u00f3 k\u00fclf\u00f6ldi szak\u00e9rt\u0151knek az az Ukrajna \u00e9s Hollandia k\u00f6z\u00f6tt l\u00e9trej\u00f6tt meg\u00e1llapod\u00e1s, amelyet Petro Porosenko ukr\u00e1n kedden terjesztett j\u00f3v\u00e1hagy\u00e1sra a kijevi parlament el\u00e9.<\/strong><!--more--><br \/>\n<div class=\"ads-in-post1\"><div id=\"gazdasagportal.hu_fullbanner_wideboard\"><\/div>\r\n<\/div>\n<p>    A k\u00fcld\u00f6tts\u00e9g tagjai katonai \u00e9s civil szak\u00e9rt\u0151k Hollandi\u00e1b\u00f3l, Ausztr\u00e1li\u00e1b\u00f3l \u00e9s m\u00e1s olyan orsz\u00e1gokb\u00f3l, amelyeknek \u00e1llampolg\u00e1rai \u00e9let\u00fcket vesztett\u00e9k a l\u00e9gi katasztr\u00f3f\u00e1ban. A meg\u00e1llapod\u00e1s sz\u00f6vege szerint legfeljebb 700 felfegyverzett tagja lehet a misszi\u00f3nak.<br \/>\n    &#8222;A k\u00fcld\u00f6tts\u00e9g szabadon mozoghat Ukrajna ter\u00fclet\u00e9n, szabadon helyet v\u00e1ltozathat, amennyiben azt a l\u00e9gi katasztr\u00f3fa vizsg\u00e1lata indokolja. A misszi\u00f3 tagjainak enged\u00e9lyezett a fegyver visel\u00e9se, valamint er\u0151 alkalmaz\u00e1sa \u00f6nv\u00e9delem, illetve tev\u00e9kenys\u00e9g\u00fck v\u00e9gz\u00e9s\u00e9nek biztos\u00edt\u00e1sa c\u00e9lj\u00e1b\u00f3l&#8221; &#8211; \u00e1ll az eln\u00f6ki honlapon k\u00f6zz\u00e9tett meg\u00e1llapod\u00e1s sz\u00f6veg\u00e9ben.<br \/>\n    A katasztr\u00f3fa kivizsg\u00e1l\u00e1s\u00e1ra Ukrajn\u00e1ba \u00e9rkezett holland \u00e9s ausztr\u00e1l szak\u00e9rt\u0151k a heves harcok miatt kedden, imm\u00e1r a harmadik napon sem tudtak eljutni a lezuhant g\u00e9p roncsaihoz. Kijev \u00e9s a szakad\u00e1rok ek\u00f6zben egym\u00e1st v\u00e1dolj\u00e1k a misszi\u00f3 munk\u00e1j\u00e1nak akad\u00e1lyoz\u00e1s\u00e1val.<br \/>\n    Mark Rutte holland minisztereln\u00f6k kedd reggel felh\u00edvta telefonon az ukr\u00e1n eln\u00f6k\u00f6t, hogy megk\u00e9rje, \u00e1ll\u00edts\u00e1k le a harcokat a szerencs\u00e9tlens\u00e9g helysz\u00edne k\u00f6r\u00fcl. Porosenko meg\u00edg\u00e9rte a korm\u00e1nyf\u0151nek, mindent megtesz az\u00e9rt, hogy a nyomoz\u00f3k eljuthassanak a roncsokhoz.<br \/>\n    A mal\u00e1j utassz\u00e1ll\u00edt\u00f3t feltehet\u0151en rak\u00e9t\u00e1val l\u0151tt\u00e9k le. Erre utalnak Kijev szerint a fekete dobozok adatai, amelyek szerint egy felrobbant rak\u00e9ta repeszei \u00e1ltal okozott er\u0151s nyom\u00e1scs\u00f6kken\u00e9s miatt zuhant le a rep\u00fcl\u0151g\u00e9p j\u00falius 17-\u00e9n Kelet-Ukrajn\u00e1ban, szakad\u00e1rok ellen\u0151rz\u00e9se alatt \u00e1ll\u00f3 ter\u00fcleten. Kijevi felt\u00e9telez\u00e9sek szerint a szeparatist\u00e1k t\u00e9ved\u00e9sb\u0151l l\u0151hett\u00e9k le az utassz\u00e1ll\u00edt\u00f3t, mert ukr\u00e1n katonai g\u00e9pnek v\u00e9lt\u00e9k. A j\u00e1raton tart\u00f3zkod\u00f3 mind a 298 ember &#8211; k\u00f6zt\u00fck 193 holland \u00e1llampolg\u00e1r &#8211; \u00e9let\u00e9t vesztette.(MTI)<\/p>\n","protected":false},"excerpt":{"rendered":"<p>Enged\u00e9lyezi a fegyvervisel\u00e9st \u00e9s a fegyverhaszn\u00e1latot a mal\u00e1j utassz\u00e1ll\u00edt\u00f3 g\u00e9p katasztr\u00f3f\u00e1j\u00e1t vizsg\u00e1l\u00f3 k\u00fclf\u00f6ldi szak\u00e9rt\u0151knek az az Ukrajna \u00e9s Hollandia k\u00f6z\u00f6tt l\u00e9trej\u00f6tt meg\u00e1llapod\u00e1s, amelyet Petro Porosenko ukr\u00e1n kedden terjesztett j\u00f3v\u00e1hagy\u00e1sra a kijevi parlament el\u00e9.<\/p>\n","protected":false},"author":1,"featured_media":0,"comment_status":"open","ping_status":"closed","sticky":false,"template":"","format":"standard","meta":[],"categories":[139],"tags":[],"_links":{"self":[{"href":"https:\/\/gazdasagportal.hu\/index.php\/wp-json\/wp\/v2\/posts\/40620"}],"collection":[{"href":"https:\/\/gazdasagportal.hu\/index.php\/wp-json\/wp\/v2\/posts"}],"about":[{"href":"https:\/\/gazdasagportal.hu\/index.php\/wp-json\/wp\/v2\/types\/post"}],"author":[{"embeddable":true,"href":"https:\/\/gazdasagportal.hu\/index.php\/wp-json\/wp\/v2\/users\/1"}],"replies":[{"embeddable":true,"href":"https:\/\/gazdasagportal.hu\/index.php\/wp-json\/wp\/v2\/comments?post=40620"}],"version-history":[{"count":1,"href":"https:\/\/gazdasagportal.hu\/index.php\/wp-json\/wp\/v2\/posts\/40620\/revisions"}],"predecessor-version":[{"id":40621,"href":"https:\/\/gazdasagportal.hu\/index.php\/wp-json\/wp\/v2\/posts\/40620\/revisions\/40621"}],"wp:attachment":[{"href":"https:\/\/gazdasagportal.hu\/index.php\/wp-json\/wp\/v2\/media?parent=40620"}],"wp:term":[{"taxonomy":"category","embeddable":true,"href":"https:\/\/gazdasagportal.hu\/index.php\/wp-json\/wp\/v2\/categories?post=40620"},{"taxonomy":"post_tag","embeddable":true,"href":"https:\/\/gazdasagportal.hu\/index.php\/wp-json\/wp\/v2\/tags?post=40620"}],"curies":[{"name":"wp","href":"https:\/\/api.w.org\/{rel}","templated":true}]}}