{"id":40618,"date":"2014-07-30T03:12:34","date_gmt":"2014-07-30T01:12:34","guid":{"rendered":"http:\/\/stockportal.hu\/?p=40618"},"modified":"2014-07-29T21:13:51","modified_gmt":"2014-07-29T19:13:51","slug":"ukran-valsag-kerry-oroszorszagnak-latba-kell-vetnie-befolyasat-a-verontas-megallitasa-erdekeben","status":"publish","type":"post","link":"https:\/\/gazdasagportal.hu\/index.php\/ukran-valsag-kerry-oroszorszagnak-latba-kell-vetnie-befolyasat-a-verontas-megallitasa-erdekeben\/","title":{"rendered":"Ukr\u00e1n v\u00e1ls\u00e1g &#8211; Kerry: Oroszorsz\u00e1gnak latba kell vetnie befoly\u00e1s\u00e1t a v\u00e9ront\u00e1s meg\u00e1ll\u00edt\u00e1sa \u00e9rdek\u00e9ben"},"content":{"rendered":"<p><strong>\u00dajabb amerikai \u00e9s eur\u00f3pai szankci\u00f3kat helyezett kil\u00e1t\u00e1sba John Kerry amerikai k\u00fcl\u00fcgyminiszter kedden Washingtonban arra az esetre, ha Oroszorsz\u00e1g nem veti latba befoly\u00e1s\u00e1t az \u00e1ltala felfegyverzett szakad\u00e1rokn\u00e1l a kelet-ukrajnai v\u00e9ront\u00e1s meg\u00e1ll\u00edt\u00e1sa \u00e9rdek\u00e9ben.<\/strong><!--more--><br \/>\n<div class=\"ads-in-post1\"><div id=\"gazdasagportal.hu_fullbanner_wideboard\"><\/div>\r\n<\/div>\n<p>    Kerry a Pavlo Klimkin ukr\u00e1n k\u00fcl\u00fcgyminiszterrel k\u00f6z\u00f6sen megtartott sajt\u00f3t\u00e1j\u00e9koztat\u00f3j\u00e1n \u00fagy fogalmazott: &#8222;t\u00f6red\u00e9knyi bizony\u00edt\u00e9k sincsen&#8221;, amely arra utalna, hogy Oroszorsz\u00e1g az er\u0151szakos cselekm\u00e9nyek megf\u00e9kez\u00e9s\u00e9re t\u00f6rekedne. Szavai szerint ezzel szemben az Egyes\u00fclt \u00c1llamok bizony\u00edtani tudja, hogy Oroszorsz\u00e1g a saj\u00e1t ter\u00fclet\u00e9r\u0151l t\u00fcz\u00e9rs\u00e9ggel \u00e9s rak\u00e9t\u00e1kkal l\u0151tte az ukr\u00e1n korm\u00e1nyer\u0151k \u00e1ll\u00e1sait. (A CNN h\u00edrtelev\u00edzi\u00f3 egy\u00e9bk\u00e9nt amerikai hivatalos forr\u00e1sokra hivatkozva kedden azt jelentette, hogy az ukr\u00e1n hadsereg r\u00f6vid hat\u00f3t\u00e1vols\u00e1g\u00fa ballisztikus rak\u00e9t\u00e1kkal t\u00e1madta a szeparatist\u00e1k \u00e1ll\u00e1sait.)<br \/>\n    John Kerry elfogadhatatlannak nevezte, hogy a szeparatista fegyveresek tov\u00e1bbra sem teszik hozz\u00e1f\u00e9rhet\u0151v\u00e9 a nemzetk\u00f6zi vizsg\u00e1lat sz\u00e1m\u00e1ra a Kelet-Ukrajna felett feltehet\u0151en lel\u0151tt mal\u00e1j utassz\u00e1ll\u00edt\u00f3 g\u00e9p lezuhan\u00e1s\u00e1nak helysz\u00edn\u00e9t, \u00e9s egy\u00fattal az emberi tisztess\u00e9g megd\u00f6bbent\u0151 semmibe v\u00e9tel\u00e9vel v\u00e1dolta meg a szakad\u00e1rokat.<br \/>\n    Az amerikai diplom\u00e1cia vezet\u0151je szerint Kijev k\u00e9sz az azonnali t\u0171zsz\u00fcnetre \u00e9s a t\u00e1rgyal\u00e1sokra.<br \/>\n    Kerry elmondta, hogy Joe Biden amerikai aleln\u00f6k h\u00e9tf\u0151n csaknem 7 milli\u00f3 doll\u00e1rnyi humanit\u00e1rius t\u00e1mogat\u00e1st aj\u00e1nlott fel Arszenyij Jacenyuk ukr\u00e1n minisztereln\u00f6knek a korm\u00e1nyer\u0151k \u00e1ltal visszafoglalt telep\u00fcl\u00e9sek \u00fajj\u00e1\u00e9p\u00edt\u00e9s\u00e9re. Hangs\u00falyozta, hogy az Egyes\u00fclt \u00c1llamok k\u00e9sz seg\u00edts\u00e9get ny\u00fajtani Ukrajn\u00e1nak a gazdas\u00e1gi \u00e9s a demokratikus reformok v\u00e9grehajt\u00e1s\u00e1ban.<br \/>\n    Klimkin a t\u0171zsz\u00fcnet fontoss\u00e1ga mellett fontosnak tartotta Ukrajna ter\u00fcleti \u00e9ps\u00e9g\u00e9nek helyre\u00e1ll\u00edt\u00e1s\u00e1t, a szakad\u00e1rok \u00e1ltal elfogott t\u00faszok kiszabad\u00edt\u00e1s\u00e1t, ak\u00e1rcsak azt, hogy b\u0151v\u00edts\u00e9k az ukr\u00e1n r\u00e9gi\u00f3k hat\u00e1sk\u00f6reit.(MTI)<\/p>\n","protected":false},"excerpt":{"rendered":"<p>\u00dajabb amerikai \u00e9s eur\u00f3pai szankci\u00f3kat helyezett kil\u00e1t\u00e1sba John Kerry amerikai k\u00fcl\u00fcgyminiszter kedden Washingtonban arra az esetre, ha Oroszorsz\u00e1g nem veti latba befoly\u00e1s\u00e1t az \u00e1ltala felfegyverzett szakad\u00e1rokn\u00e1l a kelet-ukrajnai v\u00e9ront\u00e1s meg\u00e1ll\u00edt\u00e1sa \u00e9rdek\u00e9ben.<\/p>\n","protected":false},"author":1,"featured_media":0,"comment_status":"open","ping_status":"closed","sticky":false,"template":"","format":"standard","meta":[],"categories":[139],"tags":[],"_links":{"self":[{"href":"https:\/\/gazdasagportal.hu\/index.php\/wp-json\/wp\/v2\/posts\/40618"}],"collection":[{"href":"https:\/\/gazdasagportal.hu\/index.php\/wp-json\/wp\/v2\/posts"}],"about":[{"href":"https:\/\/gazdasagportal.hu\/index.php\/wp-json\/wp\/v2\/types\/post"}],"author":[{"embeddable":true,"href":"https:\/\/gazdasagportal.hu\/index.php\/wp-json\/wp\/v2\/users\/1"}],"replies":[{"embeddable":true,"href":"https:\/\/gazdasagportal.hu\/index.php\/wp-json\/wp\/v2\/comments?post=40618"}],"version-history":[{"count":1,"href":"https:\/\/gazdasagportal.hu\/index.php\/wp-json\/wp\/v2\/posts\/40618\/revisions"}],"predecessor-version":[{"id":40619,"href":"https:\/\/gazdasagportal.hu\/index.php\/wp-json\/wp\/v2\/posts\/40618\/revisions\/40619"}],"wp:attachment":[{"href":"https:\/\/gazdasagportal.hu\/index.php\/wp-json\/wp\/v2\/media?parent=40618"}],"wp:term":[{"taxonomy":"category","embeddable":true,"href":"https:\/\/gazdasagportal.hu\/index.php\/wp-json\/wp\/v2\/categories?post=40618"},{"taxonomy":"post_tag","embeddable":true,"href":"https:\/\/gazdasagportal.hu\/index.php\/wp-json\/wp\/v2\/tags?post=40618"}],"curies":[{"name":"wp","href":"https:\/\/api.w.org\/{rel}","templated":true}]}}