{"id":40610,"date":"2014-07-30T06:06:32","date_gmt":"2014-07-30T04:06:32","guid":{"rendered":"http:\/\/stockportal.hu\/?p=40610"},"modified":"2014-07-29T21:07:21","modified_gmt":"2014-07-29T19:07:21","slug":"versenyhivatali-eljaras-indult-a-sanofi-aventis-ellen","status":"publish","type":"post","link":"https:\/\/gazdasagportal.hu\/index.php\/versenyhivatali-eljaras-indult-a-sanofi-aventis-ellen\/","title":{"rendered":"Versenyhivatali elj\u00e1r\u00e1s indult a Sanofi-Aventis ellen"},"content":{"rendered":"<p><strong>A Gazdas\u00e1gi Versenyhivatal (GVH) j\u00falius 22-\u00e9n versenyfel\u00fcgyeleti elj\u00e1r\u00e1st ind\u00edtott a Sanofi-Aventis Magyarorsz\u00e1g Zrt.-vel szemben, els\u0151 l\u00e9p\u00e9sk\u00e9nt a v\u00e1llalkoz\u00e1s sz\u00e9khely\u00e9n helysz\u00edni kutat\u00e1st tartottak a GVH munkat\u00e1rsai &#8211; k\u00f6z\u00f6lte a versenyhat\u00f3s\u00e1g kedden az MTI-vel. A Sanofi keddi k\u00f6zlem\u00e9nye szerint a t\u00e1rsas\u00e1gnak meggy\u0151z\u0151d\u00e9se, hogy minden esetben betartja az alkalmazand\u00f3 el\u0151\u00edr\u00e1sokat \u00e9s jogszab\u00e1lyokat.<\/strong><!--more--><br \/>\n<div class=\"ads-in-post1\"><div id=\"gazdasagportal.hu_fullbanner_wideboard\"><\/div>\r\n<\/div>\n<p>    A GVH a rendelkez\u00e9s\u00e9re \u00e1ll\u00f3 adatok alapj\u00e1n \u00e9szlelte, hogy a Sanofi-Aventis Magyarorsz\u00e1g Kereskedelmi \u00e9s Szolg\u00e1ltat\u00f3 Zrt. visszautas\u00edtotta a gy\u00f3gyszerforgalmaz\u00e1sra vonatkoz\u00f3 szerz\u0151d\u00e9s megk\u00f6t\u00e9s\u00e9t egy gy\u00f3gyszer-nagykeresked\u0151 v\u00e1llalkoz\u00e1ssal. A Sanofi-Aventis t\u00f6bb olyan gy\u00f3gyszert is forgalmaz, amelyek kulcsfontoss\u00e1g\u00faak a gy\u00f3gyszer-nagykeresked\u0151k versenyk\u00e9pes k\u00edn\u00e1lat\u00e1nak szempontj\u00e1b\u00f3l \u00e9s amely gy\u00f3gyszerek piac\u00e1n fenn\u00e1llhat a t\u00e1rsas\u00e1g gazdas\u00e1gi er\u0151f\u00f6l\u00e9nyes poz\u00edci\u00f3ja.<br \/>\n    Felmer\u00fclt annak a gyan\u00faja is, hogy a Sanofi-Aventis Magyarorsz\u00e1g Zrt. olyan gyakorlatot alkalmaz a gy\u00f3gyszer-nagykereskedelmi partnerei kiv\u00e1laszt\u00e1sa sor\u00e1n, amelyben a kiv\u00e1laszt\u00e1s nem a kapcsolat v\u00e1rhat\u00f3 t\u00e9nyleges gazdas\u00e1gi hat\u00e9konys\u00e1g\u00e1nak meg\u00edt\u00e9l\u00e9s\u00e9n alapul. \u00cdgy a piaci szerepl\u0151k k\u00f6z\u00fcl az inkumbens &#8211; a liberaliz\u00e1l\u00e1s el\u0151tt a piacon akt\u00edv &#8211; c\u00e9geket indokolatlanul h\u00e1tr\u00e1nyos helyzetbe hozza.<br \/>\n    A GVH gyan\u00faja szerint a fenti magatart\u00e1s\u00e1val a Sanofi felt\u00e9telezhet\u0151en megs\u00e9rtette a versenyt\u00f6rv\u00e9ny, valamint az Eur\u00f3pai Uni\u00f3 m\u0171k\u00f6d\u00e9s\u00e9r\u0151l sz\u00f3l\u00f3 szerz\u0151d\u00e9s er\u0151f\u00f6l\u00e9nnyel val\u00f3 vissza\u00e9l\u00e9s tilalm\u00e1ra vonatkoz\u00f3 rendelkez\u00e9seit.<br \/>\n    A helysz\u00edni kutat\u00e1s lehet\u0151s\u00e9g\u00e9t a GVH sz\u00e1m\u00e1ra a versenyt\u00f6rv\u00e9ny biztos\u00edtja, de a helysz\u00edni kutat\u00e1shoz el\u0151zetes b\u00edr\u00f3s\u00e1gi j\u00f3v\u00e1hagy\u00e1s sz\u00fcks\u00e9ges.<br \/>\n    A versenyfel\u00fcgyeleti elj\u00e1r\u00e1s megind\u00edt\u00e1sa nem jelenti annak kimond\u00e1s\u00e1t, hogy a v\u00e1llalkoz\u00e1s a jogs\u00e9rt\u00e9st elk\u00f6vette. Az elj\u00e1r\u00e1s a t\u00e9nyek tiszt\u00e1z\u00e1s\u00e1ra \u00e9s ezen kereszt\u00fcl a felt\u00e9telezett jogs\u00e9rt\u00e9s elk\u00f6vet\u00e9s\u00e9nek bizony\u00edt\u00e1s\u00e1ra ir\u00e1nyul. A t\u00f6rv\u00e9ny szerint a most megind\u00edtott elj\u00e1r\u00e1sok lefolytat\u00e1s\u00e1ra biztos\u00edtott id\u0151tartam 6 h\u00f3nap, amely azonban &#8211; az \u00fcgy bonyolults\u00e1g\u00e1t\u00f3l f\u00fcgg\u0151en &#8211; k\u00e9t alkalommal, szint\u00e9n 6 h\u00f3nappal meghosszabb\u00edthat\u00f3.<br \/>\n    A Sanofi kedd esti, az MTI-hez eljuttatott k\u00f6zlem\u00e9nye szerint a t\u00e1rsas\u00e1g teljes m\u00e9rt\u00e9kben egy\u00fcttm\u0171k\u00f6dik a Gazdas\u00e1gi Versenyhivatallal, minden sz\u00fcks\u00e9ges dokumentumot rendelkez\u00e9sre bocs\u00e1t a vizsg\u00e1lat lefolytat\u00e1sa \u00e9rdek\u00e9ben. A t\u00e1rsas\u00e1g meggy\u0151z\u0151d\u00e9se, hogy minden esetben betartja az alkalmazand\u00f3 el\u0151\u00edr\u00e1sokat \u00e9s jogszab\u00e1lyokat &#8211; hangs\u00falyozt\u00e1k a k\u00f6zlem\u00e9nyben.(MTI)<\/p>\n","protected":false},"excerpt":{"rendered":"<p>A Gazdas\u00e1gi Versenyhivatal (GVH) j\u00falius 22-\u00e9n versenyfel\u00fcgyeleti elj\u00e1r\u00e1st ind\u00edtott a Sanofi-Aventis Magyarorsz\u00e1g Zrt.-vel szemben, els\u0151 l\u00e9p\u00e9sk\u00e9nt a v\u00e1llalkoz\u00e1s sz\u00e9khely\u00e9n helysz\u00edni kutat\u00e1st tartottak a GVH munkat\u00e1rsai &#8211; k\u00f6z\u00f6lte a versenyhat\u00f3s\u00e1g kedden az MTI-vel. A Sanofi keddi k\u00f6zlem\u00e9nye szerint a t\u00e1rsas\u00e1gnak meggy\u0151z\u0151d\u00e9se, hogy minden esetben betartja az alkalmazand\u00f3 el\u0151\u00edr\u00e1sokat \u00e9s jogszab\u00e1lyokat.<\/p>\n","protected":false},"author":1,"featured_media":0,"comment_status":"open","ping_status":"closed","sticky":false,"template":"","format":"standard","meta":[],"categories":[19],"tags":[],"_links":{"self":[{"href":"https:\/\/gazdasagportal.hu\/index.php\/wp-json\/wp\/v2\/posts\/40610"}],"collection":[{"href":"https:\/\/gazdasagportal.hu\/index.php\/wp-json\/wp\/v2\/posts"}],"about":[{"href":"https:\/\/gazdasagportal.hu\/index.php\/wp-json\/wp\/v2\/types\/post"}],"author":[{"embeddable":true,"href":"https:\/\/gazdasagportal.hu\/index.php\/wp-json\/wp\/v2\/users\/1"}],"replies":[{"embeddable":true,"href":"https:\/\/gazdasagportal.hu\/index.php\/wp-json\/wp\/v2\/comments?post=40610"}],"version-history":[{"count":1,"href":"https:\/\/gazdasagportal.hu\/index.php\/wp-json\/wp\/v2\/posts\/40610\/revisions"}],"predecessor-version":[{"id":40611,"href":"https:\/\/gazdasagportal.hu\/index.php\/wp-json\/wp\/v2\/posts\/40610\/revisions\/40611"}],"wp:attachment":[{"href":"https:\/\/gazdasagportal.hu\/index.php\/wp-json\/wp\/v2\/media?parent=40610"}],"wp:term":[{"taxonomy":"category","embeddable":true,"href":"https:\/\/gazdasagportal.hu\/index.php\/wp-json\/wp\/v2\/categories?post=40610"},{"taxonomy":"post_tag","embeddable":true,"href":"https:\/\/gazdasagportal.hu\/index.php\/wp-json\/wp\/v2\/tags?post=40610"}],"curies":[{"name":"wp","href":"https:\/\/api.w.org\/{rel}","templated":true}]}}