{"id":40604,"date":"2014-07-29T21:01:40","date_gmt":"2014-07-29T19:01:40","guid":{"rendered":"http:\/\/stockportal.hu\/?p=40604"},"modified":"2014-07-29T21:01:40","modified_gmt":"2014-07-29T19:01:40","slug":"vihar-tomegesen-kapnak-bejelenteseket-a-tuzoltok-a-fovarosbol","status":"publish","type":"post","link":"https:\/\/gazdasagportal.hu\/index.php\/vihar-tomegesen-kapnak-bejelenteseket-a-tuzoltok-a-fovarosbol\/","title":{"rendered":"Vihar &#8211; T\u00f6megesen kapnak bejelent\u00e9seket a t\u0171zolt\u00f3k a f\u0151v\u00e1rosb\u00f3l"},"content":{"rendered":"<p><strong>T\u00f6megesen kapnak bejelent\u00e9seket az illet\u00e9kesek a kedden a f\u0151v\u00e1ros egy r\u00e9sz\u00e9t \u00e9rint\u0151 vihar miatt &#8211; k\u00f6z\u00f6lte a katasztr\u00f3fav\u00e9delem kedd este az MTI-vel.<\/strong><!--more--><br \/>\n<div class=\"ads-in-post1\"><div id=\"gazdasagportal.hu_fullbanner_wideboard\"><\/div>\r\n<\/div>\n<p>    A k\u00f6zlem\u00e9ny szerint eddig 78 bejelent\u00e9s \u00e9rkezett, f\u0151k\u00e9nt a IV. \u00e9s a XV. ker\u00fcletb\u0151l, k\u00f6z\u00fcl\u00fck hetven esetben m\u00e9g dolgoznak a szakemberek.<br \/>\n    Az eddig megoldott v\u00e9szhelyzetek z\u00f6me v\u00edzbet\u00f6r\u00e9s volt a hirtelen j\u00f6tt csapad\u00e9k miatt, de t\u00f6bb helyen a kid\u0151lt f\u00e1k, a leszakad\u00f3 \u00e1gak \u00e9s megrong\u00e1l\u00f3dott oszlopok, vezet\u00e9kek okoztak probl\u00e9m\u00e1t.<br \/>\n    A k\u00e1relh\u00e1r\u00edt\u00e1sban csaknem hatvan t\u0171zolt\u00f3 dolgozik, \u00e9s az \u00f6nk\u00e9ntes egyes\u00fcleteket is bevont\u00e1k az elh\u00e1r\u00edt\u00e1sba &#8211; tett\u00e9k hozz\u00e1.<br \/>\n    T\u00f6bb aut\u00f3 is elakadt a IV. \u00e9s a XV. ker\u00fclet hat\u00e1r\u00e1n tal\u00e1lhat\u00f3 \u00c1rp\u00e1d \u00fati fel\u00fclj\u00e1r\u00f3 k\u00f6rny\u00e9k\u00e9n a hirtelen felgy\u0171lt csapad\u00e9kv\u00edzben &#8211; \u00edrta a katasztr\u00f3fav\u00e9delem. Az els\u0151 inform\u00e1ci\u00f3k szerint az utasoknak siker\u00fclt elhagyniuk a j\u00e1rm\u0171veket &#8211; tett\u00e9k hozz\u00e1.<br \/>\n    A katasztr\u00f3fav\u00e9delem k\u00f6zlem\u00e9nye szerint vill\u00e1m csapott egy t\u00e1rsash\u00e1z k\u00e9m\u00e9ny\u00e9be a XVI. ker\u00fcleti Baross utc\u00e1ban. A k\u00e9m\u00e9ny led\u0151lt \u00e9s megrong\u00e1lta a tet\u0151t, de senki nem s\u00e9r\u00fclt meg a balesetben &#8211; \u00edrt\u00e1k.(MTI)<\/p>\n","protected":false},"excerpt":{"rendered":"<p>T\u00f6megesen kapnak bejelent\u00e9seket az illet\u00e9kesek a kedden a f\u0151v\u00e1ros egy r\u00e9sz\u00e9t \u00e9rint\u0151 vihar miatt &#8211; k\u00f6z\u00f6lte a katasztr\u00f3fav\u00e9delem kedd este az MTI-vel.<\/p>\n","protected":false},"author":1,"featured_media":0,"comment_status":"open","ping_status":"closed","sticky":false,"template":"","format":"standard","meta":[],"categories":[4,151],"tags":[],"_links":{"self":[{"href":"https:\/\/gazdasagportal.hu\/index.php\/wp-json\/wp\/v2\/posts\/40604"}],"collection":[{"href":"https:\/\/gazdasagportal.hu\/index.php\/wp-json\/wp\/v2\/posts"}],"about":[{"href":"https:\/\/gazdasagportal.hu\/index.php\/wp-json\/wp\/v2\/types\/post"}],"author":[{"embeddable":true,"href":"https:\/\/gazdasagportal.hu\/index.php\/wp-json\/wp\/v2\/users\/1"}],"replies":[{"embeddable":true,"href":"https:\/\/gazdasagportal.hu\/index.php\/wp-json\/wp\/v2\/comments?post=40604"}],"version-history":[{"count":1,"href":"https:\/\/gazdasagportal.hu\/index.php\/wp-json\/wp\/v2\/posts\/40604\/revisions"}],"predecessor-version":[{"id":40605,"href":"https:\/\/gazdasagportal.hu\/index.php\/wp-json\/wp\/v2\/posts\/40604\/revisions\/40605"}],"wp:attachment":[{"href":"https:\/\/gazdasagportal.hu\/index.php\/wp-json\/wp\/v2\/media?parent=40604"}],"wp:term":[{"taxonomy":"category","embeddable":true,"href":"https:\/\/gazdasagportal.hu\/index.php\/wp-json\/wp\/v2\/categories?post=40604"},{"taxonomy":"post_tag","embeddable":true,"href":"https:\/\/gazdasagportal.hu\/index.php\/wp-json\/wp\/v2\/tags?post=40604"}],"curies":[{"name":"wp","href":"https:\/\/api.w.org\/{rel}","templated":true}]}}