{"id":40600,"date":"2014-07-30T03:55:13","date_gmt":"2014-07-30T01:55:13","guid":{"rendered":"http:\/\/stockportal.hu\/?p=40600"},"modified":"2014-07-29T20:56:10","modified_gmt":"2014-07-29T18:56:10","slug":"ukran-valsag-elozetes-megallapodas-az-oroszorszag-elleni-gazdasagi-szankciokrol","status":"publish","type":"post","link":"https:\/\/gazdasagportal.hu\/index.php\/ukran-valsag-elozetes-megallapodas-az-oroszorszag-elleni-gazdasagi-szankciokrol\/","title":{"rendered":"Ukr\u00e1n v\u00e1ls\u00e1g &#8211; El\u0151zetes meg\u00e1llapod\u00e1s az Oroszorsz\u00e1g elleni gazdas\u00e1gi szankci\u00f3kr\u00f3l"},"content":{"rendered":"<p><strong>El\u0151zetes meg\u00e1llapod\u00e1s sz\u00fcletett kedden az Eur\u00f3pai Uni\u00f3 tag\u00e1llamainak nagyk\u00f6vetei k\u00f6z\u00f6tt az Oroszorsz\u00e1ggal szemben bevezetend\u0151 sz\u00e9les k\u00f6r\u0171 gazdas\u00e1gi szankci\u00f3kr\u00f3l &#8211; k\u00f6z\u00f6lt\u00e9k diplom\u00e1ciai forr\u00e1sok.<\/strong><!--more--><br \/>\n<div class=\"ads-in-post1\"><div id=\"gazdasagportal.hu_fullbanner_wideboard\"><\/div>\r\n<\/div>\n<p>    Az Eur\u00f3pai Uni\u00f3 k\u00fcl\u00fcgyminiszterei a m\u00falt h\u00e9ten hat\u00e1roztak arr\u00f3l, hogy el\u0151 kell k\u00e9sz\u00edteni olyan b\u00fcntet\u0151int\u00e9zked\u00e9seket, amelyekkel korl\u00e1tozhat\u00f3 Oroszorsz\u00e1g hozz\u00e1f\u00e9r\u00e9se a t\u0151kepiacokhoz, a v\u00e9delmi szektor term\u00e9keihez, valamint az \u00fagynevezett kett\u0151s felhaszn\u00e1l\u00e1s\u00fa term\u00e9kekhez, amelyeket katonai, rend\u00e9szeti \u00e9s polg\u00e1ri c\u00e9lokra is lehet haszn\u00e1lni, tov\u00e1bb\u00e1 az \u00fagynevezett \u00e9rz\u00e9keny term\u00e9kekhez, bele\u00e9rtve az energiaszektorban haszn\u00e1latos technol\u00f3gi\u00e1kat is.<br \/>\n    A v\u00e9delmi c\u00e9l\u00fa term\u00e9kek, jobb\u00e1ra fegyverek Oroszorsz\u00e1gba ir\u00e1nyul\u00f3 exportj\u00e1nak tilalma a meg\u00e1llapod\u00e1st ismer\u0151k szerint kiz\u00e1r\u00f3lag az \u00faj szerz\u0151d\u00e9sekre vonatkozik majd, \u00edgy p\u00e9ld\u00e1ul nem \u00e9rinti k\u00f6zvetlen\u00fcl azt a m\u00e1r hat\u00e1lyos szerz\u0151d\u00e9st, melynek \u00e9rtelm\u00e9ben Franciaorsz\u00e1g k\u00e9t Mistral t\u00edpus\u00fa hadihaj\u00f3t sz\u00e1ll\u00edt Oroszorsz\u00e1gnak. Az energiaszektorban a szankci\u00f3k a m\u00e9lytengeri \u00e9s sarkvid\u00e9ki olajf\u00far\u00e1sokhoz sz\u00fcks\u00e9ges technol\u00f3gi\u00e1kat \u00e9rintik, a f\u00f6ldg\u00e1zkitermel\u00e9st egyel\u0151re nem. A p\u00e9nz\u00fcgyi szankci\u00f3k egyel\u0151re azt jelentik, hogy mostant\u00f3l az Eur\u00f3pai Uni\u00f3ban sem mag\u00e1nszem\u00e9lyek, sem m\u00e1s, \u00edgy bankok \u00e9s v\u00e1llalatok sem v\u00e1s\u00e1rolhatnak vagy adhatnak el orosz \u00e1llami tulajdonban l\u00e9v\u0151 v\u00e1llalatok vagy fejleszt\u00e9si bankok \u00e1ltal kibocs\u00e1tott \u00faj k\u00f6tv\u00e9nyeket vagy r\u00e9szv\u00e9nyeket.<br \/>\n    Egy neve elhallgat\u00e1s\u00e1t k\u00e9r\u0151 magas rang\u00fa tisztvisel\u0151 \u00fagy nyilatkozott, hogy a b\u00fcntet\u0151int\u00e9zked\u00e9sek cs\u00fct\u00f6rt\u00f6k\u00f6n vagy p\u00e9nteken l\u00e9phetnek hat\u00e1lyba, \u00e9s h\u00e1rom h\u00f3nap m\u00falva vizsg\u00e1lj\u00e1k majd fel\u00fcl \u0151ket. A n\u00e9v n\u00e9lk\u00fcl nyilatkoz\u00f3 magas rang\u00fa tisztvisel\u0151 arra is kit\u00e9rt, hogy a szankci\u00f3k szigor\u00edt\u00e1s\u00e1nak vagy laz\u00edt\u00e1s\u00e1nak sz\u00fcks\u00e9gess\u00e9g\u00e9t is folyamatosan \u00e9rt\u00e9keli majd az Eur\u00f3pai Uni\u00f3, emellett pedig egy \u00e9v m\u00falva, ha sz\u00fcks\u00e9ges, meg kell majd \u00faj\u00edtani az int\u00e9zked\u00e9seket.<br \/>\n    A b\u00fcntet\u0151int\u00e9zked\u00e9sek elfogad\u00e1s\u00e1t k\u00f6vet\u0151en p\u00e1r \u00f3r\u00e1val k\u00f6z\u00f6s k\u00f6zlem\u00e9nyt adott ki Herman Van Rompuy, az Eur\u00f3pai Tan\u00e1cs eln\u00f6ke, valamint Jos\u00e9 Manuel Barroso, az Eur\u00f3pai Bizotts\u00e1g vezet\u0151je, amelyben azt \u00edrj\u00e1k: a szankci\u00f3k elfogad\u00e1sa er\u0151teljes figyelmeztet\u00e9s, hogy egy szuver\u00e9n \u00e1llam ter\u00fclet\u00e9nek t\u00f6rv\u00e9nytelen elcsatol\u00e1sa \u00e9s sz\u00e1nd\u00e9kos destabiliz\u00e1l\u00e1sa elfogadhatatlan a XXI. sz\u00e1zadi Eur\u00f3p\u00e1ban. A k\u00e9t uni\u00f3s vezet\u0151 lesz\u00f6gezi: gyors \u00e9s hat\u00e1rozott v\u00e1laszra van sz\u00fcks\u00e9g, mikor az er\u0151szak kics\u00faszik az ellen\u0151rz\u00e9s al\u00f3l, \u00e9s 300 \u00e1rtatlan civil \u00e9let\u00e9t k\u00f6veteli, akik Hollandi\u00e1b\u00f3l Malajzi\u00e1ba tartottak.<br \/>\n    &#8222;Az Eur\u00f3pai Uni\u00f3 teljes\u00edti k\u00f6teless\u00e9g\u00e9t, megv\u00e9di \u00e9s szavatolja polg\u00e1rai biztons\u00e1g\u00e1t, valamint ki\u00e1ll szomsz\u00e9dai \u00e9s partnerei mellett&#8221; &#8211; sz\u00f6gezi le k\u00f6zlem\u00e9ny\u00e9ben Van Rompuy \u00e9s Barroso.<br \/>\n    A k\u00f6zlem\u00e9ny eml\u00e9keztet, hogy az EU kollekt\u00edv form\u00e1ban \u00e9s k\u00e9toldal\u00fa tal\u00e1lkoz\u00f3k alkalm\u00e1val is t\u00f6bbsz\u00f6r k\u00e9rte Moszkv\u00e1t, hogy seg\u00edtse el\u0151 a b\u00e9k\u00e9s rendez\u00e9st, \u00e1m a Moszkv\u00e1b\u00f3l \u00e9rkez\u0151 vegyes \u00fczenetek dac\u00e1ra &#8222;a v\u00e1llalt k\u00f6telezetts\u00e9gek teljes\u00edt\u00e9se el\u00e9gtelen maradt&#8221;.<br \/>\n    &#8222;Felsz\u00f3l\u00edt\u00e1saink gyakorlatilag v\u00e1lasz n\u00e9lk\u00fcl maradtak&#8221; &#8211; \u00edrj\u00e1k k\u00f6zlem\u00e9ny\u00fckben a politikusok, akik szerint a fegyverek \u00e9s fegyveresek tov\u00e1bbra is akad\u00e1lytalanul \u00e1ramlanak Oroszorsz\u00e1gb\u00f3l Kelet-Ukrajn\u00e1ba, az er\u0151teljes orosz \u00e1llami t\u00e1mogat\u00e1st \u00e9lvez\u0151 nacionalista propaganda pedig tov\u00e1bbra is a t\u00f6rv\u00e9nyellenesen tev\u00e9kenyked\u0151 fegyveres szeparatist\u00e1k mellett \u00e1ll ki.<br \/>\n    &#8222;D\u00fch\u00f6sen \u00e9s frusztr\u00e1ltan szeml\u00e9lt\u00fck, hogy k\u00e9sik a nemzetk\u00f6zi hozz\u00e1f\u00e9r\u00e9s biztos\u00edt\u00e1sa a l\u00e9gi katasztr\u00f3fa helysz\u00edn\u00e9hez, hogy a roncsokat manipul\u00e1lj\u00e1k, az elhunytakkal pedig tiszteletlen\u00fcl b\u00e1nnak&#8221; &#8211; \u00e1ll a k\u00f6zlem\u00e9nyben.<br \/>\n    Van Rompuy \u00e9s Barroso azt is vil\u00e1goss\u00e1 teszi: a b\u00fcntet\u0151int\u00e9zked\u00e9sek leg\u00fajabb k\u00f6re azt az er\u0151teljes \u00fczenetet k\u00fcldi az orosz vezet\u0151knek, hogy Ukrajna vagy b\u00e1rmely kelet-eur\u00f3pai szomsz\u00e9dos \u00e1llam destabiliz\u00e1l\u00e1s\u00e1\u00e9rt az orosz gazdas\u00e1g s\u00falyos \u00e1rat lesz k\u00e9nytelen fizetni.<br \/>\n    &#8222;Oroszorsz\u00e1g azt fogja tapasztalni, hogy saj\u00e1t l\u00e9p\u00e9sei r\u00e9v\u00e9n mind jobban elszigetel\u0151dik&#8221; &#8211; h\u00fazza al\u00e1 Herman Van Rompuy \u00e9s Jos\u00e9 Manuel Barroso.<br \/>\n    Az uni\u00f3s vezet\u0151k azzal z\u00e1rj\u00e1k mondand\u00f3jukat: az EU k\u00e9szen \u00e1ll arra, hogy a szankci\u00f3kat visszavonja, ha Oroszorsz\u00e1g akt\u00edvan \u00e9s egy\u00e9rtelm\u0171en hozz\u00e1j\u00e1rul az ukr\u00e1n v\u00e1ls\u00e1g megold\u00e1s\u00e1hoz.<br \/>\n    Az Eur\u00f3pai Uni\u00f3 legf\u0151bb d\u00f6nt\u00e9shoz\u00f3 test\u00fclete, az \u00e1llam- illetve korm\u00e1nyf\u0151ket t\u00f6m\u00f6r\u00edt\u0151 Eur\u00f3pai Tan\u00e1cs m\u00e1rciusban d\u00f6nt\u00f6tt \u00fagy, hogy h\u00e1rom l\u00e9pcs\u0151ben vezethetnek be szankci\u00f3kat Oroszorsz\u00e1ggal szemben az ukr\u00e1n v\u00e1ls\u00e1gban j\u00e1tszott szerepe, a Kr\u00edm elcsatol\u00e1sa, Kelet-Ukrajna destabiliz\u00e1l\u00e1sa, valamint az orsz\u00e1g ter\u00fcleti egys\u00e9g\u00e9nek, f\u00fcggetlens\u00e9g\u00e9nek \u00e9s szuverenit\u00e1s\u00e1nak vesz\u00e9lyeztet\u00e9se miatt.<br \/>\n    Els\u0151 l\u00e9p\u00e9sk\u00e9nt felf\u00fcggesztett\u00e9k a gyakorlati egy\u00fcttm\u0171k\u00f6d\u00e9st, a k\u00e9toldal\u00fa uni\u00f3s \u00e9s tag\u00e1llami cs\u00facstal\u00e1lkoz\u00f3kat. M\u00e1sodik l\u00e9p\u00e9sk\u00e9nt szem\u00e9lyek, majd k\u00e9s\u0151bb v\u00e1llalatok \u00e9s szervezetek ellen rendeltek el vagyonbefagyaszt\u00e1st az uni\u00f3ban, valamint el\u0151bbiek eset\u00e9ben beutaz\u00e1si tilalmat is. A kil\u00e1t\u00e1sba helyezett szankci\u00f3k harmadik szakasza az \u00e1tfog\u00f3, sz\u00e9lesk\u00f6r\u0171 gazdas\u00e1gi szankci\u00f3kat jelenti, amely egy neve elhallgat\u00e1s\u00e1t k\u00e9r\u0151 diplomata szerint gazdas\u00e1gi h\u00e1bor\u00faval \u00e9rhet fel.<br \/>\n    P\u00e1r \u00f3r\u00e1val kor\u00e1bban a nagyk\u00f6vetek arr\u00f3l is hat\u00e1roztak, hogy n\u00e9gy tov\u00e1bbi ember ellen rendelnek el beutaz\u00e1si tilalmat \u00e9s vagyonbefagyaszt\u00e1st. H\u00e1rman k\u00f6z\u00fcl\u00fck &#8211; uni\u00f3s forr\u00e1sok szerint &#8211; Vlagyimir Putyin bels\u0151 k\u00f6r\u00e9hez tartoznak, a negyedik pedig donyecki. Emellett n\u00e9gy jogi szem\u00e9ly vagyon\u00e1nak z\u00e1rol\u00e1s\u00e1t is elrendelt\u00e9k.(MTI)<\/p>\n","protected":false},"excerpt":{"rendered":"<p>El\u0151zetes meg\u00e1llapod\u00e1s sz\u00fcletett kedden az Eur\u00f3pai Uni\u00f3 tag\u00e1llamainak nagyk\u00f6vetei k\u00f6z\u00f6tt az Oroszorsz\u00e1ggal szemben bevezetend\u0151 sz\u00e9les k\u00f6r\u0171 gazdas\u00e1gi szankci\u00f3kr\u00f3l &#8211; k\u00f6z\u00f6lt\u00e9k diplom\u00e1ciai forr\u00e1sok.<\/p>\n","protected":false},"author":1,"featured_media":0,"comment_status":"open","ping_status":"closed","sticky":false,"template":"","format":"standard","meta":[],"categories":[139],"tags":[],"_links":{"self":[{"href":"https:\/\/gazdasagportal.hu\/index.php\/wp-json\/wp\/v2\/posts\/40600"}],"collection":[{"href":"https:\/\/gazdasagportal.hu\/index.php\/wp-json\/wp\/v2\/posts"}],"about":[{"href":"https:\/\/gazdasagportal.hu\/index.php\/wp-json\/wp\/v2\/types\/post"}],"author":[{"embeddable":true,"href":"https:\/\/gazdasagportal.hu\/index.php\/wp-json\/wp\/v2\/users\/1"}],"replies":[{"embeddable":true,"href":"https:\/\/gazdasagportal.hu\/index.php\/wp-json\/wp\/v2\/comments?post=40600"}],"version-history":[{"count":1,"href":"https:\/\/gazdasagportal.hu\/index.php\/wp-json\/wp\/v2\/posts\/40600\/revisions"}],"predecessor-version":[{"id":40601,"href":"https:\/\/gazdasagportal.hu\/index.php\/wp-json\/wp\/v2\/posts\/40600\/revisions\/40601"}],"wp:attachment":[{"href":"https:\/\/gazdasagportal.hu\/index.php\/wp-json\/wp\/v2\/media?parent=40600"}],"wp:term":[{"taxonomy":"category","embeddable":true,"href":"https:\/\/gazdasagportal.hu\/index.php\/wp-json\/wp\/v2\/categories?post=40600"},{"taxonomy":"post_tag","embeddable":true,"href":"https:\/\/gazdasagportal.hu\/index.php\/wp-json\/wp\/v2\/tags?post=40600"}],"curies":[{"name":"wp","href":"https:\/\/api.w.org\/{rel}","templated":true}]}}