{"id":40594,"date":"2014-07-29T19:25:23","date_gmt":"2014-07-29T17:25:23","guid":{"rendered":"http:\/\/stockportal.hu\/?p=40594"},"modified":"2014-07-29T17:26:14","modified_gmt":"2014-07-29T15:26:14","slug":"nemet-allamfo-csodaval-hataros-a-lengyel-nemet-baratsag","status":"publish","type":"post","link":"https:\/\/gazdasagportal.hu\/index.php\/nemet-allamfo-csodaval-hataros-a-lengyel-nemet-baratsag\/","title":{"rendered":"N\u00e9met \u00e1llamf\u0151: csod\u00e1val hat\u00e1ros a lengyel-n\u00e9met bar\u00e1ts\u00e1g"},"content":{"rendered":"<p><strong>A m\u00e1sodik vil\u00e1gh\u00e1bor\u00faban elk\u00f6vetett b\u0171n\u00f6ket tekintve csod\u00e1val hat\u00e1ros, hogy a lengyelek \u00e9s a n\u00e9metek nemcsak szomsz\u00e9dok, hanem bar\u00e1tok is &#8211; mondta a n\u00e9met \u00e1llamf\u0151 Berlinben a n\u00e1ci megsz\u00e1ll\u00f3k elleni vars\u00f3i felkel\u00e9s kezdet\u00e9nek 70. \u00e9vfordul\u00f3j\u00e1ra rendezett ki\u00e1ll\u00edt\u00e1st megnyit\u00f3 besz\u00e9d\u00e9ben.<\/strong><!--more--><br \/>\n<div class=\"ads-in-post1\"><div id=\"gazdasagportal.hu_fullbanner_wideboard\"><\/div>\r\n<\/div>\n<p>    Joachim Gauck &#8211; aki Bronislaw Komorowski lengyel \u00e1llamf\u0151, a felkel\u00e9st vezet\u0151 Tadeusz B\u00f3r-Komorowski t\u00e1bornok lesz\u00e1rmazottja t\u00e1rsas\u00e1g\u00e1ban nyitotta meg a ki\u00e1ll\u00edt\u00e1st &#8211; besz\u00e9d\u00e9ben kiemelte: 1944 k\u00e9s\u0151 nyar\u00e1n Lengyelorsz\u00e1g meg akarta mutatni a vil\u00e1gnak, hogy meg tudja szabad\u00edtani mag\u00e1t a n\u00e9met megsz\u00e1ll\u00f3 hatalomt\u00f3l.<br \/>\n    &#8222;Akik elestek a harcban, gy\u0151ztek, \u00e9s akik \u00e9lnek, tov\u00e1bb harcolnak, gy\u0151zni fognak \u00e9s tan\u00fas\u00e1got tesznek arr\u00f3l, hogy Lengyelorsz\u00e1g \u00e9l, am\u00edg \u00e9lnek lengyelek&#8221; &#8211; id\u00e9zett a n\u00e9met eln\u00f6k a felkel\u00e9st vezet\u0151 Honi Hadsereg (Armija Krajowa) egyik utols\u00f3, a londoni emigr\u00e1ns korm\u00e1nynak sz\u00f3l\u00f3 r\u00e1di\u00f3\u00fczenet\u00e9b\u0151l.<br \/>\n    A felkel\u0151k rem\u00e9nykedtek a sz\u00f6vets\u00e9gesek t\u00e1mogat\u00e1s\u00e1ban, amely azonban elmaradt, \u00e9s \u00edgy 63 nap ut\u00e1n nem volt m\u00e1s v\u00e1laszt\u00e1s, mint a kapitul\u00e1ci\u00f3. Ugyanakkor a levert \u00e9s kem\u00e9nyen megtorolt felkel\u00e9s a lengyel demokratikus ellenz\u00e9k \u00e9s a Szolidarit\u00e1s szakszervezet fontos viszony\u00edt\u00e1si pontja, p\u00e9ldak\u00e9pe lett, \u00e9s a lengyel hagyom\u00e1nyb\u00f3l a keletn\u00e9met demokratikus mozgalom is er\u0151t mer\u00edtett. A &#8222;lengyel p\u00e9lda&#8221; az NDK-ban is hozz\u00e1seg\u00edtett ahhoz, hogy &#8222;kock\u00e1zatot v\u00e1llaljunk 1989 \u0151sz\u00e9n&#8221; &#8211; mondta Joachim Gauck.<br \/>\n    Hangs\u00falyozta: a m\u00faltnak \u00e9s annak a t\u00e9nynek a f\u00e9ny\u00e9ben, hogy a m\u00e1sodik vil\u00e1gh\u00e1bor\u00fa ut\u00e1n akadozva haladt, vagy elmaradt a legf\u0151bb felel\u0151s\u00f6k b\u00fcntet\u0151jogi felel\u0151ss\u00e9gre von\u00e1sa &#8222;a csod\u00e1val hat\u00e1ros, hogy a lengyelek \u00e9s a n\u00e9metek ma nemcsak szomsz\u00e9dok, akik tudnak egym\u00e1s mellett \u00e9lni, hanem bar\u00e1tok, akik kedvelik egym\u00e1st&#8221;.<br \/>\n    &#8222;A lengyelek megbocs\u00e1tottak, amikor a n\u00e9metek megb\u00e1n\u00e1st mutattak. A lengyelek legy\u0171rt\u00e9k a gy\u0171l\u00f6letet, a haragot \u00e9s a bizalmatlans\u00e1got, amikor a n\u00e9metek elismert\u00e9k b\u0171neiket \u00e9s sz\u00e9gyen\u00fcket&#8221;, \u00e9s ma m\u00e1r ugyanannak a politikai \u00e9s katonai sz\u00f6vets\u00e9gnek tagjaik\u00e9nt k\u00f6z\u00f6sen v\u00e9dik a b\u00e9k\u00e9t \u00e9s a demokr\u00e1ci\u00e1t &#8211; mondta Joachim Gauck.<br \/>\n    A ki\u00e1ll\u00edt\u00e1st a n\u00e1ci belbiztons\u00e1gi hat\u00f3s\u00e1gok egykori berlini sz\u00e9khely\u00e9n kialak\u00edtott, A terror topogr\u00e1fi\u00e1ja (Topographie des Terrors) nev\u0171 kutat\u00f3- \u00e9s ki\u00e1ll\u00edt\u00f3helyen rendezt\u00e9k a lengyel f\u0151v\u00e1rosban m\u0171k\u00f6d\u0151 Vars\u00f3i Felkel\u00e9s M\u00fazeuma k\u00f6zrem\u0171k\u00f6d\u00e9s\u00e9vel. A t\u00e1rlat sz\u00e9les kitekint\u00e9sben mutatja be a felkel\u00e9s t\u00f6rt\u00e9net\u00e9t, 1918-t\u00f3l \u00e1br\u00e1zolja Vars\u00f3 fejl\u0151d\u00e9s\u00e9t, teljes pusztul\u00e1s\u00e1t \u00e9s a h\u00e1bor\u00fa ut\u00e1ni \u00fajj\u00e1\u00e9p\u00edt\u00e9st.<br \/>\n    A vars\u00f3i felkel\u00e9s 1944. augusztus 1-j\u00e9t\u0151l okt\u00f3ber 3-ig tartott. A felkel\u00e9st ir\u00e1ny\u00edt\u00f3 n\u00e1ci-, \u00e9s egyben kommunistaellenes lengyel f\u00f6ldalatti Honi Hadsereg f\u0151 c\u00e9lja az volt, hogy m\u00e9g a V\u00f6r\u00f6s Hadsereg \u00e9rkez\u00e9se el\u0151tt felszabad\u00edtsa Vars\u00f3t a n\u00e9met megsz\u00e1ll\u00e1s al\u00f3l. Ezzel azt szerette volna el\u00e9rni, hogy jav\u00edtsa a lengyel emigr\u00e1ns korm\u00e1ny nemzetk\u00f6zi poz\u00edci\u00f3j\u00e1t, \u00e9s akad\u00e1lyozza Lengyelorsz\u00e1g bolseviz\u00e1l\u00e1s\u00e1t. Az egyenl\u0151tlen harcban a felkel\u00e9s elbukott, 16 ezer felkel\u0151 elesett vagy elt\u0171nt, 20 ezren megsebes\u00fcltek, 15 ezren fogs\u00e1gba estek. A polg\u00e1ri \u00e1ldozatok sz\u00e1ma 180 ezer volt. A kapitul\u00e1ci\u00f3 ut\u00e1n a n\u00e1cik f\u00e9lmilli\u00f3 lakost \u0171ztek el a f\u0151v\u00e1rosb\u00f3l, Vars\u00f3t pedig &#8211; Hitler utas\u00edt\u00e1s\u00e1ra &#8211; a f\u00f6lddel tett\u00e9k egyenl\u0151v\u00e9.(MTI)<\/p>\n","protected":false},"excerpt":{"rendered":"<p>A m\u00e1sodik vil\u00e1gh\u00e1bor\u00faban elk\u00f6vetett b\u0171n\u00f6ket tekintve csod\u00e1val hat\u00e1ros, hogy a lengyelek \u00e9s a n\u00e9metek nemcsak szomsz\u00e9dok, hanem bar\u00e1tok is &#8211; mondta a n\u00e9met \u00e1llamf\u0151 Berlinben a n\u00e1ci megsz\u00e1ll\u00f3k elleni vars\u00f3i felkel\u00e9s kezdet\u00e9nek 70. \u00e9vfordul\u00f3j\u00e1ra rendezett ki\u00e1ll\u00edt\u00e1st megnyit\u00f3 besz\u00e9d\u00e9ben.<\/p>\n","protected":false},"author":1,"featured_media":0,"comment_status":"open","ping_status":"closed","sticky":false,"template":"","format":"standard","meta":[],"categories":[12],"tags":[],"_links":{"self":[{"href":"https:\/\/gazdasagportal.hu\/index.php\/wp-json\/wp\/v2\/posts\/40594"}],"collection":[{"href":"https:\/\/gazdasagportal.hu\/index.php\/wp-json\/wp\/v2\/posts"}],"about":[{"href":"https:\/\/gazdasagportal.hu\/index.php\/wp-json\/wp\/v2\/types\/post"}],"author":[{"embeddable":true,"href":"https:\/\/gazdasagportal.hu\/index.php\/wp-json\/wp\/v2\/users\/1"}],"replies":[{"embeddable":true,"href":"https:\/\/gazdasagportal.hu\/index.php\/wp-json\/wp\/v2\/comments?post=40594"}],"version-history":[{"count":1,"href":"https:\/\/gazdasagportal.hu\/index.php\/wp-json\/wp\/v2\/posts\/40594\/revisions"}],"predecessor-version":[{"id":40595,"href":"https:\/\/gazdasagportal.hu\/index.php\/wp-json\/wp\/v2\/posts\/40594\/revisions\/40595"}],"wp:attachment":[{"href":"https:\/\/gazdasagportal.hu\/index.php\/wp-json\/wp\/v2\/media?parent=40594"}],"wp:term":[{"taxonomy":"category","embeddable":true,"href":"https:\/\/gazdasagportal.hu\/index.php\/wp-json\/wp\/v2\/categories?post=40594"},{"taxonomy":"post_tag","embeddable":true,"href":"https:\/\/gazdasagportal.hu\/index.php\/wp-json\/wp\/v2\/tags?post=40594"}],"curies":[{"name":"wp","href":"https:\/\/api.w.org\/{rel}","templated":true}]}}