{"id":40585,"date":"2014-07-29T17:53:10","date_gmt":"2014-07-29T15:53:10","guid":{"rendered":"http:\/\/stockportal.hu\/?p=40585"},"modified":"2014-07-29T17:14:20","modified_gmt":"2014-07-29T15:14:20","slug":"gazai-konfliktus-a-palesztin-frakciok-megallapodtak-egy-ideiglenes-tuzszunetben","status":"publish","type":"post","link":"https:\/\/gazdasagportal.hu\/index.php\/gazai-konfliktus-a-palesztin-frakciok-megallapodtak-egy-ideiglenes-tuzszunetben\/","title":{"rendered":"G\u00e1zai konfliktus \u2013 A palesztin frakci\u00f3k meg\u00e1llapodtak egy ideiglenes t\u0171zsz\u00fcnetben"},"content":{"rendered":"<p><strong>A palesztin frakci\u00f3k meg\u00e1llapodtak egy  egyoldal\u00fa h\u00e1romnapos t\u0171zsz\u00fcnetben, k\u00f6z\u00f6lte az izraeli kettes t\u00e9v\u00e9csatorna kedd d\u00e9lut\u00e1n, de Szami Abu Zuhri, a Ham\u00e1sz sz\u00f3viv\u0151je c\u00e1folta, hogy beleegyeztek volna a fegyvernyugv\u00e1sba.<\/strong><!--more--><br \/>\n<div class=\"ads-in-post1\"><div id=\"gazdasagportal.hu_fullbanner_wideboard\"><\/div>\r\n<\/div>\n<p>    \u201eJ\u00e1szir Abed Rabbo bejelent\u00e9se t\u00e9ves, nem egyezik az ellen\u00e1ll\u00e1s \u00e1ll\u00e1spontj\u00e1val. Nem kezd\u00fcnk t\u0171zsz\u00fcnetet, am\u00edg Izrael nem k\u00f6telezi mag\u00e1t a t\u00fczel\u00e9s besz\u00fcntet\u00e9s\u00e9re\u201d &#8211; mondta Zuhri.     A telev\u00edzi\u00f3 h\u00edrad\u00e1sa szerint J\u00e1szir Abed Rabbo, Mahm\u00fad Abb\u00e1sz eln\u00f6k bizalmasa, a Palesztin Felszabad\u00edt\u00e1si Szervezet (PFSZ) egyik vezet\u0151 tiszts\u00e9gvisel\u0151je R\u00e1mall\u00e1hban jelentette be a h\u00e1romnapos fegyvernyugv\u00e1st.     Az egyoldal\u00fa t\u0171zsz\u00fcnetnek elm\u00e9letileg azonnali hat\u00e1llyal kellett volna \u00e9letbe l\u00e9pnie, de a bejelent\u00e9st k\u00f6vet\u0151en az izraeli t\u00edzes telev\u00edzi\u00f3s csatorna h\u00edrad\u00e1sa szerint sz\u00e1mos helyen tov\u00e1bbra is t\u0171zharc zajlott, \u00e9s palesztin fegyveresek p\u00e1nc\u00e9lt\u00f6r\u0151 rak\u00e9t\u00e1t l\u0151ttek ki egy tankra.     Izraelben egyel\u0151re nem v\u00e1laszoltak hivatalosan a palesztin t\u0171zsz\u00fcneti bejelent\u00e9sre.     El\u0151z\u0151leg az izraeli hadsereg felsz\u00f3l\u00edtotta \u00f6t g\u00e1zai negyed lak\u00f3it, hogy hagyj\u00e1k el otthonaikat \u00e9s az \u00f6vezet k\u00f6z\u00e9ps\u0151 r\u00e9sz\u00e9n keressenek fedez\u00e9ket. A felh\u00edv\u00e1sra palesztin civilek sz\u00e1zai hagyt\u00e1k el h\u00e1zaikat, hogy v\u00e9delmet keressenek az utcai harcok \u00e9s a bomb\u00e1z\u00e1sok el\u0151l.     Egy meg nem nevezett izraeli f\u0151tiszt kedden \u00fagy v\u00e9lekedett, hogy az  Er\u0151s Szikla\u201d hadm\u0171velet el\u00e9rte megind\u00edt\u00e1sakor kit\u0171z\u00f6tt c\u00e9ljait.  &#8222;A politikai vezet\u00e9snek d\u00f6nt\u00e9st kell hoznia, hogy tov\u00e1bbmegy\u00fcnk-e vagy kivonulunk a G\u00e1zai \u00f6vezetb\u0151l&#8221; &#8211; mondta az izraeli m\u00e9di\u00e1nak.     A sz\u00e1razf\u00f6ldi hadj\u00e1rat megind\u00edt\u00e1sakor, k\u00e9t h\u00e9ttel ezel\u0151tt Benj\u00e1min Netanjahu izraeli minisztereln\u00f6k a g\u00e1zai-izraeli hat\u00e1r alatt h\u00faz\u00f3d\u00f3 alagutak felsz\u00e1mol\u00e1s\u00e1ban \u00e9s egy hosszabb b\u00e9k\u00e9s id\u0151szak el\u00e9r\u00e9s\u00e9ben nevezte meg a harcok c\u00e9ljait.<br \/>\n    A keddi g\u00e1zai bomb\u00e1zsokban legal\u00e1bb sz\u00e1z paleszin vesztette \u00e9let\u00e9t g\u00e1zai eg\u00e9szs\u00e9g\u00fcgyi forr\u00e1sok szerint. A hadm\u0171velet sor\u00e1n el\u0151sz\u00f6r az \u00f6vezet el\u0151kel\u0151bb negyedeit is l\u0151tte az izraeli hadsereg. A halottak sz\u00e1ma eddig meghaladja az 1156-ot.(MTI)<\/p>\n","protected":false},"excerpt":{"rendered":"<p>A palesztin frakci\u00f3k meg\u00e1llapodtak egy egyoldal\u00fa h\u00e1romnapos t\u0171zsz\u00fcnetben, k\u00f6z\u00f6lte az izraeli kettes t\u00e9v\u00e9csatorna kedd d\u00e9lut\u00e1n, de Szami Abu Zuhri, a Ham\u00e1sz sz\u00f3viv\u0151je c\u00e1folta, hogy beleegyeztek volna a fegyvernyugv\u00e1sba.<\/p>\n","protected":false},"author":1,"featured_media":0,"comment_status":"open","ping_status":"closed","sticky":false,"template":"","format":"standard","meta":[],"categories":[16],"tags":[],"_links":{"self":[{"href":"https:\/\/gazdasagportal.hu\/index.php\/wp-json\/wp\/v2\/posts\/40585"}],"collection":[{"href":"https:\/\/gazdasagportal.hu\/index.php\/wp-json\/wp\/v2\/posts"}],"about":[{"href":"https:\/\/gazdasagportal.hu\/index.php\/wp-json\/wp\/v2\/types\/post"}],"author":[{"embeddable":true,"href":"https:\/\/gazdasagportal.hu\/index.php\/wp-json\/wp\/v2\/users\/1"}],"replies":[{"embeddable":true,"href":"https:\/\/gazdasagportal.hu\/index.php\/wp-json\/wp\/v2\/comments?post=40585"}],"version-history":[{"count":1,"href":"https:\/\/gazdasagportal.hu\/index.php\/wp-json\/wp\/v2\/posts\/40585\/revisions"}],"predecessor-version":[{"id":40586,"href":"https:\/\/gazdasagportal.hu\/index.php\/wp-json\/wp\/v2\/posts\/40585\/revisions\/40586"}],"wp:attachment":[{"href":"https:\/\/gazdasagportal.hu\/index.php\/wp-json\/wp\/v2\/media?parent=40585"}],"wp:term":[{"taxonomy":"category","embeddable":true,"href":"https:\/\/gazdasagportal.hu\/index.php\/wp-json\/wp\/v2\/categories?post=40585"},{"taxonomy":"post_tag","embeddable":true,"href":"https:\/\/gazdasagportal.hu\/index.php\/wp-json\/wp\/v2\/tags?post=40585"}],"curies":[{"name":"wp","href":"https:\/\/api.w.org\/{rel}","templated":true}]}}