{"id":40544,"date":"2014-07-29T11:24:46","date_gmt":"2014-07-29T09:24:46","guid":{"rendered":"http:\/\/stockportal.hu\/?p=40544"},"modified":"2014-07-29T11:24:46","modified_gmt":"2014-07-29T09:24:46","slug":"szazadveg-stabil-fidesz-kdnp-elony-vegleg-szetszakadni-latszik-a-baloldal","status":"publish","type":"post","link":"https:\/\/gazdasagportal.hu\/index.php\/szazadveg-stabil-fidesz-kdnp-elony-vegleg-szetszakadni-latszik-a-baloldal\/","title":{"rendered":"Sz\u00e1zadv\u00e9g: stabil Fidesz-KDNP el\u0151ny, v\u00e9gleg sz\u00e9tszakadni l\u00e1tszik a baloldal"},"content":{"rendered":"<p><strong>A Fidesz-KDNP stabil vezet\u0151 poz\u00edci\u00f3b\u00f3l v\u00e1rhatja az \u0151szi \u00f6nkorm\u00e1nyzati v\u00e1laszt\u00e1sokat, a baloldal v\u00e9gleg sz\u00e9tszakadni l\u00e1tszik &#8211; \u00e1llap\u00edtotta meg a Sz\u00e1zadv\u00e9g a j\u00falius v\u00e9g\u00e9n k\u00e9sz\u00edtett orsz\u00e1gos kutat\u00e1sa alapj\u00e1n, amelynek eredm\u00e9nyei szerint a Jobbik az els\u0151 sz\u00e1m\u00fa ellenz\u00e9ki p\u00e1rt, az MSZP poz\u00edci\u00f3ja romlott.<br \/>\n<\/strong><!--more--><br \/>\n<div class=\"ads-in-post1\"><div id=\"gazdasagportal.hu_fullbanner_wideboard\"><\/div>\r\n<\/div>\n    A Sz\u00e1zadv\u00e9g MTI-hez kedden eljuttatott \u00f6sszegz\u00e9se szerint a Fidesz-KDNP-re a teljes n\u00e9pess\u00e9g 35 sz\u00e1zal\u00e9ka szavazna &#8222;most vas\u00e1rnap&#8221;, a korm\u00e1nyp\u00e1rtok az orsz\u00e1ggy\u0171l\u00e9si v\u00e1laszt\u00e1sok \u00f3ta l\u00e9nyeg\u00e9ben nem vesz\u00edtettek szavaz\u00f3kat. A Sz\u00e1zadv\u00e9g m\u00e9r\u00e9sei sor\u00e1n m\u00e1sodszor fordult el\u0151, hogy a Jobbik megel\u0151zte az MSZP-t, \u00edgy 2014 j\u00falius\u00e1ban 14 sz\u00e1zal\u00e9kkal a m\u00e1sodik legn\u00e9pszer\u0171bb p\u00e1rt a teljes n\u00e9pess\u00e9g k\u00f6r\u00e9ben &#8211; k\u00f6z\u00f6lt\u00e9k. A szocialist\u00e1k t\u00e1mogatotts\u00e1ga 9, a Demokratikus Koal\u00edci\u00f3\u00e9 6, az LMP-\u00e9 4, az Egy\u00fctt-PM-\u00e9 3 sz\u00e1zal\u00e9k, m\u00e1s p\u00e1rtokra a teljes n\u00e9pess\u00e9g 2 sz\u00e1zal\u00e9ka szavazna a kutat\u00e1s alapj\u00e1n.<br \/>\n    Az alap\u00edtv\u00e1ny azt is meg\u00e1llap\u00edtotta, hogy a korm\u00e1nyp\u00e1rtok el\u0151nye a biztos szavaz\u00f3 p\u00e1rtv\u00e1laszt\u00f3k k\u00f6r\u00e9ben is egy\u00e9rtelm\u0171: ebben a k\u00f6zegben 53 sz\u00e1zal\u00e9kos a p\u00e1rtsz\u00f6vets\u00e9g t\u00e1mogatotts\u00e1ga. A biztos szavaz\u00f3k k\u00f6r\u00e9ben a Jobbikra 18, az MSZP-re 12, az LMP-re 4 sz\u00e1zal\u00e9k voksolna, az Egy\u00fctt-PM t\u00e1mogatotts\u00e1ga 4, a Demokratikus Koal\u00edci\u00f3\u00e9 7 sz\u00e1zal\u00e9kos. A fentieken k\u00edv\u00fcl m\u00e1s p\u00e1rtra a biztos szavaz\u00f3 v\u00e1laszt\u00f3k 2 sz\u00e1zal\u00e9ka adn\u00e1 a szavazat\u00e1t.<br \/>\n    A kutat\u00e1s \u00e9rdemi v\u00e1ltoz\u00e1sk\u00e9nt sz\u00e1mol be az MSZP gyeng\u00fcl\u00e9s\u00e9r\u0151l \u00e9s a DK ezzel p\u00e1rhuzamos er\u0151s\u00f6d\u00e9s\u00e9r\u0151l. &#8222;Mindez azt jelenti, hogy a baloldali p\u00e1rtok els\u0151sorban egym\u00e1st\u00f3l h\u00f3d\u00edtanak el szavaz\u00f3kat, nem a bizonytalan v\u00e1laszt\u00f3k k\u00f6z\u00fcl&#8221; &#8211; \u00edrta a Sz\u00e1zadv\u00e9g, megjegyezve: egy\u00fctt a baloldal jelenleg sem er\u0151sebb, mint 2014 \u00e1prilis\u00e1ban volt, amikor a szerepl\u0151k k\u00f6z\u00f6s list\u00e1n indultak.<br \/>\n    A Sz\u00e1zadv\u00e9g szerint megd\u00f6bbent\u0151 k\u00e9pet mutat a hazai baloldal, ha saj\u00e1t szavaz\u00f3ik k\u00f6r\u00e9ben vizsg\u00e1lj\u00e1k vezet\u0151 politikusaik kedvelts\u00e9gi\/elutas\u00edtotts\u00e1gi indexeit: az elm\u00falt h\u00f3napok v\u00e1laszt\u00e1si k\u00fczdelmei \u00e9s belharcai ut\u00e1n j\u00f3l l\u00e1that\u00f3k a t\u00f6r\u00e9svonalak a kor\u00e1bban sz\u00f6vets\u00e9ges p\u00e1rtok v\u00e1laszt\u00f3i k\u00f6r\u00e9ben.<br \/>\n    Gyurcs\u00e1ny Ferenc n\u00e9pszer\u0171 ugyan saj\u00e1t p\u00e1rtj\u00e1ban, az MSZP \u00e9s az Egy\u00fctt v\u00e1laszt\u00f3inak t\u00f6bbs\u00e9ge azonban m\u00e1r elutas\u00edtja &#8211; \u00edrt\u00e1k, hozz\u00e1t\u00e9ve: hasonl\u00f3 a kor\u00e1bbi MSZP-eln\u00f6k \u00e9s korm\u00e1nyf\u0151jel\u00f6lt Mesterh\u00e1zy Attila helyzete, akit a DK \u00e9s k\u00fcl\u00f6n\u00f6sen az Egy\u00fctt v\u00e1laszt\u00f3i nem kedvelnek. Bajnai Gordon n\u00e9pszer\u0171 saj\u00e1t p\u00e1rtj\u00e1ban \u00e9s a DK-ban, de a t\u00f6bbs\u00e9g m\u00e1r nem szimpatiz\u00e1l vele az MSZP-ben &#8211; der\u00fcl ki a felm\u00e9r\u00e9sb\u0151l, amely szerint az \u00faj szocialista eln\u00f6k, T\u00f3bi\u00e1s J\u00f3zsef n\u00e9pszer\u0171s\u00e9ge mindenhol alacsony, m\u00e9g saj\u00e1t szavaz\u00f3i k\u00f6r\u00e9ben is.(MTI)<\/p>\n","protected":false},"excerpt":{"rendered":"<p>A Fidesz-KDNP stabil vezet\u0151 poz\u00edci\u00f3b\u00f3l v\u00e1rhatja az \u0151szi \u00f6nkorm\u00e1nyzati v\u00e1laszt\u00e1sokat, a baloldal v\u00e9gleg sz\u00e9tszakadni l\u00e1tszik &#8211; \u00e1llap\u00edtotta meg a Sz\u00e1zadv\u00e9g a j\u00falius v\u00e9g\u00e9n k\u00e9sz\u00edtett orsz\u00e1gos kutat\u00e1sa alapj\u00e1n, amelynek eredm\u00e9nyei szerint a Jobbik az els\u0151 sz\u00e1m\u00fa ellenz\u00e9ki p\u00e1rt, az MSZP poz\u00edci\u00f3ja romlott.<\/p>\n","protected":false},"author":1,"featured_media":0,"comment_status":"open","ping_status":"closed","sticky":false,"template":"","format":"standard","meta":[],"categories":[18],"tags":[],"_links":{"self":[{"href":"https:\/\/gazdasagportal.hu\/index.php\/wp-json\/wp\/v2\/posts\/40544"}],"collection":[{"href":"https:\/\/gazdasagportal.hu\/index.php\/wp-json\/wp\/v2\/posts"}],"about":[{"href":"https:\/\/gazdasagportal.hu\/index.php\/wp-json\/wp\/v2\/types\/post"}],"author":[{"embeddable":true,"href":"https:\/\/gazdasagportal.hu\/index.php\/wp-json\/wp\/v2\/users\/1"}],"replies":[{"embeddable":true,"href":"https:\/\/gazdasagportal.hu\/index.php\/wp-json\/wp\/v2\/comments?post=40544"}],"version-history":[{"count":1,"href":"https:\/\/gazdasagportal.hu\/index.php\/wp-json\/wp\/v2\/posts\/40544\/revisions"}],"predecessor-version":[{"id":40545,"href":"https:\/\/gazdasagportal.hu\/index.php\/wp-json\/wp\/v2\/posts\/40544\/revisions\/40545"}],"wp:attachment":[{"href":"https:\/\/gazdasagportal.hu\/index.php\/wp-json\/wp\/v2\/media?parent=40544"}],"wp:term":[{"taxonomy":"category","embeddable":true,"href":"https:\/\/gazdasagportal.hu\/index.php\/wp-json\/wp\/v2\/categories?post=40544"},{"taxonomy":"post_tag","embeddable":true,"href":"https:\/\/gazdasagportal.hu\/index.php\/wp-json\/wp\/v2\/tags?post=40544"}],"curies":[{"name":"wp","href":"https:\/\/api.w.org\/{rel}","templated":true}]}}