{"id":40542,"date":"2014-07-29T10:47:32","date_gmt":"2014-07-29T08:47:32","guid":{"rendered":"http:\/\/stockportal.hu\/?p=40542"},"modified":"2014-07-29T10:47:32","modified_gmt":"2014-07-29T08:47:32","slug":"ksh-lassu-elenkules-a-lakasszektorban","status":"publish","type":"post","link":"https:\/\/gazdasagportal.hu\/index.php\/ksh-lassu-elenkules-a-lakasszektorban\/","title":{"rendered":"KSH: lass\u00fa \u00e9l\u00e9nk\u00fcl\u00e9s a lak\u00e1sszektorban"},"content":{"rendered":"<p><strong>Az \u00e9v els\u0151 fel\u00e9ben a haszn\u00e1latba vett lak\u00e1sok sz\u00e1ma 21,8, a kiadott \u00faj lak\u00e1s\u00e9p\u00edt\u00e9si enged\u00e9lyek\u00e9 pedig 17,9 sz\u00e1zal\u00e9kkal n\u0151tt a m\u00falt \u00e9v els\u0151 hat h\u00f3napj\u00e1hoz k\u00e9pest &#8211; jelentette kedden a K\u00f6zponti Statisztikai Hivatal (KSH).<\/strong><!--more--><br \/>\n<div class=\"ads-in-post1\"><div id=\"gazdasagportal.hu_fullbanner_wideboard\"><\/div>\r\n<\/div>\n<p>    A lak\u00e1s\u00e9p\u00edt\u00e9s els\u0151 f\u00e9l\u00e9vi n\u00f6vekm\u00e9ny\u00e9t az els\u0151 negyed\u00e9v kiugr\u00f3 adatait adj\u00e1k, k\u00f6z\u00f6lte a hivatal. Az els\u0151 negyed\u00e9vben a haszn\u00e1latba vett lak\u00e1sok sz\u00e1ma 50,7, a kiadott \u00faj lak\u00e1s\u00e9p\u00edt\u00e9si enged\u00e9lyek sz\u00e1ma 19,6, sz\u00e1zal\u00e9kkal n\u0151tt az egy \u00e9vvel kor\u00e1bbihoz k\u00e9pest.<br \/>\n    A m\u00e1sodik negyed\u00e9vben csak 1 sz\u00e1zal\u00e9kkal t\u00f6bb lak\u00e1s \u00e9p\u00fclt, mint az el\u0151z\u0151 \u00e9v azonos id\u0151szak\u00e1ban, a kiadott \u00e9p\u00edt\u00e9si enged\u00e9lyek sz\u00e1m\u00e1nak n\u00f6veked\u00e9se azonban az el\u0151z\u0151 negyed\u00e9vhez hasonl\u00f3 \u00fctemben folytat\u00f3dott.<br \/>\n    2014 els\u0151 f\u00e9l\u00e9v\u00e9ben 3265 \u00faj lak\u00e1s \u00e9p\u00fclt, a kiadott lak\u00e1s\u00e9p\u00edt\u00e9si enged\u00e9lyek sz\u00e1ma 4009 volt.<br \/>\n    Az \u00e9p\u00edtett lak\u00e1sok sz\u00e1ma a n\u00f6veked\u00e9s ellen\u00e9re alacsony, a v\u00e1ls\u00e1got megel\u0151z\u0151 2008. \u00e9v els\u0151 f\u00e9l\u00e9v\u00e9ben haszn\u00e1latba vett lak\u00e1sok 29 sz\u00e1zal\u00e9k\u00e1nak felel meg.<br \/>\n    Az \u00faj lak\u00e1sok sz\u00e1m\u00e1nak alakul\u00e1sa jelent\u0151s ter\u00fcleti k\u00fcl\u00f6nbs\u00e9geket mutat: a tavalyi \u00e9v els\u0151 f\u00e9l\u00e9v\u00e9vel \u00f6sszevetve id\u00e9n eddig 18 sz\u00e1zal\u00e9kkal kevesebb lak\u00e1s \u00e9p\u00fclt a megyei jog\u00fa v\u00e1rosokban \u00e9s 66, illetve 47 sz\u00e1zal\u00e9kkal t\u00f6bb a kisebb v\u00e1rosokban \u00e9s a k\u00f6zs\u00e9gekben. A f\u0151v\u00e1rosban ugyanekkor 16 sz\u00e1zal\u00e9kkal n\u0151tt az \u00e1tadott lak\u00e1sok sz\u00e1ma.<br \/>\n    Az \u00f6sszes lak\u00e1s t\u00f6bb mint fele (1660) K\u00f6z\u00e9p-Magyarorsz\u00e1gon \u00e9p\u00fclt. Ezen k\u00edv\u00fcl csak Gy\u0151r-Moson-Sopron megy\u00e9ben figyelhet\u0151 meg sz\u00e1mottev\u0151 \u00e9p\u00edt\u00e9si tev\u00e9kenys\u00e9g, itt meghaladta a 400-at a haszn\u00e1latba vett lak\u00e1sok sz\u00e1ma. \u00c9szak-Magyarorsz\u00e1gon \u00e9s D\u00e9l-Alf\u00f6ld\u00f6n cs\u00f6kkent a lak\u00e1s\u00e9p\u00edt\u00e9s, 39, illetve 67 sz\u00e1zal\u00e9kra.<br \/>\n    Az \u00faj lak\u00e1s\u00e9p\u00edt\u00e9si enged\u00e9lyek egynegyed\u00e9t Gy\u0151r-Moson-Sopron megy\u00e9ben adt\u00e1k ki, ahol 931 lak\u00e1s \u00e9p\u00edt\u00e9s\u00e9t tervezik. A K\u00f6z\u00e9p-Magyarorsz\u00e1gon kiadott 1500 \u00e9p\u00edt\u00e9si enged\u00e9ly 28 sz\u00e1zal\u00e9kkal t\u00f6bb, mint az el\u0151z\u0151 \u00e9v azonos id\u0151szak\u00e1ban.<br \/>\n    2014 els\u0151 f\u00e9l\u00e9v\u00e9ben az \u00e9p\u00edttet\u0151i k\u00f6r \u00f6sszet\u00e9tele alig v\u00e1ltozott az egy \u00e9vvel kor\u00e1bbihoz k\u00e9pest: a term\u00e9szetes szem\u00e9lyek \u00e1ltal \u00e9p\u00edtett lak\u00e1sok ar\u00e1nya 57, a v\u00e1llalkoz\u00e1sok \u00e1ltal \u00e9p\u00edtettek\u00e9 pedig 41 sz\u00e1zal\u00e9k. Budapesten az \u00f6sszes lak\u00e1s 72 sz\u00e1zal\u00e9k\u00e1t \u00e9p\u00edttett\u00e9k v\u00e1llalkoz\u00f3k. A t\u00e1rgyid\u0151szakban mind\u00f6ssze 69 lak\u00e1s \u00e9p\u00fclt \u00f6nkorm\u00e1nyzati megb\u00edz\u00e1sb\u00f3l.<br \/>\n    Az \u00faj lak\u00e1sok \u00e9p\u00edt\u00e9si c\u00e9lok szerinti megoszl\u00e1sa is hasonl\u00f3 az el\u0151z\u0151 \u00e9v azonos id\u0151szak\u00e1hoz. A lak\u00e1sok saj\u00e1t haszn\u00e1latra 55, \u00e9rt\u00e9kes\u00edt\u00e9sre 42, b\u00e9rbead\u00e1sra 3 sz\u00e1zal\u00e9ka \u00e9p\u00fclt. A haszn\u00e1latba vett lak\u00e1sok 62 sz\u00e1zal\u00e9k\u00e1nak jogi szem\u00e9lyis\u00e9g\u0171 gazdas\u00e1gi t\u00e1rsas\u00e1gok voltak a  kivitelez\u0151i, az egy\u00e9ni v\u00e1llalkoz\u00e1sok a lak\u00e1sok 31 sz\u00e1zal\u00e9k\u00e1t \u00e9p\u00edtett\u00e9k.<br \/>\n    Az \u00fajonnan \u00e9p\u00fclt lak\u00f3\u00e9p\u00fcletek k\u00f6z\u00f6tt az \u00faj csal\u00e1di h\u00e1zak ar\u00e1nya 54, a t\u00f6bbszintes, t\u00f6bblak\u00e1sos \u00e9p\u00fcletek\u00e9 42 sz\u00e1zal\u00e9k, a lak\u00f3parki lak\u00e1sok ar\u00e1nya v\u00e1ltozatlanul 2 sz\u00e1zal\u00e9k.<br \/>\n    2014 els\u0151 fel\u00e9ben a haszn\u00e1latba vett lak\u00e1sok \u00e1tlagos alapter\u00fclete 98 n\u00e9gyzetm\u00e9ter volt, 2 n\u00e9gyzetm\u00e9terrel kevesebb, mint kor\u00e1bban. A 100 n\u00e9gyzetm\u00e9teresn\u00e9l nagyobb lak\u00e1sok ar\u00e1nya 39 sz\u00e1zal\u00e9kot tesz ki, ak\u00e1rcsak az el\u0151z\u0151 \u00e9v azonos id\u0151szak\u00e1ban, m\u00edg a 60 n\u00e9gyzetm\u00e9ter alatti lak\u00e1sok ar\u00e1nya kiss\u00e9 emelkedett, 30-r\u00f3l 34 sz\u00e1zal\u00e9kra.<br \/>\n     A vizsg\u00e1lt id\u0151szakban 482 lak\u00e1s sz\u0171nt meg.<br \/>\n    A \u00fcd\u00fcl\u0151ket tekintve 90 \u00e9p\u00fcletben 127 \u00fcd\u00fcl\u0151egys\u00e9get \u00e9p\u00edtettek \u00e9s 144 \u00fcd\u00fcl\u0151\u00e9p\u00fcletben 197 \u00fcd\u00fcl\u0151egys\u00e9gre adtak ki \u00e9p\u00edt\u00e9si enged\u00e9lyt. A haszn\u00e1latba vett \u00fcd\u00fcl\u0151egys\u00e9gek sz\u00e1ma 23 sz\u00e1zal\u00e9kkal n\u0151tt az el\u0151z\u0151 \u00e9v els\u0151 fel\u00e9hez k\u00e9pest, az enged\u00e9lyezett \u00fcd\u00fcl\u0151egys\u00e9gek\u00e9 t\u00f6bb mint k\u00e9tszeres\u00e9re emelkedett. Az \u00faj \u00fcd\u00fcl\u0151k \u00e1tlagos alapter\u00fclete 89 n\u00e9gyzetm\u00e9ter, 3 n\u00e9gyzetm\u00e9terrel nagyobb ugyanezen id\u0151szakban.<br \/>\n    A kiadott \u00faj \u00e9p\u00edt\u00e9si enged\u00e9lyek alapj\u00e1n 2308 lak\u00f3\u00e9p\u00fclet \u00e9s 2560 nem lak\u00f3\u00e9p\u00fclet \u00e9p\u00edt\u00e9s\u00e9t tervezik. A lak\u00f3\u00e9p\u00fcletek eset\u00e9ben ez 11, a nem lak\u00f3\u00e9p\u00fcletekn\u00e9l 10 sz\u00e1zal\u00e9kos n\u00f6veked\u00e9st jelent. A nem lak\u00f3\u00e9p\u00fcletek k\u00f6z\u00fcl 21 sz\u00e1zal\u00e9kkal n\u0151tt az ipari \u00e9p\u00fcletekre kiadott enged\u00e9lyek sz\u00e1ma, ugyanakkor a mez\u0151gazdas\u00e1gi \u00e9s a kereskedelmi \u00e9p\u00fcletekre kiadott enged\u00e9lyek\u00e9 24, illetve 4 sz\u00e1zal\u00e9kkal cs\u00f6kkent.(MTI)<\/p>\n","protected":false},"excerpt":{"rendered":"<p>Az \u00e9v els\u0151 fel\u00e9ben a haszn\u00e1latba vett lak\u00e1sok sz\u00e1ma 21,8, a kiadott \u00faj lak\u00e1s\u00e9p\u00edt\u00e9si enged\u00e9lyek\u00e9 pedig 17,9 sz\u00e1zal\u00e9kkal n\u0151tt a m\u00falt \u00e9v els\u0151 hat h\u00f3napj\u00e1hoz k\u00e9pest &#8211; jelentette kedden a K\u00f6zponti Statisztikai Hivatal (KSH).<\/p>\n","protected":false},"author":1,"featured_media":0,"comment_status":"open","ping_status":"closed","sticky":false,"template":"","format":"standard","meta":[],"categories":[19],"tags":[],"_links":{"self":[{"href":"https:\/\/gazdasagportal.hu\/index.php\/wp-json\/wp\/v2\/posts\/40542"}],"collection":[{"href":"https:\/\/gazdasagportal.hu\/index.php\/wp-json\/wp\/v2\/posts"}],"about":[{"href":"https:\/\/gazdasagportal.hu\/index.php\/wp-json\/wp\/v2\/types\/post"}],"author":[{"embeddable":true,"href":"https:\/\/gazdasagportal.hu\/index.php\/wp-json\/wp\/v2\/users\/1"}],"replies":[{"embeddable":true,"href":"https:\/\/gazdasagportal.hu\/index.php\/wp-json\/wp\/v2\/comments?post=40542"}],"version-history":[{"count":1,"href":"https:\/\/gazdasagportal.hu\/index.php\/wp-json\/wp\/v2\/posts\/40542\/revisions"}],"predecessor-version":[{"id":40543,"href":"https:\/\/gazdasagportal.hu\/index.php\/wp-json\/wp\/v2\/posts\/40542\/revisions\/40543"}],"wp:attachment":[{"href":"https:\/\/gazdasagportal.hu\/index.php\/wp-json\/wp\/v2\/media?parent=40542"}],"wp:term":[{"taxonomy":"category","embeddable":true,"href":"https:\/\/gazdasagportal.hu\/index.php\/wp-json\/wp\/v2\/categories?post=40542"},{"taxonomy":"post_tag","embeddable":true,"href":"https:\/\/gazdasagportal.hu\/index.php\/wp-json\/wp\/v2\/tags?post=40542"}],"curies":[{"name":"wp","href":"https:\/\/api.w.org\/{rel}","templated":true}]}}