{"id":40513,"date":"2014-07-29T03:40:17","date_gmt":"2014-07-29T01:40:17","guid":{"rendered":"http:\/\/stockportal.hu\/?p=40513"},"modified":"2014-07-28T20:41:04","modified_gmt":"2014-07-28T18:41:04","slug":"ukran-valsag-csutortokon-lemondott-hetfon-visszatert-posztjara-az-ukran-kormanyfo","status":"publish","type":"post","link":"https:\/\/gazdasagportal.hu\/index.php\/ukran-valsag-csutortokon-lemondott-hetfon-visszatert-posztjara-az-ukran-kormanyfo\/","title":{"rendered":"Ukr\u00e1n v\u00e1ls\u00e1g &#8211; Cs\u00fct\u00f6rt\u00f6k\u00f6n lemondott, h\u00e9tf\u0151n visszat\u00e9rt posztj\u00e1ra az ukr\u00e1n korm\u00e1nyf\u0151"},"content":{"rendered":"<p><strong>M\u00falt heti lemond\u00e1sa ut\u00e1n h\u00e9tf\u0151n ism\u00e9t munk\u00e1ba \u00e1llt Arszenyij Jacenyuk ukr\u00e1n korm\u00e1nyf\u0151 \u00e9s felsz\u00f3l\u00edtotta a parlamentet, hogy rendk\u00edv\u00fcli \u00fcl\u00e9sen fogadja el azokat a korm\u00e1nyjavaslatokat, amelyeket el\u0151z\u0151 h\u00e9ten m\u00e9g csak napirendre sem t\u0171z\u00f6tt.<\/strong><!--more--><br \/>\n<div class=\"ads-in-post1\"><div id=\"gazdasagportal.hu_fullbanner_wideboard\"><\/div>\r\n<\/div>\n<p>    Jacenyuk &#8211; \u00e1ll\u00edt\u00e1sa szerint &#8211; az ukr\u00e1n hadsereg finansz\u00edroz\u00e1sa szempontj\u00e1b\u00f3l fontos k\u00f6lts\u00e9gvet\u00e9si m\u00f3dos\u00edt\u00e1si javaslat, illetve a g\u00e1zvezet\u00e9krendszer reformj\u00e1r\u00f3l sz\u00f3l\u00f3 el\u0151terjeszt\u00e9s napirendre v\u00e9tel\u00e9nek elutas\u00edt\u00e1sa miatt mondott le posztj\u00e1r\u00f3l m\u00falt cs\u00fct\u00f6rt\u00f6k\u00f6n. Ut\u00f3bbi lehet\u0151v\u00e9 tenn\u00e9 nyugati befektet\u0151k bevon\u00e1s\u00e1t a g\u00e1zvezet\u00e9krendszer korszer\u0171s\u00edt\u00e9s\u00e9be.<br \/>\n    A minisztereln\u00f6k h\u00e9tf\u0151n kijevi sajt\u00f3t\u00e1j\u00e9koztat\u00f3j\u00e1n bejelentette azt is, hogy a korm\u00e1nytagok \u00e9s a k\u00e9pvisel\u0151k fizet\u00e9s\u00e9nek cs\u00f6kkent\u00e9s\u00e9t javasolja a kabinet, valamint, hogy a k\u00f6zponti korm\u00e1nyzati szervek b\u00fcdzs\u00e9j\u00e9t 400 milli\u00f3 hrivny\u00e1val, azaz mintegy 8 milli\u00e1rd forinttal tervezi cs\u00f6kkenteni.<br \/>\n    &#8222;Nevezhetik ezeket n\u00e9melyek populista int\u00e9zked\u00e9seknek&#8221; &#8211; jegyezte meg a korm\u00e1nyf\u0151.<br \/>\n    K\u00f6zben Olekszandr Turcsinov h\u00e1zeln\u00f6k cs\u00fct\u00f6rt\u00f6kre \u00f6sszeh\u00edvta a parlamenti k\u00e9pvisel\u0151ket rendk\u00edv\u00fcli \u00fcl\u00e9sre, amelyen Jacenyuk poz\u00edci\u00f3ja is eld\u0151lhet. Jelenleg jogilag m\u00e9g \u0151 a korm\u00e1nyf\u0151, de kiss\u00e9 zavaros a helyzet, mert kabinetje kinevezett egy ideiglenes korm\u00e1nyf\u0151t.<br \/>\n    Jacenyuk m\u00falt cs\u00fct\u00f6rt\u00f6k\u00f6n azut\u00e1n ny\u00fajtotta be lemond\u00e1s\u00e1t, hogy felbomlott az ukr\u00e1n parlamentben a t\u00f6bbs\u00e9gi korm\u00e1nykoal\u00edci\u00f3. El\u0151bb a Petro Porosenko eln\u00f6k m\u00f6g\u00f6tt \u00e1ll\u00f3 Vitalij Klicsko kijevi polg\u00e1rmester vezette \u00dct\u00e9s p\u00e1rt frakci\u00f3ja, majd a nacionalista Szabads\u00e1g p\u00e1rt k\u00e9pvisel\u0151csoportja jelentette be kil\u00e9p\u00e9s\u00e9t. A k\u00e9t p\u00e1rt ezt azzal indokolta, hogy \u00edgy k\u00edv\u00e1nnak lehet\u0151s\u00e9get teremteni az \u00e1llamf\u0151nek a parlament feloszlat\u00e1s\u00e1ra \u00e9s \u00faj parlamenti v\u00e1laszt\u00e1s ki\u00edr\u00e1s\u00e1ra. Korm\u00e1nyp\u00e1rti k\u00e9pvisel\u0151k m\u00e1r r\u00e9g\u00f3ta hangoztatt\u00e1k, hogy a jelenlegi parlament m\u0171k\u00f6d\u00e9sk\u00e9ptelen, nagy sz\u00e1mban vannak benne olyan volt korm\u00e1nyp\u00e1rti k\u00e9pvisel\u0151k, akik orosz \u00e9rdekeket szolg\u00e1lnak, valamint az ukr\u00e1n v\u00e1laszt\u00f3k z\u00f6me is \u00faj v\u00e1laszt\u00e1st, a parlament megtisztul\u00e1s\u00e1t k\u00f6veteli a febru\u00e1rban v\u00e9get \u00e9rt &#8211; t\u00f6bb h\u00f3napon \u00e1t tart\u00f3 &#8211; hatalomv\u00e1lt\u00e1st k\u00f6vetel\u0151 Majdan-t\u00fcntet\u00e9sek ut\u00e1n.<br \/>\n    Jacenyuk p\u00e1rtja, a Haza ugyanakkor nem \u00e9rtett egyet a korm\u00e1nykoal\u00edci\u00f3 felboml\u00e1s\u00e1val. A korm\u00e1nyf\u0151 kijelentette, hogy egyes k\u00e9pvisel\u0151k saj\u00e1t n\u00e9pszer\u0171s\u00e9g\u00fck alakul\u00e1s\u00e1t az orsz\u00e1g \u00e9rdekei el\u00e9 helyezik. Miut\u00e1n a kelet-ukrajnai szeparatist\u00e1kkal foly\u00f3 harc miatt a hadsereg finansz\u00edroz\u00e1s\u00e1t, az orsz\u00e1g neh\u00e9z gazdas\u00e1gi helyzet\u00e9nek jav\u00edt\u00e1s\u00e1t c\u00e9lz\u00f3 javaslatok napirendre t\u0171z\u00e9s\u00e9t a parlament elvetette, Jacenyuk beny\u00fajtotta lemond\u00e1s\u00e1t a minisztereln\u00f6ki posztr\u00f3l. A jogszab\u00e1lyok szerint a korm\u00e1nyf\u0151 lemond\u00e1s\u00e1t a parlamentnek j\u00f3v\u00e1 kell hagynia, \u00e1m ezt meg sem v\u00e1rva, m\u00e9g aznap a korm\u00e1ny\u00fcl\u00e9sen kinevezt\u00e9k Volodimir Hrojszman minisztereln\u00f6k-helyettest ideiglenes korm\u00e1nyf\u0151v\u00e9. A parlament sem cs\u00fct\u00f6rt\u00f6k\u00f6n, sem p\u00e9nteken nem t\u0171zte napirendre Jacenyuk lemond\u00e1s\u00e1nak k\u00e9rd\u00e9s\u00e9t, k\u00f6vetkez\u0151 plen\u00e1ris \u00fcl\u00e9s\u00e9re pedig csak augusztus 12-\u00e9n ker\u00fclt volna sor, ha a h\u00e1zeln\u00f6k nem h\u00edvott volna \u00f6ssze rendk\u00edv\u00fcli \u00fcl\u00e9st e h\u00e9t cs\u00fct\u00f6rt\u00f6kre.<br \/>\n    Elemz\u0151k szerint a korm\u00e1nyv\u00e1ls\u00e1g m\u00f6g\u00f6tt az \u00e1llamf\u0151 \u00e9s a minisztereln\u00f6k m\u00f6g\u00f6tti p\u00e1rtok k\u00f6z\u00f6tt kialakul\u00f3ban l\u00e9v\u0151 \u00e9rdekellent\u00e9tek, v\u00e1laszt\u00e1si es\u00e9lyn\u00f6vel\u00e9si sz\u00e1nd\u00e9kok \u00e1llnak. A Haza p\u00e1rt jelenleg nem t\u00fal n\u00e9pszer\u0171, \u00edgy nem \u00e9rdeke, hogy mihamarabb sor ker\u00fclj\u00f6n az el\u0151re hozott parlamenti v\u00e1laszt\u00e1sokra, Jacenyuknak pedig a lemond\u00e1s lett volna tal\u00e1n a megold\u00e1s arra, hogy maradjon n\u00e9mi es\u00e9lye fennmaradni a politikai \u00e9letben.(MTI)<\/p>\n","protected":false},"excerpt":{"rendered":"<p>M\u00falt heti lemond\u00e1sa ut\u00e1n h\u00e9tf\u0151n ism\u00e9t munk\u00e1ba \u00e1llt Arszenyij Jacenyuk ukr\u00e1n korm\u00e1nyf\u0151 \u00e9s felsz\u00f3l\u00edtotta a parlamentet, hogy rendk\u00edv\u00fcli \u00fcl\u00e9sen fogadja el azokat a korm\u00e1nyjavaslatokat, amelyeket el\u0151z\u0151 h\u00e9ten m\u00e9g csak napirendre sem t\u0171z\u00f6tt.<\/p>\n","protected":false},"author":1,"featured_media":0,"comment_status":"open","ping_status":"closed","sticky":false,"template":"","format":"standard","meta":[],"categories":[139],"tags":[],"_links":{"self":[{"href":"https:\/\/gazdasagportal.hu\/index.php\/wp-json\/wp\/v2\/posts\/40513"}],"collection":[{"href":"https:\/\/gazdasagportal.hu\/index.php\/wp-json\/wp\/v2\/posts"}],"about":[{"href":"https:\/\/gazdasagportal.hu\/index.php\/wp-json\/wp\/v2\/types\/post"}],"author":[{"embeddable":true,"href":"https:\/\/gazdasagportal.hu\/index.php\/wp-json\/wp\/v2\/users\/1"}],"replies":[{"embeddable":true,"href":"https:\/\/gazdasagportal.hu\/index.php\/wp-json\/wp\/v2\/comments?post=40513"}],"version-history":[{"count":1,"href":"https:\/\/gazdasagportal.hu\/index.php\/wp-json\/wp\/v2\/posts\/40513\/revisions"}],"predecessor-version":[{"id":40514,"href":"https:\/\/gazdasagportal.hu\/index.php\/wp-json\/wp\/v2\/posts\/40513\/revisions\/40514"}],"wp:attachment":[{"href":"https:\/\/gazdasagportal.hu\/index.php\/wp-json\/wp\/v2\/media?parent=40513"}],"wp:term":[{"taxonomy":"category","embeddable":true,"href":"https:\/\/gazdasagportal.hu\/index.php\/wp-json\/wp\/v2\/categories?post=40513"},{"taxonomy":"post_tag","embeddable":true,"href":"https:\/\/gazdasagportal.hu\/index.php\/wp-json\/wp\/v2\/tags?post=40513"}],"curies":[{"name":"wp","href":"https:\/\/api.w.org\/{rel}","templated":true}]}}