{"id":40512,"date":"2014-07-29T04:27:55","date_gmt":"2014-07-29T02:27:55","guid":{"rendered":"http:\/\/stockportal.hu\/?p=40512"},"modified":"2014-07-28T20:52:44","modified_gmt":"2014-07-28T18:52:44","slug":"devizahitelek-a-devizahiteles-pereket-sorban-allitjak-le-a-bankoktol-meg-nem-erkezett-kereset","status":"publish","type":"post","link":"https:\/\/gazdasagportal.hu\/index.php\/devizahitelek-a-devizahiteles-pereket-sorban-allitjak-le-a-bankoktol-meg-nem-erkezett-kereset\/","title":{"rendered":"Devizahitelek &#8211; A devizahiteles pereket sorban \u00e1ll\u00edtj\u00e1k le, a bankokt\u00f3l m\u00e9g nem \u00e9rkezett kereset"},"content":{"rendered":"<p><strong>Nem \u00e9rkezett kereset a p\u00e9nzint\u00e9zetekt\u0151l a devizahiteles szerz\u0151d\u00e9sek egyoldal\u00fa szerz\u0151d\u00e9sm\u00f3dos\u00edt\u00e1sainak tisztess\u00e9gtelens\u00e9ge t\u00e1rgy\u00e1ban a F\u0151v\u00e1rosi T\u00f6rv\u00e9nysz\u00e9kre &#8211; k\u00f6z\u00f6lte a b\u00edr\u00f3s\u00e1g sajt\u00f3titk\u00e1rs\u00e1ga. Ek\u00f6zben az orsz\u00e1g b\u00edr\u00f3s\u00e1gain megkezdt\u00e9k az ad\u00f3sok \u00e9s a p\u00e9nzint\u00e9zetek k\u00f6z\u00f6tt m\u00e1r foly\u00f3 perek soron k\u00edv\u00fcli felf\u00fcggeszt\u00e9s\u00e9t.<!--more--><\/strong><br \/>\n<div class=\"ads-in-post1\"><div id=\"gazdasagportal.hu_fullbanner_wideboard\"><\/div>\r\n<\/div>\n<p>A K\u00fari\u00e1nak a p\u00e9nz\u00fcgyi int\u00e9zm\u00e9nyek fogyaszt\u00f3i k\u00f6lcs\u00f6nszerz\u0151d\u00e9seire vonatkoz\u00f3 jogegys\u00e9gi hat\u00e1rozat\u00e1val kapcsolatos egyes k\u00e9rd\u00e9sek rendez\u00e9s\u00e9r\u0151l sz\u00f3l\u00f3, j\u00falius 18-\u00e1n kihirdetett, 26-\u00e1n, szombaton hat\u00e1lyba l\u00e9pett t\u00f6rv\u00e9ny egyebek mellett a hitelszerz\u0151d\u00e9sek egyoldal\u00fa m\u00f3dos\u00edt\u00e1s\u00e1t &#8211; p\u00e9ld\u00e1ul kamat-, k\u00f6lts\u00e9g- vagy d\u00edjemel\u00e9st &#8211; megenged\u0151 szerz\u0151d\u00e9ses kik\u00f6t\u00e9sekn\u00e9l azt a v\u00e9lelmet \u00e1ll\u00edtja fel, hogy tisztess\u00e9gtelenek \u00e9s \u00e9rv\u00e9nytelenek. Ezt a v\u00e9lelmet azonban a p\u00e9nz\u00fcgyi int\u00e9zm\u00e9nyek vitathatj\u00e1k, \u00e9s megk\u00eds\u00e9relhetik megd\u00f6nteni az \u00e1llam mint alperes ellen a F\u0151v\u00e1rosi T\u00f6rv\u00e9nysz\u00e9ken megind\u00edthat\u00f3 perekben.<br \/>\nEzekben az \u00fcgyekben a kereset beny\u00fajt\u00e1s\u00e1ra, az els\u0151fok\u00fa \u00e9s a m\u00e1sodfok\u00fa elj\u00e1r\u00e1sok lefolytat\u00e1s\u00e1ra is csup\u00e1n 30-30 napjuk van a b\u00edr\u00f3s\u00e1goknak \u00e9s a feleknek, \u00edgy augusztus 25-\u00e9ig be kell ny\u00fajtaniuk kereset\u00fcket azoknak a p\u00e9nzint\u00e9zeteknek, amelyek vitatj\u00e1k a t\u00f6rv\u00e9nyi v\u00e9lelmet. Az els\u0151 fokon elj\u00e1r\u00f3 F\u0151v\u00e1rosi T\u00f6rv\u00e9nysz\u00e9knek szeptemberben, a m\u00e1sodfokon elj\u00e1r\u00f3 F\u0151v\u00e1rosi \u00cdt\u00e9l\u0151t\u00e1bl\u00e1nak pedig okt\u00f3berben meg kell hoznia d\u00f6nt\u00e9seit, \u00edgy &#8211; a k\u00fariai fel\u00fclvizsg\u00e1latokat is figyelembe v\u00e9ve &#8211; v\u00e1rhat\u00f3an m\u00e9g id\u00e9n lez\u00e1rulhatnak ezek az elj\u00e1r\u00e1sok. Mintegy n\u00e9gysz\u00e1z p\u00e9nzint\u00e9zet &#8211; potenci\u00e1lis felperes &#8211; van az orsz\u00e1gban, \u00e9s a szakemberek sz\u00e1z-sz\u00e1z\u00f6tven ilyen perre sz\u00e1m\u00edtanak.<br \/>\nMiut\u00e1n szombaton l\u00e9pett hat\u00e1lyba a t\u00f6rv\u00e9ny, h\u00e9tf\u0151 volt az els\u0151 nap, amikor ilyen \u00fcgyekben kereset \u00e9rkezhetett a F\u0151v\u00e1rosi T\u00f6rv\u00e9nysz\u00e9kre, \u00e1m a b\u00edr\u00f3s\u00e1g t\u00e1j\u00e9koztat\u00e1sa szerint erre nem ker\u00fclt sor.<br \/>\nA t\u00f6rv\u00e9ny arr\u00f3l is rendelkezik, hogy am\u00edg az egyoldal\u00fa szerz\u0151d\u00e9sm\u00f3dos\u00edt\u00e1sok tisztess\u00e9gtelens\u00e9g\u00e9vel kapcsolatos elj\u00e1r\u00e1sok folynak, addig az ad\u00f3sok \u00e1ltal a bankok ellen ind\u00edtott \u00f6sszesen mintegy t\u00edzezer egyedi \u00fcgyet orsz\u00e1gszerte fel kell f\u00fcggeszteni. Akkor folytat\u00f3dhatnak majd, ha megsz\u00fcletett a v\u00e9gs\u0151 d\u00f6nt\u00e9s az egyoldal\u00fa szerz\u0151d\u00e9sm\u00f3dos\u00edt\u00e1sok tisztess\u00e9gtelens\u00e9g\u00e9r\u0151l sz\u00f3l\u00f3, a bankok \u00e9s az \u00e1llam k\u00f6z\u00f6tti perekben.<br \/>\nA F\u0151v\u00e1rosi T\u00f6rv\u00e9nysz\u00e9k eln\u00f6ke kor\u00e1bban m\u00e1r elrendelte, hogy a felf\u00fcggeszt\u00e9sekr\u0151l halad\u00e9ktalanul int\u00e9zkedjenek, \u00e9s \u00e9rtes\u00edts\u00e9k err\u0151l az \u00e9rintetteket az\u00e9rt, hogy az \u00e1llampolg\u00e1rok min\u00e9l hamarabb t\u00e1j\u00e9koztat\u00e1st kapjanak saj\u00e1t \u00fcgy\u00fck \u00e1ll\u00e1s\u00e1r\u00f3l.<br \/>\nA birosag.hu oldalon, a b\u00edr\u00f3s\u00e1gok k\u00f6zponti honlapj\u00e1n olvashat\u00f3 k\u00f6zlem\u00e9ny szerint az Orsz\u00e1gos B\u00edr\u00f3i Tan\u00e1cs j\u00falius 22-\u00e9n hat\u00e1rozott arr\u00f3l, hogy ezeknek az \u00fcgyeknek a felf\u00fcggeszt\u00e9s\u00e9t orsz\u00e1gszerte soron k\u00edv\u00fcl kell int\u00e9zni.<br \/>\nA d\u00f6nt\u00e9st az a kiv\u00e9telesen indokolt eset tette sz\u00fcks\u00e9gess\u00e9, hogy a K\u00faria jogegys\u00e9gi hat\u00e1rozat\u00e1nak \u00e9rv\u00e9nyre jut\u00e1s\u00e1r\u00f3l soron k\u00edv\u00fcl d\u00f6nt\u00f6tt a jogalkot\u00f3, tov\u00e1bb\u00e1 a hat\u00e1rozattal elrendelt soronk\u00edv\u00fclis\u00e9g a t\u00e1rsadalom sz\u00e9les k\u00f6r\u00e9t \u00e9rint\u0151 \u00fcgyekre vonatkozik. (A Magyar Nemzeti Bank 2013. \u00e9v v\u00e9gi \u00f6sszes\u00edt\u00e9se alapj\u00e1n a lakoss\u00e1g deviz\u00e1ban nyilv\u00e1ntartott ad\u00f3ss\u00e1g\u00e1llom\u00e1nya 4,3 milli\u00e1rd forint volt, \u00e9s a devizahitel int\u00e9zm\u00e9nye k\u00f6zvetve 480 000 csal\u00e1dot, 1,5 milli\u00f3 embert \u00e9rint). A soronk\u00edv\u00fclis\u00e9g olyan \u00fcgyekre vonatkozik, amelyek a k\u00f6z\u00e9rdek szempontj\u00e1b\u00f3l is kiemelked\u0151 jelent\u0151s\u00e9g\u0171ek a bankszektort \u00e9rint\u0151 hat\u00e1suk miatt, k\u00f6zvetve az eg\u00e9sz t\u00e1rsadalomra \u00e9s a gazdas\u00e1gi \u00e9letre is kihat\u00e1ssal vannak &#8211; olvashat\u00f3 a b\u00edr\u00f3s\u00e1gi honlapon.<br \/>\nHajd\u00fa-Bihar megy\u00e9ben h\u00e9tf\u0151n soron k\u00edv\u00fcl 285 devizahiteles pert f\u00fcggesztett fel a Debreceni T\u00f6rv\u00e9nysz\u00e9k \u00e9s j\u00e1r\u00e1sb\u00edr\u00f3s\u00e1gai. A folyamatban l\u00e9v\u0151 perek t\u00e1rgya r\u00e9szben vagy eg\u00e9szben az egyoldal\u00fa szerz\u0151d\u00e9sm\u00f3dos\u00edt\u00e1sok, illetve az \u00e1rfolyamr\u00e9s alkalmaz\u00e1s\u00e1t el\u0151\u00edr\u00f3 szerz\u0151d\u00e9ses rendelkez\u00e9sek jogszab\u00e1lyba \u00fctk\u00f6z\u00e9se, tisztess\u00e9gtelens\u00e9ge &#8211; olvashat\u00f3 a birosag.hu oldalon.<br \/>\nDevizahitelekkel kapcsolatos keresetet jelenleg is be lehet ny\u00fajtani a b\u00edr\u00f3s\u00e1gokhoz, \u00e1m az \u00fajonnan \u00e9rkez\u0151 \u00fcgyekben nem indul el az \u00e9rdemi elj\u00e1r\u00e1s, azokat is felf\u00fcggesztik.(MTI)<\/p>\n","protected":false},"excerpt":{"rendered":"<p>Nem \u00e9rkezett kereset a p\u00e9nzint\u00e9zetekt\u0151l a devizahiteles szerz\u0151d\u00e9sek egyoldal\u00fa szerz\u0151d\u00e9sm\u00f3dos\u00edt\u00e1sainak tisztess\u00e9gtelens\u00e9ge t\u00e1rgy\u00e1ban a F\u0151v\u00e1rosi T\u00f6rv\u00e9nysz\u00e9kre &#8211; k\u00f6z\u00f6lte a b\u00edr\u00f3s\u00e1g sajt\u00f3titk\u00e1rs\u00e1ga. Ek\u00f6zben az orsz\u00e1g b\u00edr\u00f3s\u00e1gain megkezdt\u00e9k az ad\u00f3sok \u00e9s a p\u00e9nzint\u00e9zetek k\u00f6z\u00f6tt m\u00e1r foly\u00f3 perek soron k\u00edv\u00fcli felf\u00fcggeszt\u00e9s\u00e9t.<\/p>\n","protected":false},"author":1,"featured_media":0,"comment_status":"open","ping_status":"closed","sticky":false,"template":"","format":"standard","meta":[],"categories":[19,112],"tags":[],"_links":{"self":[{"href":"https:\/\/gazdasagportal.hu\/index.php\/wp-json\/wp\/v2\/posts\/40512"}],"collection":[{"href":"https:\/\/gazdasagportal.hu\/index.php\/wp-json\/wp\/v2\/posts"}],"about":[{"href":"https:\/\/gazdasagportal.hu\/index.php\/wp-json\/wp\/v2\/types\/post"}],"author":[{"embeddable":true,"href":"https:\/\/gazdasagportal.hu\/index.php\/wp-json\/wp\/v2\/users\/1"}],"replies":[{"embeddable":true,"href":"https:\/\/gazdasagportal.hu\/index.php\/wp-json\/wp\/v2\/comments?post=40512"}],"version-history":[{"count":1,"href":"https:\/\/gazdasagportal.hu\/index.php\/wp-json\/wp\/v2\/posts\/40512\/revisions"}],"predecessor-version":[{"id":40521,"href":"https:\/\/gazdasagportal.hu\/index.php\/wp-json\/wp\/v2\/posts\/40512\/revisions\/40521"}],"wp:attachment":[{"href":"https:\/\/gazdasagportal.hu\/index.php\/wp-json\/wp\/v2\/media?parent=40512"}],"wp:term":[{"taxonomy":"category","embeddable":true,"href":"https:\/\/gazdasagportal.hu\/index.php\/wp-json\/wp\/v2\/categories?post=40512"},{"taxonomy":"post_tag","embeddable":true,"href":"https:\/\/gazdasagportal.hu\/index.php\/wp-json\/wp\/v2\/tags?post=40512"}],"curies":[{"name":"wp","href":"https:\/\/api.w.org\/{rel}","templated":true}]}}