{"id":40502,"date":"2014-07-28T17:31:57","date_gmt":"2014-07-28T15:31:57","guid":{"rendered":"http:\/\/stockportal.hu\/?p=40502"},"modified":"2014-07-29T08:45:18","modified_gmt":"2014-07-29T06:45:18","slug":"reklamado-kroes-tovabbra-is-veszelyben-a-media-szabadsaga-magyarorszagon","status":"publish","type":"post","link":"https:\/\/gazdasagportal.hu\/index.php\/reklamado-kroes-tovabbra-is-veszelyben-a-media-szabadsaga-magyarorszagon\/","title":{"rendered":"Rekl\u00e1mad\u00f3 &#8211; Kroes: tov\u00e1bbra is vesz\u00e9lyben a m\u00e9dia szabads\u00e1ga Magyarorsz\u00e1gon"},"content":{"rendered":"<p><strong>Tov\u00e1bbra is vesz\u00e9lyben van a m\u00e9dia szabads\u00e1ga Magyarorsz\u00e1gon &#8211; \u00edrta a rekl\u00e1mad\u00f3r\u00f3l blogj\u00e1ban Neelie Kroes, az Eur\u00f3pai Bizotts\u00e1g digit\u00e1lis ter\u00fclet\u00e9rt felel\u0151s aleln\u00f6ke h\u00e9tf\u0151n.<!--more--><\/strong><!--more--><\/p>\n<p>&#8222;A szabad \u00e9s soksz\u00edn\u0171 m\u00e9dia a szabad t\u00e1rsadalom alapja, a demokratikus hagyom\u00e1ny biztos\u00edt\u00e9ka. A magyarorsz\u00e1gi &#8222;rekl\u00e1mad\u00f3&#8221; azt mutatja, hogy tov\u00e1bbra is nagy vesz\u00e9lyben van&#8221; &#8211; olvashat\u00f3 a liber\u00e1lis holland politikus internetes napl\u00f3j\u00e1ban.<br \/>\nNeelie Kroes s\u00e9relmezi, hogy a rekl\u00e1mad\u00f3t jelent\u0151sebb vita vagy egyeztet\u00e9s n\u00e9lk\u00fcl fogadta el a parlament, \u00e9s \u00fagy v\u00e9li, b\u00e1r a bev\u00e9telek n\u00f6vel\u00e9se a c\u00e9lja, val\u00f3j\u00e1ban ar\u00e1nytalan m\u00e9rt\u00e9kben egyetlen v\u00e1llalatot, az RTL-t s\u00fajtan\u00e1, majd hozz\u00e1teszi, hogy a c\u00e9g saj\u00e1t sz\u00e1m\u00edt\u00e1sai szerint csak \u0151ket \u00e9rinten\u00e9 a legmagasabb ad\u00f3kulcs, &#8222;jelent\u0151s vesztes\u00e9get okozva a c\u00e9gnek, \u00e9s vesz\u00e9lybe sodorva annak m\u0171k\u00f6d\u0151k\u00e9pess\u00e9g\u00e9t&#8221;.<br \/>\n&#8222;A k\u00f6vetkeztet\u00e9s nyilv\u00e1nval\u00f3. Az RTL egyike annak a kev\u00e9s csatorn\u00e1nak, amely nem a Fidesz-p\u00e1rti \u00e1ll\u00e1spontot hirdeti, neh\u00e9z azt gondolni, hogy b\u00e1rmi m\u00e1s lehetne a c\u00e9l, mint ki\u0171zni \u0151ket Magyarorsz\u00e1gr\u00f3l. A magyar korm\u00e1ny nem akar f\u00fcggetlen, k\u00fclf\u00f6ldi tulajdon\u00fa m\u0171sorszolg\u00e1ltat\u00f3t Magyarorsz\u00e1gon; egy m\u00e9lt\u00e1nytalan ad\u00f3t alkalmaz, hogy els\u00f6p\u00f6rje a demokratikus biztos\u00edt\u00e9kokat \u00e9s megszabaduljon valamit\u0151l, amir\u0151l \u00fagy v\u00e9li, kih\u00edv\u00e1st jelent a hatalma sz\u00e1m\u00e1ra&#8221; &#8211; \u00edrja Kroes.<br \/>\nA bizotts\u00e1g aleln\u00f6ke vil\u00e1goss\u00e1 teszi, hogy a v\u00e1llalatok leteleped\u00e9s\u00e9nek szabads\u00e1ga az egys\u00e9ges piac egyik alapelve, ugyanakkor \u00fagy v\u00e9li, nemcsak egyetlen v\u00e1llalatr\u00f3l \u00e9s egyetlen ad\u00f3r\u00f3l van sz\u00f3, hanem egy &#8222;m\u00e9lyen aggaszt\u00f3, az EU \u00e9rt\u00e9keivel ellent\u00e9tes&#8221; mint\u00e1r\u00f3l.<br \/>\n&#8222;Az ad\u00f3ztat\u00e1s nem lehet a diszkrimin\u00e1ci\u00f3 eszk\u00f6ze, az ad\u00f3politik\u00e1t pedig nem szabad politikai fegyverk\u00e9nt alkalmazni&#8221; &#8211; sz\u00f6gezi le blogbejegyz\u00e9s\u00e9ben Neelie Kroes.<br \/>\nEzt k\u00f6vet\u0151en a holland biztos ismerteti az \u00faj m\u00e9diat\u00f6rv\u00e9ny elfogad\u00e1sa, valamint a Klubr\u00e1di\u00f3 enged\u00e9lye \u00e9s a politikai hirdet\u00e9sek k\u00f6r\u00fcli vit\u00e1kat, \u00e9s az Origo f\u0151szerkeszt\u0151j\u00e9nek eset\u00e9re is kit\u00e9r, mondv\u00e1n: a f\u0151szerkeszt\u0151 felment\u00e9s\u00e9nek h\u00e1tter\u00e9ben sokak szerint politikai nyom\u00e1sgyakorl\u00e1s \u00e1llt.<br \/>\n&#8222;Ezen b\u00edr\u00e1latok \u00e9s aggodalmak egy r\u00e9sze rendez\u0151d\u00f6tt az EU \u00e9s a nemzetk\u00f6zi k\u00f6z\u00f6ss\u00e9g nyom\u00e1s\u00e1ra, m\u00e1sok viszont tov\u00e1bbra is nagyon val\u00f3s aggodalmat jelentenek&#8221; &#8211; \u00edrja Kroes.<br \/>\nA biztos itt az Eur\u00f3pai Biztons\u00e1gi \u00e9s Egy\u00fcttm\u0171k\u00f6d\u00e9si Szervezetnek (EBESZ) a v\u00e1laszt\u00e1sokr\u00f3l k\u00e9sz\u00edtett jelent\u00e9s\u00e9re hivatkozik, \u00e9s \u00edgy folytatja: a megfigyelt csatorn\u00e1k t\u00f6bbs\u00e9ge &#8222;jelent\u0151s elfogults\u00e1got&#8221; mutatott a korm\u00e1nyz\u00f3 Fidesz jav\u00e1ra, az egyik kiv\u00e9tel pedig az RTL volt, a jelent\u00e9s pedig arra is kit\u00e9r, hogy egyre t\u00f6bb sajt\u00f3org\u00e1num &#8222;ker\u00fcl a Fideszhez k\u00f6thet\u0151 \u00fczletemberek k\u00f6zvetlen tulajdon\u00e1ba&#8221;.<br \/>\n&#8222;Ez olyan m\u00e9diaszektor k\u00e9p\u00e9t festi le, amely (a legjobb esetben) bizonytalan \u00e9s \u00f6ncenz\u00far\u00e1t gyakorol, a legrosszabb esetben pedig p\u00e1rtos, ha nem egyenesen a korm\u00e1ny \u00e1ltal ellen\u0151rz\u00f6tt&#8221; &#8211; jegyzi meg Neelie Kroes.<br \/>\nA holland politikus \u00fagy v\u00e9li, hogy a korm\u00e1nynak \u00e9ppen a m\u00e9dia soksz\u00edn\u0171s\u00e9g\u00e9re leselked\u0151 fenyeget\u00e9sek ellen kellene fell\u00e9pnie.<br \/>\n&#8222;A korm\u00e1ny \u00e1ltali ellen\u0151rz\u00e9s, a monop\u00f3lium \u00e9s a cenz\u00fara Magyarorsz\u00e1g t\u00f6rt\u00e9net\u00e9nek egy m\u00e1sik, s\u00f6t\u00e9tebb korszak\u00e1hoz tartoznak, \u00e9s senkinek sem szabadna arra v\u00e1gynia, hogy visszat\u00e9rjen ahhoz&#8221; &#8211; h\u00fazza al\u00e1 Kroes, aki szerint a szabad \u00e9s soksz\u00edn\u0171 sajt\u00f3 els\u0151dleges feladata a m\u00e9lt\u00e1nyos \u00e9s elfogulatlan t\u00e1j\u00e9koztat\u00e1s.<br \/>\n&#8222;Ennek al\u00e1\u00e1s\u00e1sa, a dinamikus vita elhallgattat\u00e1s\u00e1ra tett k\u00eds\u00e9rlet pedig nem m\u00e1s, mint t\u00e1mad\u00e1s a magyar demokr\u00e1cia ellen. A demokr\u00e1cia \u00e9s a magyar n\u00e9p \u00e9rdek\u00e9ben, amely olyan kem\u00e9nyen k\u00fczd\u00f6tt, hogy annak gy\u00fcm\u00f6lcseit \u00e9lvezhesse, nem n\u00e9zhetj\u00fck t\u00e9tlen\u00fcl az esem\u00e9nyeket&#8221; &#8211; \u00e1ll Neelie Kroes blogj\u00e1ban.<br \/>\nA biztos egy\u00fattal felid\u00e9zi, hogy nemcsak Magyarorsz\u00e1gon vannak ezzel kapcsolatos probl\u00e9m\u00e1k, hanem p\u00e9ld\u00e1ul Bulg\u00e1ri\u00e1ban, az Egyes\u00fclt Kir\u00e1lys\u00e1gban \u00e9s Olaszorsz\u00e1gban is.<br \/>\nA blogbejegyz\u00e9st firtat\u00f3 \u00fajs\u00e1g\u00edr\u00f3i k\u00e9rd\u00e9sre Kroes sz\u00f3viv\u0151je, Ryan Heath a bizotts\u00e1g szok\u00e1sos d\u00e9li sajt\u00f3t\u00e1j\u00e9koztat\u00f3j\u00e1n kijelentette: az semmilyen m\u00f3don nem befoly\u00e1solja, hogy a bizotts\u00e1g tesz-e valamilyen l\u00e9p\u00e9st a rekl\u00e1mad\u00f3val \u00f6sszef\u00fcgg\u00e9sben.<br \/>\n&#8222;Arra szerett\u00fcnk volna r\u00e1mutatni, hogy Magyarorsz\u00e1gon l\u00e9tezik egy olyan viselked\u00e9sminta, amely megnehez\u00edti, hogy \u00fajs\u00e1g\u00edr\u00f3k szabadon tev\u00e9kenykedhessenek. Neelie Kroes pedig k\u00f6teless\u00e9g\u00e9nek \u00e9rezte, hogy felh\u00edvja erre a k\u00f6zv\u00e9lem\u00e9ny figyelm\u00e9t&#8221; &#8211; tudatta Heath.<br \/>\n&#8222;Nem pr\u00f3b\u00e1ljuk sem megv\u00e1ltoztatni, sem kiterjeszteni a bizotts\u00e1g egy\u00e9bk\u00e9nt igen korl\u00e1tozott jogk\u00f6reit a m\u00e9diaszabads\u00e1g ter\u00e9n&#8221; &#8211; sz\u00f6gezte le Ryan Heath, Neelie Kroes sz\u00f3viv\u0151je.(MTI)<br \/>\n(Forr\u00e1s:\u00a0<a title=\"Hely megnyit\u00e1sa\" href=\"http:\/\/ec.europa.eu\/commission_2010-2014\/kroes\/en\/blog\/media-freedom-remains-under-threat-hungary\" target=\"_blank\" rel=\"noopener\">http:\/\/ec.europa.eu\/commission_2010-2014\/kroes\/en\/blog\/media-freedom-remains-under-threat-hungary<\/a>)<\/p>\n","protected":false},"excerpt":{"rendered":"<p>Tov\u00e1bbra is vesz\u00e9lyben van a m\u00e9dia szabads\u00e1ga Magyarorsz\u00e1gon &#8211; \u00edrta a rekl\u00e1mad\u00f3r\u00f3l blogj\u00e1ban Neelie Kroes, az Eur\u00f3pai Bizotts\u00e1g digit\u00e1lis ter\u00fclet\u00e9rt felel\u0151s aleln\u00f6ke h\u00e9tf\u0151n.<\/p>\n","protected":false},"author":1,"featured_media":0,"comment_status":"open","ping_status":"closed","sticky":false,"template":"","format":"standard","meta":[],"categories":[18],"tags":[],"_links":{"self":[{"href":"https:\/\/gazdasagportal.hu\/index.php\/wp-json\/wp\/v2\/posts\/40502"}],"collection":[{"href":"https:\/\/gazdasagportal.hu\/index.php\/wp-json\/wp\/v2\/posts"}],"about":[{"href":"https:\/\/gazdasagportal.hu\/index.php\/wp-json\/wp\/v2\/types\/post"}],"author":[{"embeddable":true,"href":"https:\/\/gazdasagportal.hu\/index.php\/wp-json\/wp\/v2\/users\/1"}],"replies":[{"embeddable":true,"href":"https:\/\/gazdasagportal.hu\/index.php\/wp-json\/wp\/v2\/comments?post=40502"}],"version-history":[{"count":2,"href":"https:\/\/gazdasagportal.hu\/index.php\/wp-json\/wp\/v2\/posts\/40502\/revisions"}],"predecessor-version":[{"id":40567,"href":"https:\/\/gazdasagportal.hu\/index.php\/wp-json\/wp\/v2\/posts\/40502\/revisions\/40567"}],"wp:attachment":[{"href":"https:\/\/gazdasagportal.hu\/index.php\/wp-json\/wp\/v2\/media?parent=40502"}],"wp:term":[{"taxonomy":"category","embeddable":true,"href":"https:\/\/gazdasagportal.hu\/index.php\/wp-json\/wp\/v2\/categories?post=40502"},{"taxonomy":"post_tag","embeddable":true,"href":"https:\/\/gazdasagportal.hu\/index.php\/wp-json\/wp\/v2\/tags?post=40502"}],"curies":[{"name":"wp","href":"https:\/\/api.w.org\/{rel}","templated":true}]}}