{"id":40492,"date":"2014-07-28T18:42:38","date_gmt":"2014-07-28T16:42:38","guid":{"rendered":"http:\/\/stockportal.hu\/?p=40492"},"modified":"2014-07-28T16:45:27","modified_gmt":"2014-07-28T14:45:27","slug":"nemet-koalicios-vita-a-hadiiparrol","status":"publish","type":"post","link":"https:\/\/gazdasagportal.hu\/index.php\/nemet-koalicios-vita-a-hadiiparrol\/","title":{"rendered":"N\u00e9met koal\u00edci\u00f3s vita a hadiiparr\u00f3l"},"content":{"rendered":"<p><strong>N\u00e9metorsz\u00e1gban koal\u00edci\u00f3s fesz\u00fclts\u00e9get okozott, hogy a konzervat\u00edvokkal korm\u00e1nyz\u00f3 szoci\u00e1ldemokrat\u00e1k korl\u00e1tozni akarj\u00e1k a nem EU- \u00e9s nem NATO-tagorsz\u00e1gokba ir\u00e1nyul\u00f3 hadiipari exportot.<\/strong><!--more--><br \/>\n<div class=\"ads-in-post1\"><div id=\"gazdasagportal.hu_fullbanner_wideboard\"><\/div>\r\n<\/div>\n<p>    N\u00e9metorsz\u00e1g a legnagyobb fegyverexport\u0151r\u00f6k k\u00f6z\u00f6tt van, rendszerint a harmadik helyen \u00e1ll az Egyes\u00fclt \u00c1llamok \u00e9s Oroszorsz\u00e1g ut\u00e1n, \u00e9s a kivitel\u00e9ben az 2009-2013 k\u00f6z\u00f6tti ciklusban megdupl\u00e1z\u00f3dott az \u00fagynevezett harmadik \u00e1llamok &#8211; nem az EU-hoz, illetve nem a NATO-hoz tartoz\u00f3 vagy a NATO-val partneri viszonyt folytat\u00f3 orsz\u00e1gok &#8211; ar\u00e1nya.<br \/>\n    A szoci\u00e1ldemokrat\u00e1k (SPD) szerint meg kell ford\u00edtani az el\u0151z\u0151, konzervat\u00edv-liber\u00e1lis koal\u00edci\u00f3 idej\u00e9n kibontakozott trendet, mert a hadiipar nem csak az \u00fczletr\u0151l sz\u00f3l. A korm\u00e1ny sz\u00e1m\u00e1ra ez az \u00e1gazat &#8222;nem a gazdas\u00e1gpolitika, hanem a k\u00fcl- \u00e9s biztons\u00e1gpolitika alak\u00edt\u00e1s\u00e1ra szolg\u00e1l\u00f3 eszk\u00f6z&#8221; &#8211; mondta egy vas\u00e1rnapi telev\u00edzi\u00f3s interj\u00faban Sigmar Gabriel gazdas\u00e1gi miniszter, az SPD eln\u00f6ke, reag\u00e1lva a kisebbik konzervat\u00edv korm\u00e1nyp\u00e1rt, a bajor CSU b\u00edr\u00e1lat\u00e1ra, amely szerint a gazdas\u00e1gi t\u00e1rca politik\u00e1ja \u00e1rt a hazai hadiiparnak.<br \/>\n    A szoci\u00e1ldemokrata vezet\u00e9s\u0171 miniszt\u00e9rium vil\u00e1gos koncepci\u00f3t n\u00e9lk\u00fcl\u00f6z\u0151 m\u00f3don &#8222;gyakorlatilag exporttilalmat l\u00e9ptetett \u00e9letbe&#8221;, mert nem dolgozza fel a k\u00e9relmeket &#8211; mondta Horst Seehofer bajor minisztereln\u00f6k egy lapinterj\u00faban. Hozz\u00e1tette: a kivitel korl\u00e1toz\u00e1sa kiszor\u00edthatja a n\u00e9met gy\u00e1rt\u00f3kat a piacokr\u00f3l, ami az \u00e1gazat le\u00e9p\u00fcl\u00e9s\u00e9hez vezethet, ez pedig s\u00e9rti az orsz\u00e1g biztons\u00e1gi \u00e9rdekeit.<br \/>\n    Ezen az alapon fel kellett volna \u00e9p\u00edteni azt az oroszorsz\u00e1gi l\u00f6v\u00e9szeti kik\u00e9pz\u0151 k\u00f6zpontot, amelyre egy n\u00e9met c\u00e9g  kapott megb\u00edz\u00e1st a moszkvai  vezet\u00e9st\u0151l, a n\u00e9met korm\u00e1ny azonban az ukr\u00e1n v\u00e1ls\u00e1g miatt visszavonta az enged\u00e9lyt &#8211; jegyezte meg Gabriel a hadiipar egyik k\u00f6zpontjak\u00e9nt sz\u00e1mon tartott Bajororsz\u00e1g minisztereln\u00f6k\u00e9nek b\u00edr\u00e1lat\u00e1ra.<br \/>\n    Azzal kapcsolatban, hogy az \u00e1gazat csaknem h\u00fasz v\u00e1llalkoz\u00e1sa k\u00f6z\u00f6sen lev\u00e9lben fordult hozz\u00e1, kifog\u00e1solva a t\u00e1rca tev\u00e9kenys\u00e9g\u00e9t, azt mondta, hogy megbesz\u00e9l\u00e9st kezdem\u00e9nyez az \u00fczemi tan\u00e1csokkal a munkahelyek biztos\u00edt\u00e1s\u00e1r\u00f3l.<br \/>\n    A vita h\u00e9tf\u0151n is folytat\u00f3dott, \u00e9s bekapcsol\u00f3dott a nagyobbik konzervat\u00edv p\u00e1rt, a CDU is. A gazdas\u00e1gi miniszter t\u00f6rekv\u00e9sei munkahelyeket vesz\u00e9lyeztetnek, csaknem 200 ezer \u00e1ll\u00e1s megmarad\u00e1sa forog kock\u00e1n, ami el\u00e9gg\u00e9 aggaszt\u00f3 &#8211; mondta a Deutschlandfunk k\u00f6zszolg\u00e1lati r\u00e1di\u00f3nak Michael Fuchs, a CDU\/CSU parlamenti frakci\u00f3 helyettes vezet\u0151je.<br \/>\n    A t\u00e1rca sz\u00f3viv\u0151je visszautas\u00edtotta a b\u00edr\u00e1latokat, hangs\u00falyozta, hogy komolyan veszik a v\u00e1llalkoz\u00e1sok aggodalmait, az elb\u00edr\u00e1l\u00e1sra v\u00e1r\u00f3 exportenged\u00e9lyek sz\u00e1ma pedig nem emelkedett az el\u0151z\u0151 ciklushoz k\u00e9pest.<br \/>\n    N\u00e9metorsz\u00e1gban valamennyi hadiipari export\u00fcgylethez sz\u00fcks\u00e9ges a kancell\u00e1rb\u00f3l \u00e9s a korm\u00e1ny nyolc miniszter\u00e9b\u0151l \u00e1ll\u00f3 sz\u00f6vets\u00e9gi biztons\u00e1gi tan\u00e1cs hozz\u00e1j\u00e1rul\u00e1sa. A test\u00fclet z\u00e1rt \u00fcl\u00e9seken t\u00e1rgyalja az \u00fcgyeket, m\u00e9g az \u00fcl\u00e9sek napirendje is szigor\u00faan titkos, \u00e9s sem a parlamentnek, sem a nyilv\u00e1noss\u00e1gnak nem tartozik elsz\u00e1mol\u00e1ssal. Tev\u00e9kenys\u00e9g\u00e9r\u0151l csak \u00f6sszefoglal\u00f3 adatokat k\u00f6z\u00f6l a hadiipari \u00e1gazat kivitel\u00e9nek alakul\u00e1s\u00e1r\u00f3l sz\u00f3l\u00f3 \u00e9ves korm\u00e1nyzati jelent\u00e9sben.<br \/>\n    A legut\u00f3bbi kimutat\u00e1s szerint 2013-ban 8,34 milli\u00e1rd eur\u00f3 \u00e9rt\u00e9k\u0171 exportot enged\u00e9lyeztek, ami cs\u00f6kken\u00e9s az egy \u00e9vvel kor\u00e1bbi 8,87 milli\u00e1rdhoz k\u00e9pest, de a harmadik orsz\u00e1gokba ir\u00e1nyul\u00f3 kivitel ar\u00e1nya minden kor\u00e1bbin\u00e1l magasabbra, 62 sz\u00e1zal\u00e9kra emelkedett. Az el\u0151z\u0151 ciklus els\u0151 teljes \u00e9v\u00e9ben, 2010-ben 29 sz\u00e1zal\u00e9k volt ez az ar\u00e1ny.(MTI)<\/p>\n","protected":false},"excerpt":{"rendered":"<p>N\u00e9metorsz\u00e1gban koal\u00edci\u00f3s fesz\u00fclts\u00e9get okozott, hogy a konzervat\u00edvokkal korm\u00e1nyz\u00f3 szoci\u00e1ldemokrat\u00e1k korl\u00e1tozni akarj\u00e1k a nem EU- \u00e9s nem NATO-tagorsz\u00e1gokba ir\u00e1nyul\u00f3 hadiipari exportot.<\/p>\n","protected":false},"author":1,"featured_media":0,"comment_status":"open","ping_status":"closed","sticky":false,"template":"","format":"standard","meta":[],"categories":[12],"tags":[],"_links":{"self":[{"href":"https:\/\/gazdasagportal.hu\/index.php\/wp-json\/wp\/v2\/posts\/40492"}],"collection":[{"href":"https:\/\/gazdasagportal.hu\/index.php\/wp-json\/wp\/v2\/posts"}],"about":[{"href":"https:\/\/gazdasagportal.hu\/index.php\/wp-json\/wp\/v2\/types\/post"}],"author":[{"embeddable":true,"href":"https:\/\/gazdasagportal.hu\/index.php\/wp-json\/wp\/v2\/users\/1"}],"replies":[{"embeddable":true,"href":"https:\/\/gazdasagportal.hu\/index.php\/wp-json\/wp\/v2\/comments?post=40492"}],"version-history":[{"count":1,"href":"https:\/\/gazdasagportal.hu\/index.php\/wp-json\/wp\/v2\/posts\/40492\/revisions"}],"predecessor-version":[{"id":40493,"href":"https:\/\/gazdasagportal.hu\/index.php\/wp-json\/wp\/v2\/posts\/40492\/revisions\/40493"}],"wp:attachment":[{"href":"https:\/\/gazdasagportal.hu\/index.php\/wp-json\/wp\/v2\/media?parent=40492"}],"wp:term":[{"taxonomy":"category","embeddable":true,"href":"https:\/\/gazdasagportal.hu\/index.php\/wp-json\/wp\/v2\/categories?post=40492"},{"taxonomy":"post_tag","embeddable":true,"href":"https:\/\/gazdasagportal.hu\/index.php\/wp-json\/wp\/v2\/tags?post=40492"}],"curies":[{"name":"wp","href":"https:\/\/api.w.org\/{rel}","templated":true}]}}