{"id":40429,"date":"2014-07-28T08:30:30","date_gmt":"2014-07-28T06:30:30","guid":{"rendered":"http:\/\/stockportal.hu\/?p=40429"},"modified":"2014-07-28T08:30:30","modified_gmt":"2014-07-28T06:30:30","slug":"gazai-konfliktus-izrael-korlatozott-tuzszunetet-tart-a-gazai-harcokban","status":"publish","type":"post","link":"https:\/\/gazdasagportal.hu\/index.php\/gazai-konfliktus-izrael-korlatozott-tuzszunetet-tart-a-gazai-harcokban\/","title":{"rendered":"G\u00e1zai konfliktus \u2013 Izrael korl\u00e1tozott t\u0171zsz\u00fcnetet tart a g\u00e1zai harcokban"},"content":{"rendered":"<p><strong>Az izraeli hadsereg korl\u00e1tozott t\u0171zsz\u00fcnetet tart a g\u00e1zai harcokban &#8211; jelentette a k\u00f6zszolg\u00e1lati r\u00e1di\u00f3 h\u00e9tf\u0151n.<\/strong><!--more--><br \/>\n<div class=\"ads-in-post1\"><div id=\"gazdasagportal.hu_fullbanner_wideboard\"><\/div>\r\n<\/div>\n<p>\u00a0\u00a0\u00a0\u00a0Err\u0151l az izraeli nemzetbiztons\u00e1gi kabinet d\u00f6nt\u00f6tt vas\u00e1rnap \u00e9jf\u00e9l ut\u00e1n v\u00e9get \u00e9rt \u00fcl\u00e9s\u00e9n, amelyen a g\u00e1zai &#8222;Er\u0151s Szikla&#8221; hadm\u0171velet folytat\u00e1s\u00e1nak m\u00f3dja volt a t\u00e9ma. A r\u00e1di\u00f3 szerint a &#8222;korl\u00e1tozott t\u0171zsz\u00fcnet\u201d azt jelenti, hogy az \u00f6vezetben \u00e1llom\u00e1soz\u00f3 egys\u00e9gek besz\u00fcntettek minden harci tev\u00e9kenys\u00e9get a g\u00e1zai fegyveresekkel szemben, csak akkor l\u0151nek, ha megt\u00e1madj\u00e1k \u0151ket, viszont a hadsereg folytatja a t\u00e1mad\u00f3 alagutak felsz\u00e1mol\u00e1s\u00e1t a g\u00e1zai hat\u00e1r ment\u00e9n.<br \/>\n\u00a0\u00a0\u00a0\u00a0Vas\u00e1rnap felrobbantottak k\u00e9t, izraeli ter\u00fcletre vezet\u0151, f\u00f6ld alatti folyos\u00f3t. A hadsereg tisztjei szerint az alagutak felt\u00e1r\u00e1s\u00e1hoz sz\u00fcks\u00e9g\u00fck van m\u00e9g n\u00e9h\u00e1ny napra. A harcok sz\u00fcneteltet\u00e9s\u00e9nek idej\u00e9t nem hat\u00e1rozta meg Jeruzs\u00e1lem.<br \/>\n\u00a0\u00a0\u00a0\u00a0Beni Ganc vez\u00e9rkari f\u0151n\u00f6k megl\u00e1togatta a G\u00e1zai \u00f6vezet \u00e9szaki r\u00e9sz\u00e9n, B\u00e9t Han\u00fanban tart\u00f3zkod\u00f3 csapatokat, \u00e9s utalva az izraeli hadsereg kivon\u00e1s\u00e1t s\u00fcrget\u0151 diplom\u00e1ciai nyom\u00e1sra azt mondta, hogy munk\u00e1juk &#8222;el fog tartani egy ideig, de itt minden perc sz\u00e1m\u00edt&#8221;.(MTI)<\/p>\n","protected":false},"excerpt":{"rendered":"<p>Az izraeli hadsereg korl\u00e1tozott t\u0171zsz\u00fcnetet tart a g\u00e1zai harcokban &#8211; jelentette a k\u00f6zszolg\u00e1lati r\u00e1di\u00f3 h\u00e9tf\u0151n.<\/p>\n","protected":false},"author":1,"featured_media":0,"comment_status":"open","ping_status":"closed","sticky":false,"template":"","format":"standard","meta":[],"categories":[16],"tags":[],"_links":{"self":[{"href":"https:\/\/gazdasagportal.hu\/index.php\/wp-json\/wp\/v2\/posts\/40429"}],"collection":[{"href":"https:\/\/gazdasagportal.hu\/index.php\/wp-json\/wp\/v2\/posts"}],"about":[{"href":"https:\/\/gazdasagportal.hu\/index.php\/wp-json\/wp\/v2\/types\/post"}],"author":[{"embeddable":true,"href":"https:\/\/gazdasagportal.hu\/index.php\/wp-json\/wp\/v2\/users\/1"}],"replies":[{"embeddable":true,"href":"https:\/\/gazdasagportal.hu\/index.php\/wp-json\/wp\/v2\/comments?post=40429"}],"version-history":[{"count":1,"href":"https:\/\/gazdasagportal.hu\/index.php\/wp-json\/wp\/v2\/posts\/40429\/revisions"}],"predecessor-version":[{"id":40430,"href":"https:\/\/gazdasagportal.hu\/index.php\/wp-json\/wp\/v2\/posts\/40429\/revisions\/40430"}],"wp:attachment":[{"href":"https:\/\/gazdasagportal.hu\/index.php\/wp-json\/wp\/v2\/media?parent=40429"}],"wp:term":[{"taxonomy":"category","embeddable":true,"href":"https:\/\/gazdasagportal.hu\/index.php\/wp-json\/wp\/v2\/categories?post=40429"},{"taxonomy":"post_tag","embeddable":true,"href":"https:\/\/gazdasagportal.hu\/index.php\/wp-json\/wp\/v2\/tags?post=40429"}],"curies":[{"name":"wp","href":"https:\/\/api.w.org\/{rel}","templated":true}]}}