{"id":40414,"date":"2014-07-27T20:38:16","date_gmt":"2014-07-27T18:38:16","guid":{"rendered":"http:\/\/stockportal.hu\/?p=40414"},"modified":"2014-07-27T20:38:16","modified_gmt":"2014-07-27T18:38:16","slug":"ukran-valsag-mizsei-kalman-az-ukran-kormanykoalicio-osszeomlasa-nem-nagyon-befolyasolja-az-eu-tanacsado-missziot","status":"publish","type":"post","link":"https:\/\/gazdasagportal.hu\/index.php\/ukran-valsag-mizsei-kalman-az-ukran-kormanykoalicio-osszeomlasa-nem-nagyon-befolyasolja-az-eu-tanacsado-missziot\/","title":{"rendered":"Ukr\u00e1n v\u00e1ls\u00e1g &#8211; Mizsei K\u00e1lm\u00e1n: az ukr\u00e1n korm\u00e1nykoal\u00edci\u00f3 \u00f6sszeoml\u00e1sa nem nagyon befoly\u00e1solja az EU tan\u00e1csad\u00f3 misszi\u00f3t"},"content":{"rendered":"<p><strong>Az ukr\u00e1n korm\u00e1nykoal\u00edci\u00f3 \u00f6sszeoml\u00e1sa nem nagyon befoly\u00e1solja a most indul\u00f3, tan\u00e1csad\u00f3i jelleg\u0171 ukrajnai EU-misszi\u00f3 l\u00e9trehoz\u00e1s\u00e1t &#8211; mondta az MTI-nek, Mizsei K\u00e1lm\u00e1n, akit cs\u00fct\u00f6rt\u00f6k\u00f6n nevezett ki Catherine Ashton, az EU k\u00fcl- \u00e9s biztons\u00e1gpolitikai f\u0151k\u00e9pvisel\u0151je a misszi\u00f3 vezet\u0151j\u00e9v\u00e9.<\/strong><!--more--><br \/>\n<div class=\"ads-in-post1\"><div id=\"gazdasagportal.hu_fullbanner_wideboard\"><\/div>\r\n<\/div>\n<p>    Az \u00faj uni\u00f3s k\u00fcldet\u00e9snek az a c\u00e9lja, hogy felk\u00e9sz\u00fclt szakemberek tan\u00e1csokkal seg\u00edts\u00e9k  a  nem katonai jelleg\u0171 ukr\u00e1n belbiztons\u00e1gi szervek &#8211; \u00edgy a rend\u0151rs\u00e9g, illetve a nemzeti g\u00e1rda &#8211; reformj\u00e1t.<br \/>\n    Az ukrajnai v\u00e1ls\u00e1g kialakul\u00e1s\u00e1ban az is szerepet j\u00e1tszott, hogy a bel\u00fcgyminiszt\u00e9rium al\u00e1rendelts\u00e9g\u00e9be tartoz\u00f3 biztons\u00e1gi er\u0151k nem \u00e1lltak feladatuk magaslat\u00e1n, \u00e9s e tekintetben az ukr\u00e1n vezet\u00e9sen bel\u00fcl egyet\u00e9rt\u00e9s van &#8211; t\u00e1masztotta al\u00e1 Mizsei K\u00e1lm\u00e1n azt a kijelent\u00e9s\u00e9t, hogy a koal\u00edci\u00f3 sz\u00e9tes\u00e9se, a minisztereln\u00f6k lemond\u00e1sa, illetve az \u0151sszel val\u00f3sz\u00edn\u0171s\u00edthet\u0151 parlamenti v\u00e1laszt\u00e1sok megrendez\u00e9se nem v\u00e1ltoztat az uni\u00f3s misszi\u00f3, az eur\u00f3pai tan\u00e1csad\u00e1s \u00e9s seg\u00edts\u00e9gny\u00fajt\u00e1s ir\u00e1nti ukr\u00e1n ig\u00e9nyen. Ann\u00e1l is kev\u00e9sb\u00e9, mivel ez a ter\u00fclet nem a minisztereln\u00f6k, hanem az \u00e1llamf\u0151 illet\u00e9kess\u00e9g\u00e9be tartozik &#8211; tette hozz\u00e1.<br \/>\n    A misszi\u00f3t kedden hozt\u00e1k l\u00e9tre hivatalosan az EU-orsz\u00e1gok k\u00fcl\u00fcgyminisztereinek \u00fcl\u00e9s\u00e9n Kijev k\u00e9r\u00e9s\u00e9re azzal a c\u00e9llal, hogy tan\u00e1csokkal l\u00e1ssa el az ukr\u00e1n hat\u00f3s\u00e1gokat, mik\u00e9nt lehet az \u00fagynevezett civil biztons\u00e1gi szektor tev\u00e9kenys\u00e9g\u00e9ben \u00e9rv\u00e9nyes\u00edteni a jog\u00e1llamis\u00e1g elveinek tiszteletben tart\u00e1s\u00e1t \u00e9s a demokratikus felel\u0151ss\u00e9gi rendszert, ugyanakkor biztos\u00edtani a hat\u00e9konys\u00e1got \u00e9s a fenntarthat\u00f3s\u00e1got. A misszi\u00f3 tagjai nem viselnek fegyvert, \u00e9s nincs k\u00f6zvetlen int\u00e9zked\u00e9si jogk\u00f6r\u00fck.<br \/>\n    Az MTI azon k\u00e9rd\u00e9s\u00e9re, hogy az ukr\u00e1n biztons\u00e1gi szervek jelenlegi \u00e1llapota mennyire teszi lehet\u0151v\u00e9 olyan horderej\u0171 \u00fcgyek t\u00e1rgyilagos kivizsg\u00e1l\u00e1s\u00e1t, mint p\u00e9ld\u00e1ul a malajziai l\u00e9git\u00e1rsas\u00e1g g\u00e9p\u00e9nek a lezuhan\u00e1sa, az uni\u00f3s misszi\u00f3 frissen kinevezett vezet\u0151je azt mondta, erre felel\u0151ss\u00e9ggel most, a munka megkezd\u00e9se el\u0151tt m\u00e9g nem tud v\u00e1laszolni, ahhoz el\u0151bb nagyon alaposan meg kell ismerkednie e szervek m\u0171k\u00f6d\u00e9s\u00e9vel.<br \/>\n    Mizsei K\u00e1lm\u00e1n felh\u00edvta a figyelmet arra, hogy a misszi\u00f3t el\u0151sz\u00f6r is &#8222;fel kell \u00e9p\u00edteni&#8221;, meg kell teremteni az infrastruktur\u00e1lis felt\u00e9teleket a tervek szerint 57 f\u0151s szakemberg\u00e1rda sz\u00e1m\u00e1ra. Mint mondta, rem\u00e9li, hogy min\u00e9l t\u00f6bb uni\u00f3s tagorsz\u00e1g ad majd munkat\u00e1rsat ebbe a misszi\u00f3ba. A munk\u00e1t &#8211; k\u00f6z\u00f6lte &#8211; mindenk\u00e9ppen Kijevben kell megkezdeni, hiszen el\u0151sz\u00f6r a k\u00f6zponti ir\u00e1ny\u00edt\u00f3 szervek reformj\u00e1t kell v\u00e9grehajtani, de mivel Ukrajna nagy kiterjed\u00e9s\u0171 orsz\u00e1g, id\u0151vel felmer\u00fclhet, hogy a v\u00e9grehajt\u00e1s mik\u00e9ntj\u00e9t k\u00fcl\u00f6nb\u00f6z\u0151 helysz\u00edneken is figyelemmel k\u00eds\u00e9rj\u00e9k.(MTI)<\/p>\n","protected":false},"excerpt":{"rendered":"<p>Az ukr\u00e1n korm\u00e1nykoal\u00edci\u00f3 \u00f6sszeoml\u00e1sa nem nagyon befoly\u00e1solja a most indul\u00f3, tan\u00e1csad\u00f3i jelleg\u0171 ukrajnai EU-misszi\u00f3 l\u00e9trehoz\u00e1s\u00e1t &#8211; mondta az MTI-nek, Mizsei K\u00e1lm\u00e1n, akit cs\u00fct\u00f6rt\u00f6k\u00f6n nevezett ki Catherine Ashton, az EU k\u00fcl- \u00e9s biztons\u00e1gpolitikai f\u0151k\u00e9pvisel\u0151je a misszi\u00f3 vezet\u0151j\u00e9v\u00e9.<\/p>\n","protected":false},"author":1,"featured_media":0,"comment_status":"open","ping_status":"closed","sticky":false,"template":"","format":"standard","meta":[],"categories":[139],"tags":[],"_links":{"self":[{"href":"https:\/\/gazdasagportal.hu\/index.php\/wp-json\/wp\/v2\/posts\/40414"}],"collection":[{"href":"https:\/\/gazdasagportal.hu\/index.php\/wp-json\/wp\/v2\/posts"}],"about":[{"href":"https:\/\/gazdasagportal.hu\/index.php\/wp-json\/wp\/v2\/types\/post"}],"author":[{"embeddable":true,"href":"https:\/\/gazdasagportal.hu\/index.php\/wp-json\/wp\/v2\/users\/1"}],"replies":[{"embeddable":true,"href":"https:\/\/gazdasagportal.hu\/index.php\/wp-json\/wp\/v2\/comments?post=40414"}],"version-history":[{"count":1,"href":"https:\/\/gazdasagportal.hu\/index.php\/wp-json\/wp\/v2\/posts\/40414\/revisions"}],"predecessor-version":[{"id":40415,"href":"https:\/\/gazdasagportal.hu\/index.php\/wp-json\/wp\/v2\/posts\/40414\/revisions\/40415"}],"wp:attachment":[{"href":"https:\/\/gazdasagportal.hu\/index.php\/wp-json\/wp\/v2\/media?parent=40414"}],"wp:term":[{"taxonomy":"category","embeddable":true,"href":"https:\/\/gazdasagportal.hu\/index.php\/wp-json\/wp\/v2\/categories?post=40414"},{"taxonomy":"post_tag","embeddable":true,"href":"https:\/\/gazdasagportal.hu\/index.php\/wp-json\/wp\/v2\/tags?post=40414"}],"curies":[{"name":"wp","href":"https:\/\/api.w.org\/{rel}","templated":true}]}}