{"id":40404,"date":"2014-07-27T16:27:20","date_gmt":"2014-07-27T14:27:20","guid":{"rendered":"http:\/\/stockportal.hu\/?p=40404"},"modified":"2014-07-27T16:27:20","modified_gmt":"2014-07-27T14:27:20","slug":"gazai-konfliktus-a-hamasz-elfogadta-a-24-oras-tuzszunetet","status":"publish","type":"post","link":"https:\/\/gazdasagportal.hu\/index.php\/gazai-konfliktus-a-hamasz-elfogadta-a-24-oras-tuzszunetet\/","title":{"rendered":"G\u00e1zai konfliktus \u2013 A Ham\u00e1sz elfogadta a 24 \u00f3r\u00e1s t\u0171zsz\u00fcnetet"},"content":{"rendered":"<p><strong>A G\u00e1zai \u00f6vezetet ir\u00e1ny\u00edt\u00f3 Ham\u00e1sz palesztin radik\u00e1lis szervezet bejelentette vas\u00e1rnap, hogy a muzulm\u00e1n b\u00f6jti h\u00f3nap v\u00e9g\u00e9nek k\u00f6zeledt\u00e9re tekintettel elfogadja az  eredetileg Izrael \u00e1ltal meghirdetett, 24 \u00f3r\u00e1s humanit\u00e1rius t\u0171zsz\u00fcnetet.  M\u00e9g kora reggel Izrael  ugyanakkor fel\u00faj\u00edtotta a hadm\u0171veleteket, miut\u00e1n t\u00f6bb tucat a G\u00e1zai \u00f6vezetb\u0151l kil\u0151tt rak\u00e9ta \u00e9rt f\u00f6ldet ter\u00fclet\u00e9n.<\/strong><!--more--><br \/>\n<div class=\"ads-in-post1\"><div id=\"gazdasagportal.hu_fullbanner_wideboard\"><\/div>\r\n<\/div>\n<p>    Benj\u00e1min Netanjahu izraeli minisztereln\u00f6k vas\u00e1rnap d\u00e9lut\u00e1n az aj\u00e1nlat izraeli elfogad\u00e1s\u00e1nak k\u00e9rd\u00e9s\u00e9re azt v\u00e1laszolta, hogy a Ham\u00e1sz megszegte saj\u00e1t humanit\u00e1rius fegyvernyugv\u00e1si javaslat\u00e1t, \u00e9s mindent megtesz, hogy megv\u00e9dje n\u00e9p\u00e9t. A CNN amerikai h\u00edrtelev\u00edzi\u00f3nak nyilatkozva Netanjahu azt hangoztatta, hogy Izrael egyel\u0151re nem hajland\u00f3 \u00fajabb hossszabb\u00edt\u00e1sra.<br \/>\n    Az izraeli m\u00e9di\u00e1ban ugyanakkor ellentmond\u00e1sos inform\u00e1ci\u00f3k l\u00e1ttak napvil\u00e1got minderr\u0151l, a  nemzetbiztons\u00e1gi kabinet m\u00e9g fejezte be err\u0151l is d\u00f6nt\u0151 vas\u00e1rnap d\u00e9lut\u00e1ni \u00fcl\u00e9s\u00e9t.        A t\u0171zsz\u00fcnet k\u00f6z\u00e9p-eur\u00f3pai id\u0151 szerint vas\u00e1rnap 13 \u00f3rakor l\u00e9pett volna \u00e9letbe. A h\u00e1rom napos, b\u00f6jtt\u00f6r\u0151 \u00cdd al-Fitr \u00fcnnep h\u00e9tf\u0151n vagy kedden kezd\u0151dik a telihold kezdet\u00e9t\u0151l f\u00fcgg\u0151en.         Szombaton az izraeli nemzetbiztons\u00e1gi kabinet az aznap este lej\u00e1r\u00f3 humanit\u00e1rius t\u0171zsz\u00fcnetet egyoldal\u00faan meghosszabb\u00edtotta vas\u00e1rnap \u00e9jf\u00e9lig, de a Ham\u00e1sz akkor azonnal elutas\u00edtotta ezt.<br \/>\n    A Ham\u00e1sz az ENSZ megb\u00edzottj\u00e1val tudatta, hogy \u201ehumanit\u00e1rius nyugalmat\u201d hirdet, de egyoldal\u00fa l\u00e9p\u00e9s\u00e9re m\u00e9g nem v\u00e1laszolt az \u00e9ppen \u00fcl\u00e9sez\u0151 izraeli nemzetbiztons\u00e1gi tan\u00e1cs. A g\u00e1zai szervezetek \u00e1ltal meghirdetett id\u0151pont ut\u00e1n Izraelben t\u00f6bb rak\u00e9ta-l\u00e9giriad\u00f3 volt, \u00e9s Jeruzs\u00e1lem sem sz\u0171ntette be a g\u00e1zai harcokat.<br \/>\n    Szzami Abu Zuhri, a Ham\u00e1sz sz\u00f3viv\u0151je kijelentette, hogy \u201ev\u00e1laszul az ENSZ k\u00f6zbel\u00e9p\u00e9s\u00e9re, \u00e9s figyelembe v\u00e9ve n\u00e9p\u00fcnk helyzet\u00e9t, valamint az \u00cdd al-Fitr \u00fcnnep tisztelet\u00e9re az ellen\u00e1ll\u00e1s frakci\u00f3i megegyeztek egy 24 \u00f3r\u00e1s nyugalmi id\u0151szakban\u201d.<br \/>\n    Az izraeli hadsereg k\u00f6z\u00f6lte, hogy az el\u0151z\u0151 t\u0171zsz\u00fcnet \u00f3ta olyan helyeket vettek c\u00e9lba, ahonnan rak\u00e9t\u00e1kat l\u0151ttek Izraelre, valamint terror alagutakat \u00e9s h\u00e1rom fegyveres harcost.<br \/>\n    G\u00e1zai eg\u00e9szs\u00e9g\u00fcgyi forr\u00e1sok szerint ebben az id\u0151szakban t\u00edz \u00fajabb halott \u00e9s t\u00f6bb tucat sebes\u00fclt ker\u00fclt k\u00f3rh\u00e1zba.<br \/>\n     Jo\u00e1v Mordeh\u00e1j izraeli t\u00e1bornok az arab nyelv\u0171 m\u00e9di\u00e1nak azt nyilatkozta, hogy a Ham\u00e1sz a felel\u0151s a t\u0171zsz\u00fcnet megszakad\u00e1s\u00e1\u00e9rt.(MTI)<\/p>\n","protected":false},"excerpt":{"rendered":"<p>A G\u00e1zai \u00f6vezetet ir\u00e1ny\u00edt\u00f3 Ham\u00e1sz palesztin radik\u00e1lis szervezet bejelentette vas\u00e1rnap, hogy a muzulm\u00e1n b\u00f6jti h\u00f3nap v\u00e9g\u00e9nek k\u00f6zeledt\u00e9re tekintettel elfogadja az eredetileg Izrael \u00e1ltal meghirdetett, 24 \u00f3r\u00e1s humanit\u00e1rius t\u0171zsz\u00fcnetet. M\u00e9g kora reggel Izrael ugyanakkor fel\u00faj\u00edtotta a hadm\u0171veleteket, miut\u00e1n t\u00f6bb tucat a G\u00e1zai \u00f6vezetb\u0151l kil\u0151tt rak\u00e9ta \u00e9rt f\u00f6ldet ter\u00fclet\u00e9n.<\/p>\n","protected":false},"author":1,"featured_media":0,"comment_status":"open","ping_status":"closed","sticky":false,"template":"","format":"standard","meta":[],"categories":[16],"tags":[],"_links":{"self":[{"href":"https:\/\/gazdasagportal.hu\/index.php\/wp-json\/wp\/v2\/posts\/40404"}],"collection":[{"href":"https:\/\/gazdasagportal.hu\/index.php\/wp-json\/wp\/v2\/posts"}],"about":[{"href":"https:\/\/gazdasagportal.hu\/index.php\/wp-json\/wp\/v2\/types\/post"}],"author":[{"embeddable":true,"href":"https:\/\/gazdasagportal.hu\/index.php\/wp-json\/wp\/v2\/users\/1"}],"replies":[{"embeddable":true,"href":"https:\/\/gazdasagportal.hu\/index.php\/wp-json\/wp\/v2\/comments?post=40404"}],"version-history":[{"count":1,"href":"https:\/\/gazdasagportal.hu\/index.php\/wp-json\/wp\/v2\/posts\/40404\/revisions"}],"predecessor-version":[{"id":40405,"href":"https:\/\/gazdasagportal.hu\/index.php\/wp-json\/wp\/v2\/posts\/40404\/revisions\/40405"}],"wp:attachment":[{"href":"https:\/\/gazdasagportal.hu\/index.php\/wp-json\/wp\/v2\/media?parent=40404"}],"wp:term":[{"taxonomy":"category","embeddable":true,"href":"https:\/\/gazdasagportal.hu\/index.php\/wp-json\/wp\/v2\/categories?post=40404"},{"taxonomy":"post_tag","embeddable":true,"href":"https:\/\/gazdasagportal.hu\/index.php\/wp-json\/wp\/v2\/tags?post=40404"}],"curies":[{"name":"wp","href":"https:\/\/api.w.org\/{rel}","templated":true}]}}