{"id":40397,"date":"2014-07-27T11:18:04","date_gmt":"2014-07-27T09:18:04","guid":{"rendered":"http:\/\/stockportal.hu\/?p=40397"},"modified":"2014-07-27T10:51:23","modified_gmt":"2014-07-27T08:51:23","slug":"ukran-valsag-obama-barroso-rompuy-ashton-es-shulz-nem-utazhat-csecsenfoldre-szamlaikat-befagyasztjak","status":"publish","type":"post","link":"https:\/\/gazdasagportal.hu\/index.php\/ukran-valsag-obama-barroso-rompuy-ashton-es-shulz-nem-utazhat-csecsenfoldre-szamlaikat-befagyasztjak\/","title":{"rendered":"Ukr\u00e1n v\u00e1ls\u00e1g &#8211; Obama, Barroso, Rompuy, Ashton \u00e9s Shulz nem utazhat Csecsenf\u00f6ldre, sz\u00e1ml\u00e1ikat befagyasztj\u00e1k"},"content":{"rendered":"<p><strong>Ramzan Kadirov csecsen eln\u00f6k ellenszankci\u00f3kat hozott az Egyes\u00fclt \u00c1llamok \u00e9s az Eur\u00f3pai Uni\u00f3 vezet\u0151ivel szemben, miut\u00e1n kider\u00fclt, hogy az \u0151 neve is felker\u00fclt Br\u00fcsszel \u00fajabb feketelist\u00e1j\u00e1ra a kelet-ukrajnai Moszkva-bar\u00e1t szakad\u00e1roknak ny\u00fajtott seg\u00edts\u00e9ge miatt.<!--more--><\/strong><br \/>\n<div class=\"ads-in-post1\"><div id=\"gazdasagportal.hu_fullbanner_wideboard\"><\/div>\r\n<\/div>\n<p>Az Ukrajinszka Pravda kijevi h\u00edrport\u00e1l id\u00e9zte a h\u00e9t v\u00e9g\u00e9n Kadirov ezzel kapcsolatos feljegyz\u00e9s\u00e9t az Instagram k\u00e9p- \u00e9s videomegoszt\u00f3 port\u00e1lon.<br \/>\nKadirov szankci\u00f3s list\u00e1j\u00e1ra felker\u00fclt Barack Obama amerikai eln\u00f6k, Jos\u00e9 Manuel Barroso, az Eur\u00f3pai Bizotts\u00e1g eln\u00f6ke, Herman Van Rompuy, az Eur\u00f3pai Tan\u00e1cs eln\u00f6ke, Catherine Ashton, az Eur\u00f3pai Uni\u00f3 k\u00fcl\u00fcgyi f\u0151k\u00e9pvisel\u0151je \u00e9s Martin Schulz, az Eur\u00f3pai Parlament eln\u00f6ke.<br \/>\nKadirov arra adott utas\u00edt\u00e1st, hogy fagyassz\u00e1k be csecsenf\u00f6ldi sz\u00e1ml\u00e1ikat \u00e9s ottani vagyonukat (amennyiben egy\u00e1ltal\u00e1n fellelhet\u0151k az \u00e9szak-kauk\u00e1zusi k\u00f6zt\u00e1rsas\u00e1gban, ami kev\u00e9ss\u00e9 val\u00f3sz\u00edn\u0171). Emellett vas\u00e1rnapt\u00f3l nem tehetik be a l\u00e1bukat Csecsenf\u00f6ld ter\u00fclet\u00e9re.<br \/>\nA csecsen eln\u00f6k azzal indokolta a szankci\u00f3kat, hogy a sz\u00f3ban forg\u00f3 szem\u00e9lyek &#8222;a demokr\u00e1ciaexport l\u00e1tszat\u00e1t keltve b\u00e9k\u00e9s polg\u00e1rokat, n\u0151ket, \u00f6regeket \u00e9s gyerekeket \u00f6lnek meg, telep\u00fcl\u00e9seket \u00e9s vall\u00e1si szent\u00e9lyeket semmis\u00edtenek meg&#8221;. Tetteiket Kadirov &#8222;az orsz\u00e1gok \u00e9s n\u00e9pek ellen ir\u00e1nyul\u00f3 \u00e1llami terrorizmusnak&#8221; min\u0151s\u00edtette, \u00e9s felh\u00edvta a figyelmet arra, hogy befoly\u00e1suk egyre n\u0151 L\u00edbi\u00e1ban, Sz\u00edri\u00e1ban, Irakban, Afganiszt\u00e1nban \u00e9s Ukrajn\u00e1ban.<br \/>\nAz ukr\u00e1n h\u00edrport\u00e1l nem \u00edr arr\u00f3l, hogy mi\u00e9rt &#8222;szankcion\u00e1lta&#8221; Kadirov a washingtoni \u00e9s br\u00fcsszeli vezet\u0151ket, de d\u00f6nt\u00e9se nyilv\u00e1nval\u00f3an \u00f6sszef\u00fcgg azzal, hogy szombaton f\u00e9ny der\u00fclt arra, az \u0151 neve is rajta van az Eur\u00f3pai Uni\u00f3 \u00fajabb, v\u00e1rhat\u00f3an az j\u00f6v\u0151 h\u00e9ten \u00e9rv\u00e9nybe l\u00e9p\u0151 szankci\u00f3s list\u00e1n. Rajta k\u00edv\u00fcl Alekszandr Bortnyikov, az orosz Sz\u00f6vets\u00e9gi Biztons\u00e1gi Szolg\u00e1lat (FSZB) igazgat\u00f3ja \u00e9s Mihail Fradkov, a k\u00fcls\u0151 h\u00edrszerz\u00e9s vezet\u0151je, tov\u00e1bb\u00e1 Nyikolaj Patrusev, az orosz nemzetbiztons\u00e1gi tan\u00e1cs vezet\u0151je \u00e9s helyettese, Rasid Nurgalijev is szerepel a n\u00e9vsorban. Vagyonbefagyaszt\u00e1ssal \u00e9s utaz\u00e1si tilalommal s\u00fajtj\u00e1k \u0151ket.<br \/>\nA kelet-ukrajnai v\u00e1ls\u00e1g kezdete \u00f3ta a kijevi \u00e9s a nyugati sajt\u00f3 t\u00f6bbsz\u00f6r \u00edrt arr\u00f3l, hogy a szakad\u00e1rok oldal\u00e1n t\u00f6bb sz\u00e1z csecsen zsoldos harcol, akiket Ramzan Kadirov ir\u00e1ny\u00edtott a t\u00e9rs\u00e9gbe. Kadirov ezt tagadta.<br \/>\n(MTI)<br \/>\n<a title=\"Hely megnyit\u00e1sa\" href=\"http:\/\/www.pravda.com.ua\/news\/2014\/07\/26\/7033091\/\" target=\"_blank\" rel=\"noopener\">http:\/\/www.pravda.com.ua\/news\/2014\/07\/26\/7033091\/<\/a><\/p>\n","protected":false},"excerpt":{"rendered":"<p>Ramzan Kadirov csecsen eln\u00f6k ellenszankci\u00f3kat hozott az Egyes\u00fclt \u00c1llamok \u00e9s az Eur\u00f3pai Uni\u00f3 vezet\u0151ivel szemben, miut\u00e1n kider\u00fclt, hogy az \u0151 neve is felker\u00fclt Br\u00fcsszel \u00fajabb feketelist\u00e1j\u00e1ra a kelet-ukrajnai Moszkva-bar\u00e1t szakad\u00e1roknak ny\u00fajtott seg\u00edts\u00e9ge miatt.<\/p>\n","protected":false},"author":1,"featured_media":0,"comment_status":"open","ping_status":"closed","sticky":false,"template":"","format":"standard","meta":[],"categories":[139],"tags":[],"_links":{"self":[{"href":"https:\/\/gazdasagportal.hu\/index.php\/wp-json\/wp\/v2\/posts\/40397"}],"collection":[{"href":"https:\/\/gazdasagportal.hu\/index.php\/wp-json\/wp\/v2\/posts"}],"about":[{"href":"https:\/\/gazdasagportal.hu\/index.php\/wp-json\/wp\/v2\/types\/post"}],"author":[{"embeddable":true,"href":"https:\/\/gazdasagportal.hu\/index.php\/wp-json\/wp\/v2\/users\/1"}],"replies":[{"embeddable":true,"href":"https:\/\/gazdasagportal.hu\/index.php\/wp-json\/wp\/v2\/comments?post=40397"}],"version-history":[{"count":1,"href":"https:\/\/gazdasagportal.hu\/index.php\/wp-json\/wp\/v2\/posts\/40397\/revisions"}],"predecessor-version":[{"id":40398,"href":"https:\/\/gazdasagportal.hu\/index.php\/wp-json\/wp\/v2\/posts\/40397\/revisions\/40398"}],"wp:attachment":[{"href":"https:\/\/gazdasagportal.hu\/index.php\/wp-json\/wp\/v2\/media?parent=40397"}],"wp:term":[{"taxonomy":"category","embeddable":true,"href":"https:\/\/gazdasagportal.hu\/index.php\/wp-json\/wp\/v2\/categories?post=40397"},{"taxonomy":"post_tag","embeddable":true,"href":"https:\/\/gazdasagportal.hu\/index.php\/wp-json\/wp\/v2\/tags?post=40397"}],"curies":[{"name":"wp","href":"https:\/\/api.w.org\/{rel}","templated":true}]}}