{"id":40395,"date":"2014-07-27T10:46:06","date_gmt":"2014-07-27T08:46:06","guid":{"rendered":"http:\/\/stockportal.hu\/?p=40395"},"modified":"2014-07-27T11:54:52","modified_gmt":"2014-07-27T09:54:52","slug":"gazai-konfliktus-kiujultak-a-harcok-a-gazai-vezetben","status":"publish","type":"post","link":"https:\/\/gazdasagportal.hu\/index.php\/gazai-konfliktus-kiujultak-a-harcok-a-gazai-vezetben\/","title":{"rendered":"G\u00e1zai konfliktus &#8211; Ki\u00fajultak a harcok a G\u00e1zai vezetben"},"content":{"rendered":"<p><strong>Ki\u00fajultak a harcok a G\u00e1zai \u00f6vezetben &#8211;  k\u00f6z\u00f6lte az izraeli k\u00f6zszolg\u00e1lati r\u00e1di\u00f3 vas\u00e1rnap.<\/strong><!--more--><br \/>\n<div class=\"ads-in-post1\"><div id=\"gazdasagportal.hu_fullbanner_wideboard\"><\/div>\r\n<\/div>\n<p>    Az izraeli hadsereg ism\u00e9t g\u00e1zai c\u00e9lpontokat l\u0151tt a tengerr\u0151l \u00e9s a leveg\u0151b\u0151l vas\u00e1rnap, miut\u00e1n 24 \u00f3r\u00e1n \u00e1t sz\u00fcneteltette katonai tev\u00e9kenys\u00e9g\u00e9t.  A r\u00e1di\u00f3 \u00e9rtes\u00fcl\u00e9se szerint vas\u00e1rnap \u00f6ssze\u00fcl az izraeli biztons\u00e1gi kabinet, hogy a g\u00e1zai harcokr\u00f3l tan\u00e1cskozzon.<br \/>\n    Noha az izraeli kabinet az ENSZ k\u00e9r\u00e9s\u00e9re elfogadta a humanit\u00e1rius t\u0171zsz\u00fcnet vas\u00e1rnapi meghosszab\u00edt\u00e1s\u00e1t, a Ham\u00e1sz elutas\u00edtotta a k\u00e9r\u00e9st, \u00e9s szombat este \u00f3ta t\u00f6bb rak\u00e9tat\u00e1mad\u00e1st hajtottak v\u00e9gre Izrael d\u00e9li \u00e9s k\u00f6z\u00e9ps\u0151 r\u00e9szei ellen.  Szombat este \u00f3ta huszon\u00f6t Gr\u00e1d \u00e9s F-75-\u00f6s rak\u00e9t\u00e1t l\u0151ttek a zsid\u00f3 \u00e1llam ter\u00fclet\u00e9re, melyekb\u0151l \u00f6t\u00f6t a lakott ter\u00fcleteket v\u00e9d\u0151 Vaskupola semmis\u00edtett meg.<br \/>\n    Jo\u00e1v Mordeh\u00e1j, az izraeli hadsereg t\u00e1bornoka felsz\u00f3l\u00edtotta az \u00f6vezet sz\u00e1razf\u00f6ldi harcoknak kitett hat\u00e1rvid\u00e9k\u00e9nek civil lak\u00f3it, hogy ism\u00e9t hagyj\u00e1k el eredeti lak\u00f3helyeiket, s t\u00e9rjenek vissza a t\u0171zsz\u00fcnet el\u0151tti mened\u00e9ket biztos\u00edt\u00f3 helyekre.<br \/>\n    Nem csak az izraeli sz\u00e1razf\u00f6ldi er\u0151k,  de az egyiptomi biztons\u00e1giak is harcba sz\u00e1lltak az \u00f6vezetb\u0151l \u00e1sott alagutak ellen. Az egyiptomiak leromboltak tizenh\u00e1rom k\u00f6zelm\u00faltban l\u00e9trehozott f\u00f6ld alatti foly\u00f3s\u00f3t, amelyek a Sinai f\u00e9lszigetre vezettek  &#8211; jelentette az izraeli r\u00e1di\u00f3.<br \/>\n    Izrael a g\u00e1zai hat\u00e1rhoz k\u00f6zeli d\u00e9li r\u00e9szein a k\u00f6zeli napokban elhelyeztek sz\u00e1znegyvennyolc \u00faj utcai betonfedez\u00e9ket. A vesz\u00e9lyeztetett telep\u00fcl\u00e9sek utc\u00e1ira  az\u00e9rt tesznek n\u00e9h\u00e1ny n\u00e9gyzetm\u00e9teres betonfedez\u00e9keket, hogy az embereknek ne kelljen eg\u00e9sz nap otthon a biztons\u00e1gos &#8222;bunkerszob\u00e1k&#8221; k\u00f6zel\u00e9ben tart\u00f3zkodniuk, ami lehet\u0151v\u00e9 teszi, hogy a l\u00e9giriad\u00f3 megsz\u00f3lal\u00e1sa ut\u00e1n f\u00e9l percen bel\u00fcl \u00f3v\u00f3helyre juthassanak &#8211;  k\u00f6z\u00f6lte a M\u00e1\u00e1riv c\u00edm\u0171 \u00fajs\u00e1g honlapja vas\u00e1rnap.<br \/>\n    A harcok ki\u00fajul\u00e1sa ellen\u00e9re a tel-avivi Ben Gurion nemzetk\u00f6zi rep\u00fcl\u0151t\u00e9r vas\u00e1rnapra szinte teljes m\u00e9rt\u00e9kben visszanyerte forgalm\u00e1t, a rep\u00fcl\u0151t\u00e9r honlapj\u00e1n l\u00e1that\u00f3, hogy szinte kiv\u00e9tel n\u00e9lk\u00fcl k\u00f6zlekednek az Izraelbe \u00e9rkez\u0151 \u00e9s onnan t\u00e1voz\u00f3 j\u00e1ratok.  (MTI)<\/p>\n","protected":false},"excerpt":{"rendered":"<p>Ki\u00fajultak a harcok a G\u00e1zai \u00f6vezetben &#8211; k\u00f6z\u00f6lte az izraeli k\u00f6zszolg\u00e1lati r\u00e1di\u00f3 vas\u00e1rnap.<\/p>\n","protected":false},"author":1,"featured_media":0,"comment_status":"open","ping_status":"closed","sticky":false,"template":"","format":"standard","meta":[],"categories":[16],"tags":[],"_links":{"self":[{"href":"https:\/\/gazdasagportal.hu\/index.php\/wp-json\/wp\/v2\/posts\/40395"}],"collection":[{"href":"https:\/\/gazdasagportal.hu\/index.php\/wp-json\/wp\/v2\/posts"}],"about":[{"href":"https:\/\/gazdasagportal.hu\/index.php\/wp-json\/wp\/v2\/types\/post"}],"author":[{"embeddable":true,"href":"https:\/\/gazdasagportal.hu\/index.php\/wp-json\/wp\/v2\/users\/1"}],"replies":[{"embeddable":true,"href":"https:\/\/gazdasagportal.hu\/index.php\/wp-json\/wp\/v2\/comments?post=40395"}],"version-history":[{"count":2,"href":"https:\/\/gazdasagportal.hu\/index.php\/wp-json\/wp\/v2\/posts\/40395\/revisions"}],"predecessor-version":[{"id":40399,"href":"https:\/\/gazdasagportal.hu\/index.php\/wp-json\/wp\/v2\/posts\/40395\/revisions\/40399"}],"wp:attachment":[{"href":"https:\/\/gazdasagportal.hu\/index.php\/wp-json\/wp\/v2\/media?parent=40395"}],"wp:term":[{"taxonomy":"category","embeddable":true,"href":"https:\/\/gazdasagportal.hu\/index.php\/wp-json\/wp\/v2\/categories?post=40395"},{"taxonomy":"post_tag","embeddable":true,"href":"https:\/\/gazdasagportal.hu\/index.php\/wp-json\/wp\/v2\/tags?post=40395"}],"curies":[{"name":"wp","href":"https:\/\/api.w.org\/{rel}","templated":true}]}}