{"id":40393,"date":"2014-07-27T09:22:13","date_gmt":"2014-07-27T07:22:13","guid":{"rendered":"http:\/\/stockportal.hu\/?p=40393"},"modified":"2014-07-27T09:22:13","modified_gmt":"2014-07-27T07:22:13","slug":"ukran-valsag-kijev-a-szeparatistak-ukran-zaszlos-harckocsikkal-lonek-civilekre-donyeckben","status":"publish","type":"post","link":"https:\/\/gazdasagportal.hu\/index.php\/ukran-valsag-kijev-a-szeparatistak-ukran-zaszlos-harckocsikkal-lonek-civilekre-donyeckben\/","title":{"rendered":"Ukr\u00e1n v\u00e1ls\u00e1g &#8211; Kijev: a szeparatist\u00e1k ukr\u00e1n z\u00e1szl\u00f3s harckocsikkal l\u0151nek civilekre Donyeckben"},"content":{"rendered":"<p><strong>Az ukr\u00e1n fegyveres er\u0151k h\u00edrszerz\u00e9se szerint a szakad\u00e1rok ukr\u00e1n nemzeti z\u00e1szl\u00f3t t\u0171ztek k\u00e9t harckocsira, \u00e9s ezekkel l\u00f6vik Donyeck lak\u00f3negyedeit &#8211; k\u00f6z\u00f6lte vas\u00e1rnap a &#8222;terrorellenes m\u0171velet&#8221; sajt\u00f3k\u00f6zpontja Facebook-oldal\u00e1n.<\/strong><!--more--><br \/>\n<div class=\"ads-in-post1\"><div id=\"gazdasagportal.hu_fullbanner_wideboard\"><\/div>\r\n<\/div>\n<p>    A k\u00f6zlem\u00e9ny szerint a szeparatist\u00e1k megpr\u00f3b\u00e1lj\u00e1k fenntartani az ellen\u0151rz\u00e9st a kelet-ukrajnai Donyeck \u00e9s Horlivka telep\u00fcl\u00e9sek f\u00f6l\u00f6tt. A szakad\u00e1rok a lakoss\u00e1g megf\u00e9leml\u00edt\u00e9s\u00e9vel, f\u00e9lrevezet\u00e9s\u00e9vel, az \u00e1ltaluk l\u00e9trehozott &#8222;donyecki n\u00e9pk\u00f6zt\u00e1rsas\u00e1g&#8221; melletti akt\u00edv propagand\u00e1val igyekeznek elker\u00fclni, hogy a helyi lakosok ellen\u00fck forduljanak &#8211; \u00edrta a sajt\u00f3k\u00f6zpont a k\u00f6z\u00f6ss\u00e9gi port\u00e1lon.(MTI)<\/p>\n","protected":false},"excerpt":{"rendered":"<p>Az ukr\u00e1n fegyveres er\u0151k h\u00edrszerz\u00e9se szerint a szakad\u00e1rok ukr\u00e1n nemzeti z\u00e1szl\u00f3t t\u0171ztek k\u00e9t harckocsira, \u00e9s ezekkel l\u00f6vik Donyeck lak\u00f3negyedeit &#8211; k\u00f6z\u00f6lte vas\u00e1rnap a &#8222;terrorellenes m\u0171velet&#8221; sajt\u00f3k\u00f6zpontja Facebook-oldal\u00e1n.<\/p>\n","protected":false},"author":1,"featured_media":0,"comment_status":"open","ping_status":"closed","sticky":false,"template":"","format":"standard","meta":[],"categories":[139],"tags":[],"_links":{"self":[{"href":"https:\/\/gazdasagportal.hu\/index.php\/wp-json\/wp\/v2\/posts\/40393"}],"collection":[{"href":"https:\/\/gazdasagportal.hu\/index.php\/wp-json\/wp\/v2\/posts"}],"about":[{"href":"https:\/\/gazdasagportal.hu\/index.php\/wp-json\/wp\/v2\/types\/post"}],"author":[{"embeddable":true,"href":"https:\/\/gazdasagportal.hu\/index.php\/wp-json\/wp\/v2\/users\/1"}],"replies":[{"embeddable":true,"href":"https:\/\/gazdasagportal.hu\/index.php\/wp-json\/wp\/v2\/comments?post=40393"}],"version-history":[{"count":1,"href":"https:\/\/gazdasagportal.hu\/index.php\/wp-json\/wp\/v2\/posts\/40393\/revisions"}],"predecessor-version":[{"id":40394,"href":"https:\/\/gazdasagportal.hu\/index.php\/wp-json\/wp\/v2\/posts\/40393\/revisions\/40394"}],"wp:attachment":[{"href":"https:\/\/gazdasagportal.hu\/index.php\/wp-json\/wp\/v2\/media?parent=40393"}],"wp:term":[{"taxonomy":"category","embeddable":true,"href":"https:\/\/gazdasagportal.hu\/index.php\/wp-json\/wp\/v2\/categories?post=40393"},{"taxonomy":"post_tag","embeddable":true,"href":"https:\/\/gazdasagportal.hu\/index.php\/wp-json\/wp\/v2\/tags?post=40393"}],"curies":[{"name":"wp","href":"https:\/\/api.w.org\/{rel}","templated":true}]}}