{"id":40375,"date":"2014-07-26T16:58:13","date_gmt":"2014-07-26T14:58:13","guid":{"rendered":"http:\/\/stockportal.hu\/?p=40375"},"modified":"2014-07-26T16:58:13","modified_gmt":"2014-07-26T14:58:13","slug":"orban-a-joleti-allamok-ideje-lejart","status":"publish","type":"post","link":"https:\/\/gazdasagportal.hu\/index.php\/orban-a-joleti-allamok-ideje-lejart\/","title":{"rendered":"Orb\u00e1n: a j\u00f3l\u00e9ti \u00e1llamok ideje lej\u00e1rt"},"content":{"rendered":"<p><strong>Orb\u00e1n Viktor szerint a j\u00f3l\u00e9ti \u00e1llam \u00e9s t\u00e1rsadalmi rendszer kimer\u00edtette tartal\u00e9kait, ebben a pillanatban sikertelens\u00e9gre \u00edt\u00e9lt rendszer, amin v\u00e1ltoztatni kell.<\/strong><!--more--><br \/>\n<div class=\"ads-in-post1\"><div id=\"gazdasagportal.hu_fullbanner_wideboard\"><\/div>\r\n<\/div>\n<p>    A minisztereln\u00f6k a 25. B\u00e1lv\u00e1nyosi Ny\u00e1ri Szabadegyetem \u00e9s Di\u00e1kt\u00e1bor szombati rendezv\u00e9ny\u00e9n, Tusn\u00e1df\u00fcrd\u0151n k\u00e9rd\u00e9sre v\u00e1laszolva kijelentette: a liberalizmus olyan eszmerendszer, amely t\u00e9nyleges t\u00e1rsadalomszervez\u00e9si er\u0151vel b\u00edr. Ha meg akarj\u00e1k v\u00e1ltoztatni azt, ami nem tetszik a vil\u00e1gban, akkor hasonl\u00f3an ki\u00e9rlelt eszmerendszert kell felvonultatni &#8211; tette hozz\u00e1.<br \/>\n    A j\u00f3l\u00e9ti \u00e1llam \u00e9s t\u00e1rsadalmi rendszer kimer\u00edtette tartal\u00e9kait. M\u00e1ra \u00f6nmag\u00e1t em\u00e9szti fel hatalmas elad\u00f3sod\u00e1ssal, \u00e9s ez nem fenntarthat\u00f3 l\u00e9tez\u00e9si form\u00e1ja a nyugat-eur\u00f3pai t\u00e1rsadalmaknak. Nem \u00e9rdemes ezt a nem fenntarthat\u00f3v\u00e1 v\u00e1lt modellt k\u00f6vetni &#8211; mondta a korm\u00e1nyf\u0151, aki szerint &#8222;k\u00f6teless\u00e9g\u00fcnk&#8221; szabadon v\u00e1laszolni arra, hogy mi lesz a j\u00f3 a k\u00f6vetkez\u0151 20-30 \u00e9vben. Szerinte provincializmus a Nyugat m\u00e1sol\u00e1sa, amin t\u00fal kell l\u00e9pni, ez ugyanis &#8222;meg\u00f6l benn\u00fcnket&#8221;.<br \/>\n    Arr\u00f3l is sz\u00f3lt: \u00f6nriogat\u00e1s volna azt mondani, hogy &#8222;besodr\u00f3dunk az orosz medve \u00f6l\u00e9be&#8221;. Magyarorsz\u00e1g a NATO \u00e9s az uni\u00f3 tagja, \u00e9s az &#8222;a legnagyobb bajunk&#8221;, hogy a k\u00fclkereskedelmi m\u00e9rleg t\u00f6bb mint k\u00e9tharmada az uni\u00f3 fel\u00e9 ir\u00e1nyul, ami eg\u00e9szs\u00e9gtelen ar\u00e1ny. Az lenne az eg\u00e9szs\u00e9ges, ha ez 50 sz\u00e1zal\u00e9k lenne, a m\u00e1sik fele pedig a vil\u00e1g m\u00e1s pontjaira ir\u00e1nyulna, hogy &#8222;t\u00f6bb l\u00e1bon \u00e1lljunk&#8221; &#8211; f\u0171zte hozz\u00e1.<br \/>\n    Ami most t\u00f6rt\u00e9nik Oroszorsz\u00e1g \u00e9s a nyugati vil\u00e1g viszony\u00e1ban, az nagyon rossz Magyarorsz\u00e1g sz\u00e1m\u00e1ra, &#8222;az volna az \u00e9rdek\u00fcnk&#8221;, hogy ne szakadjanak le a nyugati t\u00e1rsadalmi fejl\u0151d\u00e9st\u0151l &#8211; mondta.<br \/>\n    Orb\u00e1n Viktor arr\u00f3l is besz\u00e9lt, hogy nem osztja az amerikai k\u00fclpolitika ir\u00e1nyvonal\u00e1t, miszerint az emberi jogok terjeszt\u00e9se a feladat. \u00dagy l\u00e1tja: Magyarorsz\u00e1gnak azt a c\u00e9lt kell kit\u0171znie, hogy a vil\u00e1g minden jelent\u0151s szerepl\u0151je abban legyen \u00e9rdekelt, hogy &#8222;sikeresek legy\u00fcnk&#8221;, \u0151 ezt tekinti nemzeti k\u00fclpolitik\u00e1nak. Mint mondta, emberi jogi t\u00e9telek felmond\u00e1sa helyett konkr\u00e9t, gyakorlati, rel\u00e1ci\u00f3k\u00f6zpont\u00fa egy\u00fcttm\u0171k\u00f6d\u00e9seket kell kialak\u00edtani.<br \/>\n    A D\u00e9li \u00c1ramlatr\u00f3l sz\u00f3lva kiemelte: szolid\u00e1risak az ukr\u00e1n n\u00e9ppel, egyet\u00e9rt\u00e9s van, hogy egy orsz\u00e1g ter\u00fclet\u00e9b\u0151l nem lehet ter\u00fcleteket elvenni, \u00e9s l\u00e1tj\u00e1k a borzalmas gazdas\u00e1gi \u00e1llapotokat, amik ott uralkodnak. \u00dagy v\u00e9lte: hamarosan Oroszorsz\u00e1g nem fog g\u00e1zt sz\u00e1ll\u00edtani Ukrajn\u00e1nak, mert az nem tud fizetni, el\u0151bb-ut\u00f3bb blokkol\u00f3dni fog az Eur\u00f3p\u00e1ba \u00e9rkez\u0151 g\u00e1zsz\u00e1ll\u00edt\u00e1s. Az a magyar \u00e9rdek, hogy legyen olyan g\u00e1zsz\u00e1ll\u00edt\u00e1si m\u00f3d, ami egy ilyen helyzetben is biztos\u00edtja az ell\u00e1t\u00e1st. A saj\u00e1t \u00e9rdekeinket nem szabad odadobni egy ilyen konfliktusban &#8211; hangs\u00falyozta Orb\u00e1n Viktor.<br \/>\n    Kijelentette: hat\u00e1rozottan ellenzi azt az eur\u00f3pai politik\u00e1t, amely elfogadja \u00e9s t\u00e1mogatja a bev\u00e1ndorl\u00e1st. Ezt hat\u00e1rozottan, vil\u00e1gosan \u00e9s szel\u00edden ki kell mondani &#8211; mondta, hozz\u00e1t\u00e9ve: ezt m\u00e9g nem tudta eur\u00f3pai \u00e1ll\u00e1spontt\u00e1 tenni, mert mindig leszavazz\u00e1k. A bev\u00e1ndorl\u00e1s t\u00e1mogat\u00e1sa helyett szerinte az okos politika az lenne, ha a munkak\u00e9pes, de jelenleg megfelel\u0151 k\u00e9pzetts\u00e9ggel nem rendelkez\u0151 n\u00e9pcsoportokat seg\u00edten\u00e9k.<br \/>\n    El fog j\u00f6nni az az id\u0151, hogy k\u00e9rd\u00e9sess\u00e9 v\u00e1lik a nemzet\u00e1llamok etnikai alapja. Ezt akarjuk? &#8211; tette fel a k\u00e9rd\u00e9st, hozz\u00e1t\u00e9ve: &#8222;nem akarunk Amerikai Egyes\u00fclt \u00c1llamokat csin\u00e1lni Eur\u00f3p\u00e1b\u00f3l&#8221;.<br \/>\n    Az auton\u00f3miat\u00f6rekv\u00e9sekr\u0151l azt mondta: ha az erd\u00e9lyi k\u00f6z\u00f6ss\u00e9g abba a helyzetbe ker\u00fclne, hogy a neki j\u00e1r\u00f3 forr\u00e1sokat a rom\u00e1n k\u00f6lts\u00e9gvet\u00e9sb\u0151l nem kapja meg, sz\u00e1m\u00edthat Magyarorsz\u00e1g t\u00e1mogat\u00e1s\u00e1ra. Az \u00edgy elvesz\u00edtett forr\u00e1sokat a magyar gazdas\u00e1g azonban jelenleg nem tudja p\u00f3tolni. Az itteni politika fontos r\u00e9sze kell legyen, hogy meg tudja szerezni az Erd\u00e9lyt illet\u0151 k\u00f6lts\u00e9gvet\u00e9si forr\u00e1sokat azon int\u00e9zm\u00e9nyek fenntart\u00e1s\u00e1ra, amelyek \u00e1llampolg\u00e1ri jogon j\u00e1rnak.<br \/>\n    \u00dagy fogalmazott: &#8222;\u00f3vatos&#8221;, hogy az erd\u00e9lyi szervezetek k\u00f6z\u00f6tti diskurzusban \u00e1ll\u00e1st foglaljon, szerinte az, hogy egyik-m\u00e1sik oldal vit\u00e1j\u00e1ban felvonuljon, a magyar nemzetnek \u00e9s az itt \u00e9l\u0151knek sem \u00e9rdeke. Az auton\u00f3miak\u00e9rd\u00e9s a nyugati auton\u00f3miavit\u00e1kban gyakran p\u00e9nz\u00fcgyi k\u00e9rd\u00e9s is &#8211; jegyezte meg.<br \/>\n    A rak\u00e9tapajzsot felvet\u0151 k\u00e9rd\u00e9sre azt mondta: olyan Vaskupol\u00e1t tudnak vonni, amelyre ha valaki r\u00e1n\u00e9z, azt l\u00e1tja, ezt nem \u00e9rdemes lyuggatni, \u00e9s vastags\u00e1ga az anyaorsz\u00e1g gazdas\u00e1gi helyzet\u00e9nek javul\u00e1s\u00e1val n\u0151het.<br \/>\n    A rom\u00e1n-magyar viszonyr\u00f3l sz\u00f3lva kiemelte: az elm\u00falt m\u00e1sf\u00e9l-k\u00e9t \u00e9vben nem volt olyan magyar korm\u00e1nyf\u0151i nyilatkozat, amely ne adta volna meg a tiszteletet a rom\u00e1n n\u00e9pnek \u00e9s vezet\u0151inek. De rom\u00e1n oldalr\u00f3l hossz\u00fa az ilyen nyilatkozatok list\u00e1ja. Szerinte a tisztelet \u00e9s a nyitotts\u00e1g a kulcsk\u00e9rd\u00e9s, \u00e9s azt \u00edg\u00e9rte, tov\u00e1bbra is megadja a tiszteletet, ami kij\u00e1r a rom\u00e1n n\u00e9pnek \u00e9s a vezet\u0151inek, \u00e9s mindig nyitott lesz azon k\u00e9rd\u00e9sekre, amelyek megt\u00e1rgyal\u00e1sa indokolt. Ennyit tudnak tenni, de ennyit meg is fognak tenni &#8211; hangs\u00falyozta Orb\u00e1n Viktor.<br \/>\n    T\u0151k\u00e9s L\u00e1szl\u00f3 eur\u00f3pai parlamenti k\u00e9pvisel\u0151 (Fidesz-KDNP) az auton\u00f3mi\u00e1t \u00e9rint\u0151 felvet\u00e9sekre integr\u00e1lt auton\u00f3miakoncepci\u00f3 kidolgoz\u00e1s\u00e1t szorgalmazta, mint mondta: olyan felfog\u00e1sra van sz\u00fcks\u00e9g, amely egy\u00fctt \u00e9rv\u00e9nyes\u00edti az eg\u00e9sz erd\u00e9lyi auton\u00f3mia, a ter\u00fcleti \u00e9s a kultur\u00e1lis \u00f6nrendelkez\u00e9s \u00fcgy\u00e9t. Megjegyezte: a nemzetpolitika egyetlen hib\u00e1ja, hogy nem integr\u00e1l\u00f3dott el\u00e9gg\u00e9, ez\u00e9rt arra k\u00e9rte a korm\u00e1nyt, &#8222;integr\u00e1lt m\u00f3don pr\u00f3b\u00e1lj\u00e1k \u00f6sszefogni a nemzetpolitik\u00e1t&#8221;.     A magyar-rom\u00e1n viszonyr\u00f3l azt mondta: olyan b\u00e1tor rom\u00e1n emberekre van sz\u00fcks\u00e9g, akik ki\u00e1llnak \u00e9s v\u00e1llalj\u00e1k a p\u00e1rbesz\u00e9det. Ebben \u00e9rdekeltt\u00e9 is kell tenni a rom\u00e1n felet ugyanakkor &#8211; f\u0171zte hozz\u00e1.(MTI)<\/p>\n","protected":false},"excerpt":{"rendered":"<p>Orb\u00e1n Viktor szerint a j\u00f3l\u00e9ti \u00e1llam \u00e9s t\u00e1rsadalmi rendszer kimer\u00edtette tartal\u00e9kait, ebben a pillanatban sikertelens\u00e9gre \u00edt\u00e9lt rendszer, amin v\u00e1ltoztatni kell.<\/p>\n","protected":false},"author":1,"featured_media":0,"comment_status":"open","ping_status":"closed","sticky":false,"template":"","format":"standard","meta":[],"categories":[19],"tags":[],"_links":{"self":[{"href":"https:\/\/gazdasagportal.hu\/index.php\/wp-json\/wp\/v2\/posts\/40375"}],"collection":[{"href":"https:\/\/gazdasagportal.hu\/index.php\/wp-json\/wp\/v2\/posts"}],"about":[{"href":"https:\/\/gazdasagportal.hu\/index.php\/wp-json\/wp\/v2\/types\/post"}],"author":[{"embeddable":true,"href":"https:\/\/gazdasagportal.hu\/index.php\/wp-json\/wp\/v2\/users\/1"}],"replies":[{"embeddable":true,"href":"https:\/\/gazdasagportal.hu\/index.php\/wp-json\/wp\/v2\/comments?post=40375"}],"version-history":[{"count":1,"href":"https:\/\/gazdasagportal.hu\/index.php\/wp-json\/wp\/v2\/posts\/40375\/revisions"}],"predecessor-version":[{"id":40376,"href":"https:\/\/gazdasagportal.hu\/index.php\/wp-json\/wp\/v2\/posts\/40375\/revisions\/40376"}],"wp:attachment":[{"href":"https:\/\/gazdasagportal.hu\/index.php\/wp-json\/wp\/v2\/media?parent=40375"}],"wp:term":[{"taxonomy":"category","embeddable":true,"href":"https:\/\/gazdasagportal.hu\/index.php\/wp-json\/wp\/v2\/categories?post=40375"},{"taxonomy":"post_tag","embeddable":true,"href":"https:\/\/gazdasagportal.hu\/index.php\/wp-json\/wp\/v2\/tags?post=40375"}],"curies":[{"name":"wp","href":"https:\/\/api.w.org\/{rel}","templated":true}]}}