{"id":40365,"date":"2014-07-26T12:38:33","date_gmt":"2014-07-26T10:38:33","guid":{"rendered":"http:\/\/stockportal.hu\/?p=40365"},"modified":"2014-07-26T09:32:46","modified_gmt":"2014-07-26T07:32:46","slug":"ksh-az-unios-atlagnal-kevesebbet-tuloraznak-es-kicsit-tobb-mint-40-orat-dolgoznak-a-magyar-munkavallalok","status":"publish","type":"post","link":"https:\/\/gazdasagportal.hu\/index.php\/ksh-az-unios-atlagnal-kevesebbet-tuloraznak-es-kicsit-tobb-mint-40-orat-dolgoznak-a-magyar-munkavallalok\/","title":{"rendered":"KSH: az uni\u00f3s \u00e1tlagn\u00e1l kevesebbet t\u00fal\u00f3r\u00e1znak \u00e9s kicsit t\u00f6bb mint 40 \u00f3r\u00e1t dolgoznak a magyar munkav\u00e1llal\u00f3k"},"content":{"rendered":"<p><strong>Az eur\u00f3pai uni\u00f3s \u00e1tlagn\u00e1l kevesebbet t\u00fal\u00f3r\u00e1znak a magyar munkav\u00e1llal\u00f3k, akik k\u00f6z\u00fcl a teljes munkaid\u0151ben dolgoz\u00f3 n\u0151k \u00e1tlagosan heti 40,2 \u00f3r\u00e1t, a f\u00e9rfiak 41,1 \u00f3r\u00e1t dolgoztak tavaly &#8211; der\u00fcl ki a K\u00f6zponti Statisztikai Hivatalnak (KSH) a munkaid\u0151vel kapcsolatos elemz\u00e9s\u00e9b\u0151l.<\/strong><!--more--><br \/>\n<div class=\"ads-in-post1\"><div id=\"gazdasagportal.hu_fullbanner_wideboard\"><\/div>\r\n<\/div>\n<p>    Az Eur\u00f3pai Uni\u00f3 28 tag\u00e1llam\u00e1nak \u00e1tlag\u00e1n\u00e1l a n\u0151k szok\u00e1sos heti munkaideje 0,2 \u00f3r\u00e1val hosszabb, a f\u00e9rfiak\u00e9 pedig 1,4 \u00f3r\u00e1val r\u00f6videbb volt.<br \/>\n    Magyarorsz\u00e1g, a f\u00e9rfiak rendszeres heti munkaidej\u00e9t tekintve az uni\u00f3s tagorsz\u00e1gok &#8211; legalacsonyabb \u00e9rt\u00e9k jellemezte &#8211; als\u00f3 harmad\u00e1ba tartozott 2013-ban, m\u00edg a n\u0151k eset\u00e9ben nagyj\u00e1b\u00f3l a tagorsz\u00e1gok rangsor\u00e1nak k\u00f6zep\u00e9n helyezkedett el.<br \/>\n    A r\u00e9szmunkaid\u0151 2013-ban \u00e1tlagosan 19 \u00f3r\u00e1t jelentett az uni\u00f3ban a f\u00e9rfiaknak, szemben a magyar 23,3 \u00f3r\u00e1val, ami egyben a kateg\u00f3ria egyik leghosszabb munkaideje volt. Ebben a foglalkoztat\u00e1si form\u00e1ban a f\u00e9rfiakn\u00e1l j\u00f3val nagyobb ar\u00e1nyban \u00e9rintett n\u0151k \u00e1tlagosan heti 20,2 \u00f3r\u00e1t dolgoztak az uni\u00f3ban, Magyarorsz\u00e1gon pedig annyit, mint a f\u00e9rfiak, azaz heti 23,3 \u00f3r\u00e1t.<br \/>\n    Ezekt\u0151l az adatokt\u00f3l n\u00e9mik\u00e9pp elt\u00e9r a teljes munkaid\u0151sk\u00e9nt t\u00e9nylegesen ledolgozott munkaid\u0151, amely &#8211; t\u00fal\u00f3ra, betegs\u00e9g, szabads\u00e1g vagy egy\u00e9b t\u00e1voll\u00e9t miatt &#8211; a rendszeres heti munkaid\u0151n\u00e9l t\u00f6bb \u00e9s kevesebb is lehet egy konkr\u00e9t munkav\u00e1llal\u00f3 eset\u00e9ben. A KSH adatai szerint tavaly f\u0151munkaid\u0151ben a f\u00e9rfiak az uni\u00f3ban \u00e1tlagosan 41,6 \u00f3r\u00e1t dolgoztak, m\u00edg a magyar adat 40 \u00f3ra volt. A magyar n\u0151k t\u00e9nyleges munkaideje alig maradt el a 38,9 \u00f3r\u00e1s uni\u00f3s \u00e1tlagt\u00f3l: 38,6 \u00f3ra volt.<br \/>\n    A t\u00fal\u00f3r\u00e1kat tekintve a tagorsz\u00e1gi k\u00fcl\u00f6nbs\u00e9gek el\u00e9g nagyok: m\u00edg p\u00e9ld\u00e1ul az Egyes\u00fclt Kir\u00e1lys\u00e1gban a vizsg\u00e1lt \u00e9vben a foglalkoztatottak 27 sz\u00e1zal\u00e9ka t\u00fal\u00f3r\u00e1zott (de a nem uni\u00f3s tag Sv\u00e1jcban a 39 sz\u00e1zal\u00e9kot is el\u00e9rte a t\u00fal\u00f3r\u00e1z\u00f3k ar\u00e1nya), Bulg\u00e1ri\u00e1ban viszont csak 2,6 sz\u00e1zal\u00e9ka. Magyarorsz\u00e1g a maga 5,4 sz\u00e1zal\u00e9kos ar\u00e1ny\u00e1val valahol az als\u00f3 harmadban helyezkedett el a tagorsz\u00e1gok rangsor\u00e1ban.<br \/>\n    A t\u00fal\u00f3r\u00e1z\u00f3k ar\u00e1nya Magyarorsz\u00e1gon az ut\u00f3bbi \u00e9vtizedben folyamatosan cs\u00f6kkent, 2013-ban a f\u00e9rfiaknak m\u00e1r csak 1,2, a n\u0151knek 0,9 sz\u00e1zal\u00e9ka v\u00e9gzett ilyen form\u00e1ban plusz munk\u00e1t. T\u00f6bbs\u00e9g\u00fcknek ez heti 6\u201310 \u00f3ra t\u00falmunk\u00e1t jelentett. Kiss\u00e9 meglep\u0151 adat, hogy a t\u00fal\u00f3r\u00e1k t\u00f6bb mint egynegyed\u00e9\u00e9rt nem fizettek a munk\u00e1ltat\u00f3k &#8211; \u00edrja a KSH.<br \/>\n    A KSH az eg\u00e9sz hetes munkaid\u0151-kies\u00e9st is megvizsg\u00e1lta: az adatok szerint 2013-ban a csaknem 4 milli\u00f3 magyar foglalkoztatott k\u00f6z\u00fcl \u00e1tlagosan csaknem 130 ezren nyilatkoztak \u00fagy, hogy az el\u0151z\u0151 h\u00e9ten valamilyen okb\u00f3l nem dolgoztak. A foglalkoztatott n\u0151k 4,2, m\u00edg a f\u00e9rfiaknak 2,5 sz\u00e1zal\u00e9ka hi\u00e1nyzott egy \u00e1tlagos megfigyel\u00e9si h\u00e9ten.<br \/>\n    A hi\u00e1nyz\u00e1s miatt kies\u0151 munkanapok sz\u00e1ma magasabb a n\u0151kn\u00e9l, mint a f\u00e9rfiakn\u00e1l. Az eg\u00e9sz heti munkaid\u0151-kies\u00e9s k\u00e9t legf\u0151bb oka a szabads\u00e1g, illetve a betegs\u00e9g: a kett\u0151 egy\u00fctt a n\u0151kn\u00e9l 84,8, a f\u00e9rfiakn\u00e1l 82,7 sz\u00e1zal\u00e9kban magyar\u00e1zta az eg\u00e9sz heti t\u00e1voll\u00e9tet.<br \/>\n    2013-ban az alkalmaz\u00e1sban \u00e1ll\u00f3 f\u00e9rfiak 69,3, a n\u0151k 74,5 sz\u00e1zal\u00e9ka dolgozott norm\u00e1l, egym\u0171szakos m\u0171szakrendben, a t\u00f6bbiek pedig k\u00fcl\u00f6nb\u00f6z\u0151 atipikus munkarend szerint. Az atipikus munkarend a n\u0151kn\u00e9l f\u0151k\u00e9nt (14,3 sz\u00e1zal\u00e9k) a k\u00e9t m\u0171szakos munkarendet jelentette. A f\u00e9rfiakn\u00e1l viszont a k\u00e9tm\u0171szakos munkarenddel nagyj\u00e1b\u00f3l megegyez\u0151 s\u00falya volt a rendhagy\u00f3, illetve v\u00e1ltoz\u00f3 m\u0171szakrendnek is. A h\u00e1rom, illetve n\u00e9gy m\u0171szakos m\u0171szakrendben az alkalmaz\u00e1sban \u00e1ll\u00f3k 6 sz\u00e1zal\u00e9ka, mintegy 220 ezer ember dolgozott.(MTI)<\/p>\n","protected":false},"excerpt":{"rendered":"<p>Az eur\u00f3pai uni\u00f3s \u00e1tlagn\u00e1l kevesebbet t\u00fal\u00f3r\u00e1znak a magyar munkav\u00e1llal\u00f3k, akik k\u00f6z\u00fcl a teljes munkaid\u0151ben dolgoz\u00f3 n\u0151k \u00e1tlagosan heti 40,2 \u00f3r\u00e1t, a f\u00e9rfiak 41,1 \u00f3r\u00e1t dolgoztak tavaly &#8211; der\u00fcl ki a K\u00f6zponti Statisztikai Hivatalnak (KSH) a munkaid\u0151vel kapcsolatos elemz\u00e9s\u00e9b\u0151l.<\/p>\n","protected":false},"author":1,"featured_media":0,"comment_status":"open","ping_status":"closed","sticky":false,"template":"","format":"standard","meta":[],"categories":[19],"tags":[],"_links":{"self":[{"href":"https:\/\/gazdasagportal.hu\/index.php\/wp-json\/wp\/v2\/posts\/40365"}],"collection":[{"href":"https:\/\/gazdasagportal.hu\/index.php\/wp-json\/wp\/v2\/posts"}],"about":[{"href":"https:\/\/gazdasagportal.hu\/index.php\/wp-json\/wp\/v2\/types\/post"}],"author":[{"embeddable":true,"href":"https:\/\/gazdasagportal.hu\/index.php\/wp-json\/wp\/v2\/users\/1"}],"replies":[{"embeddable":true,"href":"https:\/\/gazdasagportal.hu\/index.php\/wp-json\/wp\/v2\/comments?post=40365"}],"version-history":[{"count":1,"href":"https:\/\/gazdasagportal.hu\/index.php\/wp-json\/wp\/v2\/posts\/40365\/revisions"}],"predecessor-version":[{"id":40366,"href":"https:\/\/gazdasagportal.hu\/index.php\/wp-json\/wp\/v2\/posts\/40365\/revisions\/40366"}],"wp:attachment":[{"href":"https:\/\/gazdasagportal.hu\/index.php\/wp-json\/wp\/v2\/media?parent=40365"}],"wp:term":[{"taxonomy":"category","embeddable":true,"href":"https:\/\/gazdasagportal.hu\/index.php\/wp-json\/wp\/v2\/categories?post=40365"},{"taxonomy":"post_tag","embeddable":true,"href":"https:\/\/gazdasagportal.hu\/index.php\/wp-json\/wp\/v2\/tags?post=40365"}],"curies":[{"name":"wp","href":"https:\/\/api.w.org\/{rel}","templated":true}]}}