{"id":40363,"date":"2014-07-26T13:50:26","date_gmt":"2014-07-26T11:50:26","guid":{"rendered":"http:\/\/stockportal.hu\/?p=40363"},"modified":"2014-07-26T09:37:56","modified_gmt":"2014-07-26T07:37:56","slug":"deloitte-a-vallalatok-nem-varnak-erdemi-valtozast-kutatasfejlesztesi-tevekenysegukben","status":"publish","type":"post","link":"https:\/\/gazdasagportal.hu\/index.php\/deloitte-a-vallalatok-nem-varnak-erdemi-valtozast-kutatasfejlesztesi-tevekenysegukben\/","title":{"rendered":"Deloitte: a v\u00e1llalatok nem v\u00e1rnak \u00e9rdemi v\u00e1ltoz\u00e1st kutat\u00e1sfejleszt\u00e9si tev\u00e9kenys\u00e9g\u00fckben"},"content":{"rendered":"<p><strong>A v\u00e1llaltok t\u00f6bbs\u00e9ge nem tervez \u00e9rdemi v\u00e1ltoz\u00e1st kutat\u00e1sfejleszt\u00e9si tev\u00e9kenys\u00e9g\u00e9ben, \u00edgy tov\u00e1bbi \u00e1llami \u00f6szt\u00f6nz\u00e9s n\u00e9lk\u00fcl nehezen \u00e9rhet\u0151 el az a korm\u00e1nyzati c\u00e9l, hogy Magyarorsz\u00e1gon a kutat\u00e1sfejleszt\u00e9si kiad\u00e1sok 2030-ra csaknem a jelenlegi k\u00e9t \u00e9s f\u00e9lszeres\u00e9re emelkedjenek &#8211; v\u00e9li a Deloitte a K+F helyzet\u00e9r\u0151l k\u00e9sz\u00edtett idei felm\u00e9r\u00e9se alapj\u00e1n.<\/strong><!--more--><br \/>\n<div class=\"ads-in-post1\"><div id=\"gazdasagportal.hu_fullbanner_wideboard\"><\/div>\r\n<\/div>\n<p>    Az MTI-hez eljuttatott k\u00f6zlem\u00e9ny\u00fck szerint 45 k\u00f6zepes \u00e9s nagyv\u00e1llalatot vontak be a felm\u00e9r\u00e9sbe. A v\u00e1laszad\u00f3 c\u00e9gek 48,9 sz\u00e1zal\u00e9ka sz\u00e1m\u00edt arra, hogy n\u00f6velni tudja a kutat\u00e1s-fejleszt\u00e9sre k\u00f6lt\u00f6tt r\u00e1ford\u00edt\u00e1sait a k\u00f6vetkez\u0151 3-5 \u00e9vben, ami alig valamivel t\u00f6bb a tavalyi 45,8 sz\u00e1zal\u00e9kos adatn\u00e1l.<br \/>\n    Ek\u00f6zben emelkedett azon c\u00e9gek ar\u00e1nya, amelyek nem sz\u00e1m\u00edtanak K+F tev\u00e9kenys\u00e9g\u00fck v\u00e1ltoz\u00e1s\u00e1ra, 25-r\u0151l 26,7 sz\u00e1zal\u00e9kra, \u00e9s ugyancsak kiss\u00e9 emelkedett azon c\u00e9gek ar\u00e1nya, amelyek cs\u00f6kken\u00e9st jeleznek el\u0151re &#8211; 6,3-r\u0151l 6,7 sz\u00e1zal\u00e9kra.<br \/>\n    A jelent\u00e9s k\u00e9sz\u00edt\u0151i pozit\u00edvnak tartj\u00e1k, hogy az id\u00e9n m\u00e1r csak a v\u00e1laszad\u00f3k 17,8 sz\u00e1zal\u00e9ka nyilatkozott \u00fagy, hogy nincs tervezett K+F kiad\u00e1sa, m\u00edg egy \u00e9ve m\u00e9g 20,8 sz\u00e1zal\u00e9k volt e c\u00e9gek ar\u00e1nya.<br \/>\n    A k\u00f6zlem\u00e9ny id\u00e9zi M\u00e1rkus Csab\u00e1t, a Deloitte Zrt. Kutat\u00e1s-fejleszt\u00e9si \u00e9s \u00c1llami t\u00e1mogat\u00e1sok \u00fczlet\u00e1g\u00e1nak igazgat\u00f3j\u00e1t, aki eml\u00e9keztetetett arra: az EU Innovat\u00edv Uni\u00f3 2014. \u00e9vi eredm\u00e9nyt\u00e1bl\u00e1ja szerint a tag\u00e1llamok \u00e1tlagos innov\u00e1ci\u00f3s teljes\u00edtm\u00e9ny\u00fck alapj\u00e1n n\u00e9gy teljes\u00edtm\u00e9nycsoportba sorolhat\u00f3k. Magyarorsz\u00e1g ezek k\u00f6z\u00fcl jelenleg a &#8222;m\u00e9rs\u00e9kelt innov\u00e1torok&#8221; kateg\u00f3ri\u00e1ba tartozik Horv\u00e1torsz\u00e1ggal, Csehorsz\u00e1ggal, Litv\u00e1ni\u00e1val, Lengyelorsz\u00e1ggal \u00e9s Szlov\u00e1ki\u00e1val egy\u00fctt, ami azt jelenti, hogy ezen orsz\u00e1gok innov\u00e1ci\u00f3s teljes\u00edtm\u00e9nye elmarad az uni\u00f3s \u00e1tlagt\u00f3l.<br \/>\n    A Nemzeti Reformprogram v\u00e1llal\u00e1sai szerint Magyarorsz\u00e1g 2020-ra a GDP-ar\u00e1nyos K+F r\u00e1ford\u00edt\u00e1sokat 1,8 sz\u00e1zal\u00e9kra, 2030-ra pedig 3 sz\u00e1zal\u00e9kra tervezi n\u00f6velni, ennek \u00e9rdek\u00e9ben pedig jelent\u0151s r\u00e1ford\u00edt\u00e1s-n\u00f6veked\u00e9st kell el\u00e9rni m\u00e1r az elk\u00f6vetkezend\u0151 \u00e9vek folyam\u00e1n is &#8211; hangs\u00falyozta az igazgat\u00f3.(MTI)<\/p>\n","protected":false},"excerpt":{"rendered":"<p>A v\u00e1llaltok t\u00f6bbs\u00e9ge nem tervez \u00e9rdemi v\u00e1ltoz\u00e1st kutat\u00e1sfejleszt\u00e9si tev\u00e9kenys\u00e9g\u00e9ben, \u00edgy tov\u00e1bbi \u00e1llami \u00f6szt\u00f6nz\u00e9s n\u00e9lk\u00fcl nehezen \u00e9rhet\u0151 el az a korm\u00e1nyzati c\u00e9l, hogy Magyarorsz\u00e1gon a kutat\u00e1sfejleszt\u00e9si kiad\u00e1sok 2030-ra csaknem a jelenlegi k\u00e9t \u00e9s f\u00e9lszeres\u00e9re emelkedjenek &#8211; v\u00e9li a Deloitte a K+F helyzet\u00e9r\u0151l k\u00e9sz\u00edtett idei felm\u00e9r\u00e9se alapj\u00e1n.<\/p>\n","protected":false},"author":1,"featured_media":0,"comment_status":"open","ping_status":"closed","sticky":false,"template":"","format":"standard","meta":[],"categories":[19],"tags":[],"_links":{"self":[{"href":"https:\/\/gazdasagportal.hu\/index.php\/wp-json\/wp\/v2\/posts\/40363"}],"collection":[{"href":"https:\/\/gazdasagportal.hu\/index.php\/wp-json\/wp\/v2\/posts"}],"about":[{"href":"https:\/\/gazdasagportal.hu\/index.php\/wp-json\/wp\/v2\/types\/post"}],"author":[{"embeddable":true,"href":"https:\/\/gazdasagportal.hu\/index.php\/wp-json\/wp\/v2\/users\/1"}],"replies":[{"embeddable":true,"href":"https:\/\/gazdasagportal.hu\/index.php\/wp-json\/wp\/v2\/comments?post=40363"}],"version-history":[{"count":1,"href":"https:\/\/gazdasagportal.hu\/index.php\/wp-json\/wp\/v2\/posts\/40363\/revisions"}],"predecessor-version":[{"id":40364,"href":"https:\/\/gazdasagportal.hu\/index.php\/wp-json\/wp\/v2\/posts\/40363\/revisions\/40364"}],"wp:attachment":[{"href":"https:\/\/gazdasagportal.hu\/index.php\/wp-json\/wp\/v2\/media?parent=40363"}],"wp:term":[{"taxonomy":"category","embeddable":true,"href":"https:\/\/gazdasagportal.hu\/index.php\/wp-json\/wp\/v2\/categories?post=40363"},{"taxonomy":"post_tag","embeddable":true,"href":"https:\/\/gazdasagportal.hu\/index.php\/wp-json\/wp\/v2\/tags?post=40363"}],"curies":[{"name":"wp","href":"https:\/\/api.w.org\/{rel}","templated":true}]}}