{"id":40361,"date":"2014-07-26T08:28:29","date_gmt":"2014-07-26T06:28:29","guid":{"rendered":"http:\/\/stockportal.hu\/?p=40361"},"modified":"2014-07-26T08:28:29","modified_gmt":"2014-07-26T06:28:29","slug":"ukran-valsag-kijev-nem-adja-ki-dmitro-jarost","status":"publish","type":"post","link":"https:\/\/gazdasagportal.hu\/index.php\/ukran-valsag-kijev-nem-adja-ki-dmitro-jarost\/","title":{"rendered":"Ukr\u00e1n v\u00e1ls\u00e1g \u2013 Kijev nem adja ki Dmitro Jarost"},"content":{"rendered":"<p><strong>Az Interpol-k\u00f6r\u00f6z\u00e9s ellen\u00e9re Kijev nem adja ki Moszkv\u00e1nak Dmitro Jarost, a Jobboldali Szektor nev\u0171 radik\u00e1lis ukr\u00e1n szervezet vezet\u0151j\u00e9t, akit terrorcselekm\u00e9nyekre val\u00f3 nyilv\u00e1nos felbujt\u00e1ssal v\u00e1dolnak az orosz hat\u00f3s\u00e1gok.<\/strong><!--more--><br \/>\n<div class=\"ads-in-post1\"><div id=\"gazdasagportal.hu_fullbanner_wideboard\"><\/div>\r\n<\/div>\n<p>    Anton Herascsenko, az ukr\u00e1n bel\u00fcgyminiszter tan\u00e1csad\u00f3ja Facebook-oldal\u00e1n k\u00f6z\u00f6lte, hogy Jarosnak &#8222;nincs mit\u0151l f\u00e9lnie&#8221; &#8211; jelentette szombaton a kijevi m\u00e9dia.<br \/>\n    &#8222;Ukrajna nem adja ki saj\u00e1t \u00e1llampolg\u00e1rait m\u00e1s orsz\u00e1goknak, pl\u00e1ne nem Oroszorsz\u00e1gnak, amely nem ad ki nek\u00fcnk ukr\u00e1n \u00e1llampolg\u00e1rokat, Janukovicsot, csal\u00e1docsk\u00e1j\u00e1t \u00e9s h\u00e1romtucat alacsonyabb rang\u00fa gazfick\u00f3t&#8221; &#8211; \u00edrta Herascsenko, utalva arra, hogy Viktor Janukovics megbuktatott ukr\u00e1n \u00e1llamf\u0151 az \u00e9v elej\u00e9n Oroszorsz\u00e1gba sz\u00f6k\u00f6tt, \u00e9s Moszkva nem hajland\u00f3 \u0151t kiadni Kijevnek.<br \/>\n    Herascsenko k\u00f6z\u00f6lte azt is, hogy jelen pillanatban nem ismert Dmitro Jaros holl\u00e9te.<br \/>\n    Az Interpol honlapj\u00e1n p\u00e9nteken jelent meg az orosz k\u00e9r\u00e9sre kiadott nemzetk\u00f6zi k\u00f6r\u00f6z\u00e9s Jaros ellen. Jaros ellen terrorcselekm\u00e9nyekre val\u00f3 nyilv\u00e1nos felbujt\u00e1s, illetve a m\u00e9dia seg\u00edts\u00e9g\u00e9vel sz\u00e9ls\u0151s\u00e9ges cselekm\u00e9nyekre val\u00f3 nyilv\u00e1nos felbujt\u00e1s a v\u00e1d.<br \/>\n    Jaros szervezet\u00e9nek fegyveresei fontos szerepet j\u00e1tszottak a Janukovicsot megbuktat\u00f3 2014. eleji kijevi t\u00fcntet\u00e9seken.(MTI)<\/p>\n","protected":false},"excerpt":{"rendered":"<p>Az Interpol-k\u00f6r\u00f6z\u00e9s ellen\u00e9re Kijev nem adja ki Moszkv\u00e1nak Dmitro Jarost, a Jobboldali Szektor nev\u0171 radik\u00e1lis ukr\u00e1n szervezet vezet\u0151j\u00e9t, akit terrorcselekm\u00e9nyekre val\u00f3 nyilv\u00e1nos felbujt\u00e1ssal v\u00e1dolnak az orosz hat\u00f3s\u00e1gok.<\/p>\n","protected":false},"author":1,"featured_media":0,"comment_status":"open","ping_status":"closed","sticky":false,"template":"","format":"standard","meta":[],"categories":[139],"tags":[],"_links":{"self":[{"href":"https:\/\/gazdasagportal.hu\/index.php\/wp-json\/wp\/v2\/posts\/40361"}],"collection":[{"href":"https:\/\/gazdasagportal.hu\/index.php\/wp-json\/wp\/v2\/posts"}],"about":[{"href":"https:\/\/gazdasagportal.hu\/index.php\/wp-json\/wp\/v2\/types\/post"}],"author":[{"embeddable":true,"href":"https:\/\/gazdasagportal.hu\/index.php\/wp-json\/wp\/v2\/users\/1"}],"replies":[{"embeddable":true,"href":"https:\/\/gazdasagportal.hu\/index.php\/wp-json\/wp\/v2\/comments?post=40361"}],"version-history":[{"count":1,"href":"https:\/\/gazdasagportal.hu\/index.php\/wp-json\/wp\/v2\/posts\/40361\/revisions"}],"predecessor-version":[{"id":40362,"href":"https:\/\/gazdasagportal.hu\/index.php\/wp-json\/wp\/v2\/posts\/40361\/revisions\/40362"}],"wp:attachment":[{"href":"https:\/\/gazdasagportal.hu\/index.php\/wp-json\/wp\/v2\/media?parent=40361"}],"wp:term":[{"taxonomy":"category","embeddable":true,"href":"https:\/\/gazdasagportal.hu\/index.php\/wp-json\/wp\/v2\/categories?post=40361"},{"taxonomy":"post_tag","embeddable":true,"href":"https:\/\/gazdasagportal.hu\/index.php\/wp-json\/wp\/v2\/tags?post=40361"}],"curies":[{"name":"wp","href":"https:\/\/api.w.org\/{rel}","templated":true}]}}