{"id":40357,"date":"2014-07-26T04:46:25","date_gmt":"2014-07-26T02:46:25","guid":{"rendered":"http:\/\/stockportal.hu\/?p=40357"},"modified":"2014-07-25T21:47:30","modified_gmt":"2014-07-25T19:47:30","slug":"gazai-konfliktus-izrael-ellenes-es-hamasz-ellenes-tunteteseket-is-tartottak-nemetorszagban","status":"publish","type":"post","link":"https:\/\/gazdasagportal.hu\/index.php\/gazai-konfliktus-izrael-ellenes-es-hamasz-ellenes-tunteteseket-is-tartottak-nemetorszagban\/","title":{"rendered":"G\u00e1zai konfliktus &#8211; Izrael-ellenes \u00e9s Ham\u00e1sz-ellenes t\u00fcntet\u00e9seket is tartottak N\u00e9metorsz\u00e1gban"},"content":{"rendered":"<p><strong>N\u00e9metorsz\u00e1g t\u00f6bb v\u00e1ros\u00e1ban az utc\u00e1ra vonultak az Izrael-ellenes t\u00fcntet\u0151k p\u00e9nteken az ir\u00e1ni eredet\u0171 al-Kudsz (arabul: Jeruzs\u00e1lem) napja alkalm\u00e1b\u00f3l, tiltakozva a G\u00e1zai \u00f6vezetben folytatott izraeli hadm\u0171velet ellen, ugyanakkor Ham\u00e1sz-ellenes demonstr\u00e1ci\u00f3kat is tartottak, a legnagyobb p\u00e9ld\u00e1nysz\u00e1m\u00fa n\u00e9met lap pedig az ut\u00f3bbi napok antiszemita megnyilv\u00e1nul\u00e1sait el\u00edt\u00e9l\u0151 akci\u00f3t ind\u00edtott m\u00e1sok mellett az \u00e1llamf\u0151 \u00e9s a kancell\u00e1r r\u00e9szv\u00e9tel\u00e9vel.<\/strong><!--more--><br \/>\n<div class=\"ads-in-post1\"><div id=\"gazdasagportal.hu_fullbanner_wideboard\"><\/div>\r\n<\/div>\n<p>    Az Izrael-ellenes megmozdul\u00e1sokon az els\u0151 becsl\u00e9sek szerint a v\u00e1rtn\u00e1l kevesebben vettek r\u00e9szt, p\u00e9ld\u00e1ul Berlinben egy 1500 f\u0151s t\u00fcntet\u00e9st jelentettek be az al-Kudsz napi felvonul\u00e1s szervez\u0151i, de csak nagyj\u00e1b\u00f3l 1200-an jelentek meg.<br \/>\n    Usz\u00edt\u00f3, antiszemita megnyilv\u00e1nul\u00e1sok ritk\u00e1bban fordultak el\u0151, mint az el\u0151z\u0151 h\u00e9ten tartott t\u00fcntet\u00e9seken, miut\u00e1n a hat\u00f3s\u00e1gok k\u00f6z\u00f6lt\u00e9k, hogy sehol nem t\u0171rik el az er\u0151szakot dics\u0151\u00edt\u0151 zsid\u00f3ellenes rigmusokat, transzparenseket, vagy z\u00e1szl\u00f3k, b\u00e1buk, egy\u00e9b t\u00e1rgyak \u00e9get\u00e9s\u00e9t, \u00e9s a felvonul\u00e1sok szervez\u0151i is visszafogotts\u00e1gra intett\u00e9k a r\u00e9sztvev\u0151ket.<br \/>\n    Az antiszemita megnyilv\u00e1nul\u00e1sok b\u00fcntet\u0151jogi k\u00f6vetkezm\u00e9nyeket vonnak maguk ut\u00e1n &#8211; nyilatkozott p\u00e9nteken Heiko Maas igazs\u00e1g\u00fcgyi miniszter, hangs\u00falyozva, hogy aki a t\u00f6rv\u00e9nyeket megs\u00e9rtve &#8222;belek\u00f6t a zsid\u00f3s\u00e1gba, az a n\u00e9met jog\u00e1llammal tal\u00e1lja szemben mag\u00e1t&#8221;.<br \/>\n    A n\u00e9met f\u0151v\u00e1rosban t\u00f6bb demonstr\u00e1ci\u00f3t szerveztek az al-Kudsz napi felvonul\u00e1s ellen. A r\u00e9sztvev\u0151k b\u00edr\u00e1lt\u00e1k a Ham\u00e1sz radik\u00e1lis palesztin szervezetet \u00e9s szolidarit\u00e1sukat fejezt\u00e9k ki Izraellel. Az egyik rendezv\u00e9nyen Izrael n\u00e9metorsz\u00e1gi nagyk\u00f6vete, Yakov Hadas-Handelsman besz\u00e9d\u00e9ben kiemelte, hogy haz\u00e1j\u00e1nak joga \u00e9s k\u00f6teless\u00e9ge megv\u00e9denie mag\u00e1t.<br \/>\n    Volker Beck, az ellenz\u00e9ki Z\u00f6ldek parlamenti (Bundestag-) k\u00e9pvisel\u0151je, a Bundestag n\u00e9met-izraeli csoportj\u00e1nak eln\u00f6ke hangs\u00falyozta, hogy nem lehet csak az izraeli hadsereg akci\u00f3inak le\u00e1ll\u00edt\u00e1s\u00e1t k\u00f6vetelni. Aki ezt k\u00f6veteli, annak a Ham\u00e1szt is fel kell sz\u00f3l\u00edtania a rak\u00e9tat\u00e1mad\u00e1sok le\u00e1ll\u00edt\u00e1s\u00e1ra &#8211; mondta a politikus.<br \/>\n    Az al-Kudsz napj\u00e1t Khomeini ajatoll\u00e1h, az ir\u00e1ni forradalom vezet\u0151je hirdette meg 1979-ben, arra sz\u00f3l\u00edtva fel mindenkit, hogy &#8222;szabad\u00edts\u00e1k meg Jeruzs\u00e1lemet a cionista megsz\u00e1ll\u00f3kt\u00f3l&#8221;. Az Ir\u00e1nban \u00e9s arab orsz\u00e1gokban hagyom\u00e1nyosan az iszl\u00e1m szent h\u00f3nap, a ramad\u00e1n utols\u00f3 p\u00e9ntek\u00e9n rendezett t\u00fcntet\u00e9sek mint\u00e1j\u00e1ra az id\u00e9n t\u00f6bb n\u00e9met v\u00e1rosban, Berlin mellett p\u00e9ld\u00e1ul Bonnban, Stuttgartban, Mannheimben \u00e9s Recklinghausenben szerveztek Izrael-ellenes demonstr\u00e1ci\u00f3t. A hat\u00f3s\u00e1gok k\u00e9s\u0151 d\u00e9lut\u00e1nig nem sz\u00e1moltak be nagyobb rendbont\u00e1sr\u00f3l.<br \/>\n    Ugyanakkor a berlini rend\u0151rs\u00e9g t\u00e1j\u00e9koztat\u00e1sa szerint a f\u0151v\u00e1rosban el\u0151z\u0151 este a ny\u00edlt utc\u00e1n t\u00e1mad\u00e1s \u00e9rt egy kip\u00e1t &#8211; a zsid\u00f3 vall\u00e1si el\u0151\u00edr\u00e1sok tisztelet\u00e9t kifejez\u0151 fejfed\u0151t &#8211; visel\u0151 fiatalembert. Az ismeretlen elk\u00f6vet\u0151 a 18 \u00e9ves f\u00e9rfi arc\u00e1ba \u00fct\u00f6tt, majd megtaposta annak a j\u00e1rd\u00e1ra esett szem\u00fcveg\u00e9t. Az \u00e1ldozat egy k\u00f6zeli zsinag\u00f3g\u00e1ba menek\u00fclt.<br \/>\n    A g\u00e1zai konfliktus nyom\u00e1n rendezett n\u00e9metorsz\u00e1gi Izrael-ellenes t\u00fcntet\u00e9seken eddig sz\u00e1mos antiszemita megnyilv\u00e1nul\u00e1s fordult el\u0151. Ezeket sz\u00e1mos vezet\u0151 politikus, \u00e9rtelmis\u00e9gi \u00e9s k\u00f6z\u00e9leti szem\u00e9lyis\u00e9g utas\u00edtotta el, p\u00e9nteken pedig a legnagyobb p\u00e9ld\u00e1nysz\u00e1m\u00fa \u00fajs\u00e1g, a Bild &#8222;Emeld fel a szavad &#8211; soha t\u00f6bbet zsid\u00f3gy\u0171l\u00f6let&#8221; c\u00edmmel tiltakoz\u00f3 akci\u00f3t ind\u00edtott. Ennek r\u00e9szek\u00e9nt a p\u00e9nteki sz\u00e1m c\u00edmlapj\u00e1n csaknem f\u00e9lsz\u00e1z politikust\u00f3l, gazdas\u00e1gi vezet\u0151t\u0151l, sportol\u00f3t\u00f3l, sz\u00edn\u00e9szt\u0151l k\u00f6z\u00f6ltek egy-egy r\u00f6vid \u00e1ll\u00e1sfoglal\u00e1st.<br \/>\n    Angela Merkel kancell\u00e1r p\u00e9ld\u00e1ul kijelentette, hogy az ut\u00f3bbi napok zsid\u00f3ellenes kirohan\u00e1sai &#8222;t\u00e1mad\u00e1st jelentenek a szabads\u00e1g \u00e9s a tolerancia ellen, amit nem tudunk \u00e9s nem is fogunk elfogadni&#8221;. Joachim Gauck sz\u00f6vets\u00e9gi eln\u00f6k pedig felsz\u00f3l\u00edtott mindenkit, hogy l\u00e9pjen fel &#8222;az utc\u00e1n p\u00f6ffeszked\u0151 \u00faj antiszemitizmus ellen&#8221;.(MTI)<\/p>\n","protected":false},"excerpt":{"rendered":"<p>N\u00e9metorsz\u00e1g t\u00f6bb v\u00e1ros\u00e1ban az utc\u00e1ra vonultak az Izrael-ellenes t\u00fcntet\u0151k p\u00e9nteken az ir\u00e1ni eredet\u0171 al-Kudsz (arabul: Jeruzs\u00e1lem) napja alkalm\u00e1b\u00f3l, tiltakozva a G\u00e1zai \u00f6vezetben folytatott izraeli hadm\u0171velet ellen, ugyanakkor Ham\u00e1sz-ellenes demonstr\u00e1ci\u00f3kat is tartottak, a legnagyobb p\u00e9ld\u00e1nysz\u00e1m\u00fa n\u00e9met lap pedig az ut\u00f3bbi napok antiszemita megnyilv\u00e1nul\u00e1sait el\u00edt\u00e9l\u0151 akci\u00f3t ind\u00edtott m\u00e1sok mellett az \u00e1llamf\u0151 \u00e9s a kancell\u00e1r r\u00e9szv\u00e9tel\u00e9vel.<\/p>\n","protected":false},"author":1,"featured_media":0,"comment_status":"open","ping_status":"closed","sticky":false,"template":"","format":"standard","meta":[],"categories":[16],"tags":[],"_links":{"self":[{"href":"https:\/\/gazdasagportal.hu\/index.php\/wp-json\/wp\/v2\/posts\/40357"}],"collection":[{"href":"https:\/\/gazdasagportal.hu\/index.php\/wp-json\/wp\/v2\/posts"}],"about":[{"href":"https:\/\/gazdasagportal.hu\/index.php\/wp-json\/wp\/v2\/types\/post"}],"author":[{"embeddable":true,"href":"https:\/\/gazdasagportal.hu\/index.php\/wp-json\/wp\/v2\/users\/1"}],"replies":[{"embeddable":true,"href":"https:\/\/gazdasagportal.hu\/index.php\/wp-json\/wp\/v2\/comments?post=40357"}],"version-history":[{"count":1,"href":"https:\/\/gazdasagportal.hu\/index.php\/wp-json\/wp\/v2\/posts\/40357\/revisions"}],"predecessor-version":[{"id":40358,"href":"https:\/\/gazdasagportal.hu\/index.php\/wp-json\/wp\/v2\/posts\/40357\/revisions\/40358"}],"wp:attachment":[{"href":"https:\/\/gazdasagportal.hu\/index.php\/wp-json\/wp\/v2\/media?parent=40357"}],"wp:term":[{"taxonomy":"category","embeddable":true,"href":"https:\/\/gazdasagportal.hu\/index.php\/wp-json\/wp\/v2\/categories?post=40357"},{"taxonomy":"post_tag","embeddable":true,"href":"https:\/\/gazdasagportal.hu\/index.php\/wp-json\/wp\/v2\/tags?post=40357"}],"curies":[{"name":"wp","href":"https:\/\/api.w.org\/{rel}","templated":true}]}}