{"id":40253,"date":"2014-07-25T03:53:48","date_gmt":"2014-07-25T01:53:48","guid":{"rendered":"http:\/\/stockportal.hu\/?p=40253"},"modified":"2014-07-24T21:35:30","modified_gmt":"2014-07-24T19:35:30","slug":"bbc-megtalaltak-az-eltunt-algeriai-repulogep-roncsait","status":"publish","type":"post","link":"https:\/\/gazdasagportal.hu\/index.php\/bbc-megtalaltak-az-eltunt-algeriai-repulogep-roncsait\/","title":{"rendered":"BBC: megtal\u00e1lt\u00e1k az elt\u0171nt alg\u00e9riai rep\u00fcl\u0151g\u00e9p roncsait"},"content":{"rendered":"<p><strong>Francia katon\u00e1k megtal\u00e1lt\u00e1k a cs\u00fct\u00f6rt\u00f6k hajnalban elt\u0171nt alg\u00e9riai utassz\u00e1ll\u00edt\u00f3 rep\u00fcl\u0151g\u00e9p roncsait Maliban &#8211; jelentette honlapj\u00e1n a BBC brit k\u00f6zszolg\u00e1lati ad\u00f3 a BFMTV francia t\u00e9v\u00e9csatorna jelent\u00e9s\u00e9re hivatkozva.<\/strong><!--more--><br \/>\n<div class=\"ads-in-post1\"><div id=\"gazdasagportal.hu_fullbanner_wideboard\"><\/div>\r\n<\/div>\n<p>    A BBC azt \u00edrta, hogy a meg nem er\u0151s\u00edtett francia jelent\u00e9sek szerint a rep\u00fcl\u0151g\u00e9p Mali k\u00f6z\u00e9ps\u0151 vagy \u00e9szaki r\u00e9sz\u00e9n zuhant le.<br \/>\n    Az Air Alg\u00e9rie l\u00e9git\u00e1rsas\u00e1g AH 5017-es sz\u00e1m\u00fa, Ouagadougoub\u00f3l Alg\u00edrba tart\u00f3 j\u00e1rat\u00e1val a felsz\u00e1ll\u00e1s ut\u00e1n mintegy 40 perccel szakadt meg a l\u00e9gi ir\u00e1ny\u00edt\u00e1s kapcsolata. A g\u00e9p pil\u00f3t\u00e1i nem sokkal kor\u00e1bban &#8222;vihar miatt&#8221; a j\u00e1rat \u00fatvonal\u00e1nak megv\u00e1ltoztat\u00e1s\u00e1t k\u00e9rt\u00e9k.<br \/>\n    Az utassz\u00e1ll\u00edt\u00f3n 110 utas volt, k\u00f6zt\u00fck 51 francia \u00e1llampolg\u00e1r.<br \/>\n    A francia l\u00e9gier\u0151 k\u00e9t Mirage-2000 t\u00edpus\u00fa vad\u00e1szg\u00e9ppel l\u00e1tott neki a rep\u00fcl\u0151 felkutat\u00e1s\u00e1hoz.(MTI)<\/p>\n","protected":false},"excerpt":{"rendered":"<p>Francia katon\u00e1k megtal\u00e1lt\u00e1k a cs\u00fct\u00f6rt\u00f6k hajnalban elt\u0171nt alg\u00e9riai utassz\u00e1ll\u00edt\u00f3 rep\u00fcl\u0151g\u00e9p roncsait Maliban &#8211; jelentette honlapj\u00e1n a BBC brit k\u00f6zszolg\u00e1lati ad\u00f3 a BFMTV francia t\u00e9v\u00e9csatorna jelent\u00e9s\u00e9re hivatkozva.<\/p>\n","protected":false},"author":1,"featured_media":0,"comment_status":"open","ping_status":"closed","sticky":false,"template":"","format":"standard","meta":[],"categories":[17],"tags":[],"_links":{"self":[{"href":"https:\/\/gazdasagportal.hu\/index.php\/wp-json\/wp\/v2\/posts\/40253"}],"collection":[{"href":"https:\/\/gazdasagportal.hu\/index.php\/wp-json\/wp\/v2\/posts"}],"about":[{"href":"https:\/\/gazdasagportal.hu\/index.php\/wp-json\/wp\/v2\/types\/post"}],"author":[{"embeddable":true,"href":"https:\/\/gazdasagportal.hu\/index.php\/wp-json\/wp\/v2\/users\/1"}],"replies":[{"embeddable":true,"href":"https:\/\/gazdasagportal.hu\/index.php\/wp-json\/wp\/v2\/comments?post=40253"}],"version-history":[{"count":1,"href":"https:\/\/gazdasagportal.hu\/index.php\/wp-json\/wp\/v2\/posts\/40253\/revisions"}],"predecessor-version":[{"id":40254,"href":"https:\/\/gazdasagportal.hu\/index.php\/wp-json\/wp\/v2\/posts\/40253\/revisions\/40254"}],"wp:attachment":[{"href":"https:\/\/gazdasagportal.hu\/index.php\/wp-json\/wp\/v2\/media?parent=40253"}],"wp:term":[{"taxonomy":"category","embeddable":true,"href":"https:\/\/gazdasagportal.hu\/index.php\/wp-json\/wp\/v2\/categories?post=40253"},{"taxonomy":"post_tag","embeddable":true,"href":"https:\/\/gazdasagportal.hu\/index.php\/wp-json\/wp\/v2\/tags?post=40253"}],"curies":[{"name":"wp","href":"https:\/\/api.w.org\/{rel}","templated":true}]}}