{"id":40241,"date":"2014-07-24T20:30:42","date_gmt":"2014-07-24T18:30:42","guid":{"rendered":"http:\/\/stockportal.hu\/?p=40241"},"modified":"2014-07-24T17:01:25","modified_gmt":"2014-07-24T15:01:25","slug":"kevesebb-az-allaskereso-nogradban-mint-egy-eve","status":"publish","type":"post","link":"https:\/\/gazdasagportal.hu\/index.php\/kevesebb-az-allaskereso-nogradban-mint-egy-eve\/","title":{"rendered":"Kevesebb az \u00e1ll\u00e1skeres\u0151 N\u00f3gr\u00e1dban, mint egy \u00e9ve"},"content":{"rendered":"<p><strong>N\u00f3gr\u00e1d megy\u00e9ben 2014 els\u0151 f\u00e9l\u00e9v\u00e9ben havonta \u00e1tlagosan 14 596 \u00e1ll\u00e1skeres\u0151 szerepelt a nyilv\u00e1ntart\u00e1sokban, ez a l\u00e9tsz\u00e1m 5738 f\u0151vel, 28,2 sz\u00e1zal\u00e9kkal kevesebb, mint az el\u0151z\u0151 \u00e9v azonos id\u0151szak\u00e1ban &#8211; t\u00e1j\u00e9koztatta az MTI-t cs\u00fct\u00f6rt\u00f6k\u00f6n a N\u00f3gr\u00e1d Megyei Korm\u00e1nyhivatal Munka\u00fcgyi K\u00f6zpontj\u00e1nak igazgat\u00f3ja.<\/strong><!--more--><br \/>\n<div class=\"ads-in-post1\"><div id=\"gazdasagportal.hu_fullbanner_wideboard\"><\/div>\r\n<\/div>\n<p>    Az els\u0151 f\u00e9l\u00e9vet \u00f6sszegz\u0151 adatok alapj\u00e1n Tam\u00e1si Ildik\u00f3 ismertette: j\u00fanius v\u00e9g\u00e9n 16 643 nyilv\u00e1ntartott \u00e1ll\u00e1skeres\u0151 volt N\u00f3gr\u00e1d megy\u00e9ben, k\u00f6z\u00fcl\u00fck 2264 p\u00e1lyakezd\u0151.<br \/>\n    Hozz\u00e1tette: a foglalkoztat\u00e1si r\u00e1ta 48,1 sz\u00e1zal\u00e9kos volt, amihez nyolc sz\u00e1zal\u00e9kos munkan\u00e9lk\u00fclis\u00e9gi r\u00e1ta t\u00e1rsult. A foglalkoztat\u00e1s szintje orsz\u00e1gos viszonylatban a harmadik legalacsonyabbnak sz\u00e1m\u00edtott, m\u00edg a munkan\u00e9lk\u00fclis\u00e9gi r\u00e1ta alapj\u00e1n N\u00f3gr\u00e1d 11 megy\u00e9t megel\u0151zve a k\u00f6z\u00e9pmez\u0151nybe ker\u00fclt.<br \/>\n    Tam\u00e1si Ildik\u00f3 k\u00f6z\u00f6lte: j\u00fanius v\u00e9g\u00e9ig 9776 f\u0151re vonatkoz\u00f3 \u00e1ll\u00e1sig\u00e9ny jelent meg a megy\u00e9ben, 23,7 sz\u00e1zal\u00e9kkal t\u00f6bb, mint egy \u00e9ve. A legt\u00f6bb \u00faj \u00e1ll\u00e1shelyet, 2792 darabot a salg\u00f3tarj\u00e1ni t\u00e9rs\u00e9gben r\u00f6gz\u00edtett\u00e9k, a megye tov\u00e1bbi ter\u00fcletein 826 \u00e9s 1742 k\u00f6z\u00f6tt v\u00e1ltozott az \u00e1ll\u00e1shelyek sz\u00e1ma, \u00e9s mindenhol a m\u00e1sodlagos munkaer\u0151piac kereslete domin\u00e1lt.<br \/>\n    Az els\u0151 f\u00e9l\u00e9vi \u00faj \u00e1ll\u00e1shelyek k\u00f6z\u00fcl 7776 k\u00f6zfeladatokhoz kapcsol\u00f3dott, tov\u00e1bbi 795 f\u0151 foglalkoztat\u00e1s\u00e1hoz pedig egy\u00e9b t\u00e1mogat\u00e1st ig\u00e9nyeltek a munk\u00e1ltat\u00f3k. A k\u00f6zfoglalkoztat\u00e1si form\u00e1k ir\u00e1nti kereslet 27,5 sz\u00e1zal\u00e9kkal n\u0151tt az egy \u00e9vvel kor\u00e1bbihoz k\u00e9pest, mik\u00f6zben 8,6 sz\u00e1zal\u00e9kkal cs\u00f6kkentek az egy\u00e9b t\u00e1mogat\u00e1ssal t\u00e1rsul\u00f3 \u00e1ll\u00e1shelyek. A nem t\u00e1mogatott \u00e1ll\u00e1shelyek sz\u00e1ma (1205) 275-tel n\u0151tt az egy \u00e9vvel ezel\u0151ttihez k\u00e9pest.<br \/>\n    A munk\u00e1ltat\u00f3k f\u0151k\u00e9nt k\u00e9pes\u00edt\u00e9shez nem k\u00f6t\u00f6tt \u00e1ll\u00e1shelyeket k\u00edn\u00e1ltak az \u00e1ll\u00e1skeres\u0151knek. A szakk\u00e9pzettek k\u00f6z\u00fcl az \u00e9p\u00edt\u0151ipari, a kereskedelmi \u00e9s vend\u00e9gl\u00e1t\u00f3ipari, a f\u00e9m- \u00e9s villamosipari foglalkoz\u00e1s\u00faak, valamint az irodai adminisztr\u00e1torok voltak a legkeresettebbek.<br \/>\n    Az els\u0151 hat h\u00f3napban a nyilv\u00e1ntartott \u00e1ll\u00e1skeres\u0151k 36,9 sz\u00e1zal\u00e9ka v\u00e1lt foglalkoztatott\u00e1, ez az eredm\u00e9ny 2,8 sz\u00e1zal\u00e9kponttal kedvez\u0151bb a tavalyin\u00e1l.(MTI)<\/p>\n","protected":false},"excerpt":{"rendered":"<p>N\u00f3gr\u00e1d megy\u00e9ben 2014 els\u0151 f\u00e9l\u00e9v\u00e9ben havonta \u00e1tlagosan 14 596 \u00e1ll\u00e1skeres\u0151 szerepelt a nyilv\u00e1ntart\u00e1sokban, ez a l\u00e9tsz\u00e1m 5738 f\u0151vel, 28,2 sz\u00e1zal\u00e9kkal kevesebb, mint az el\u0151z\u0151 \u00e9v azonos id\u0151szak\u00e1ban &#8211; t\u00e1j\u00e9koztatta az MTI-t cs\u00fct\u00f6rt\u00f6k\u00f6n a N\u00f3gr\u00e1d Megyei Korm\u00e1nyhivatal Munka\u00fcgyi K\u00f6zpontj\u00e1nak igazgat\u00f3ja.<\/p>\n","protected":false},"author":1,"featured_media":0,"comment_status":"open","ping_status":"closed","sticky":false,"template":"","format":"standard","meta":[],"categories":[19],"tags":[],"_links":{"self":[{"href":"https:\/\/gazdasagportal.hu\/index.php\/wp-json\/wp\/v2\/posts\/40241"}],"collection":[{"href":"https:\/\/gazdasagportal.hu\/index.php\/wp-json\/wp\/v2\/posts"}],"about":[{"href":"https:\/\/gazdasagportal.hu\/index.php\/wp-json\/wp\/v2\/types\/post"}],"author":[{"embeddable":true,"href":"https:\/\/gazdasagportal.hu\/index.php\/wp-json\/wp\/v2\/users\/1"}],"replies":[{"embeddable":true,"href":"https:\/\/gazdasagportal.hu\/index.php\/wp-json\/wp\/v2\/comments?post=40241"}],"version-history":[{"count":1,"href":"https:\/\/gazdasagportal.hu\/index.php\/wp-json\/wp\/v2\/posts\/40241\/revisions"}],"predecessor-version":[{"id":40242,"href":"https:\/\/gazdasagportal.hu\/index.php\/wp-json\/wp\/v2\/posts\/40241\/revisions\/40242"}],"wp:attachment":[{"href":"https:\/\/gazdasagportal.hu\/index.php\/wp-json\/wp\/v2\/media?parent=40241"}],"wp:term":[{"taxonomy":"category","embeddable":true,"href":"https:\/\/gazdasagportal.hu\/index.php\/wp-json\/wp\/v2\/categories?post=40241"},{"taxonomy":"post_tag","embeddable":true,"href":"https:\/\/gazdasagportal.hu\/index.php\/wp-json\/wp\/v2\/tags?post=40241"}],"curies":[{"name":"wp","href":"https:\/\/api.w.org\/{rel}","templated":true}]}}