{"id":40221,"date":"2014-07-24T16:28:41","date_gmt":"2014-07-24T14:28:41","guid":{"rendered":"http:\/\/stockportal.hu\/?p=40221"},"modified":"2014-07-24T16:28:41","modified_gmt":"2014-07-24T14:28:41","slug":"mkb-vagyonpolitikai-allamtitkar-az-mkb-megvasarlasa-a-bankszektor-megerositeseben-jatszhat-szerepet","status":"publish","type":"post","link":"https:\/\/gazdasagportal.hu\/index.php\/mkb-vagyonpolitikai-allamtitkar-az-mkb-megvasarlasa-a-bankszektor-megerositeseben-jatszhat-szerepet\/","title":{"rendered":"MKB &#8211; Vagyonpolitikai \u00e1llamtitk\u00e1r: az MKB megv\u00e1s\u00e1rl\u00e1sa a bankszektor meger\u0151s\u00edt\u00e9s\u00e9ben j\u00e1tszhat szerepet"},"content":{"rendered":"<p><strong>Az MKB Bank megv\u00e1s\u00e1rl\u00e1sa a bankszektor meger\u0151s\u00edt\u00e9s\u00e9t c\u00e9lz\u00f3 \u00e1llami strat\u00e9gia \u00e9rv\u00e9nyes\u00edt\u00e9s\u00e9ben j\u00e1tszhat szerepet &#8211; jelentette ki Hegmann\u00e9 Nemes S\u00e1ra, a Nemzeti Fejleszt\u00e9si Miniszt\u00e9rium vagyonpolitik\u00e1\u00e9rt felel\u0151s \u00e1llamtitk\u00e1ra a 25. B\u00e1lv\u00e1nyosi Ny\u00e1ri Szabadegyetem \u00e9s Di\u00e1kt\u00e1bor egyik p\u00f3diumbesz\u00e9lget\u00e9s\u00e9n, cs\u00fct\u00f6rt\u00f6k\u00f6n.<\/strong><!--more--><br \/>\n<div class=\"ads-in-post1\"><div id=\"gazdasagportal.hu_fullbanner_wideboard\"><\/div>\r\n<\/div>\n<p>    Kifejtette: az ide\u00e1lis az lenne, ha az \u00e1llam mintegy 30 sz\u00e1zal\u00e9kos r\u00e9szesed\u00e9ssel rendelkezne a bankszektorban, ez ugyanis m\u00e1r meghat\u00e1roz\u00f3 szerepet biztos\u00edtana sz\u00e1m\u00e1ra.<br \/>\n    A Bayerische Landesbank (BayernLB) cs\u00fct\u00f6rt\u00f6k\u00f6n jelentette be, hogy a magyar \u00e1llam 55 milli\u00f3 eur\u00f3\u00e9rt megv\u00e1s\u00e1rolja az MKB Bank Zrt.-t a bajor tartom\u00e1nyi bankt\u00f3l. Az \u00fcgyletet a tervek szerint szeptemberig v\u00e9gleges\u00edtik.(MTI)<\/p>\n","protected":false},"excerpt":{"rendered":"<p>Az MKB Bank megv\u00e1s\u00e1rl\u00e1sa a bankszektor meger\u0151s\u00edt\u00e9s\u00e9t c\u00e9lz\u00f3 \u00e1llami strat\u00e9gia \u00e9rv\u00e9nyes\u00edt\u00e9s\u00e9ben j\u00e1tszhat szerepet &#8211; jelentette ki Hegmann\u00e9 Nemes S\u00e1ra, a Nemzeti Fejleszt\u00e9si Miniszt\u00e9rium vagyonpolitik\u00e1\u00e9rt felel\u0151s \u00e1llamtitk\u00e1ra a 25. B\u00e1lv\u00e1nyosi Ny\u00e1ri Szabadegyetem \u00e9s Di\u00e1kt\u00e1bor egyik p\u00f3diumbesz\u00e9lget\u00e9s\u00e9n, cs\u00fct\u00f6rt\u00f6k\u00f6n.<\/p>\n","protected":false},"author":1,"featured_media":0,"comment_status":"open","ping_status":"closed","sticky":false,"template":"","format":"standard","meta":[],"categories":[19],"tags":[],"_links":{"self":[{"href":"https:\/\/gazdasagportal.hu\/index.php\/wp-json\/wp\/v2\/posts\/40221"}],"collection":[{"href":"https:\/\/gazdasagportal.hu\/index.php\/wp-json\/wp\/v2\/posts"}],"about":[{"href":"https:\/\/gazdasagportal.hu\/index.php\/wp-json\/wp\/v2\/types\/post"}],"author":[{"embeddable":true,"href":"https:\/\/gazdasagportal.hu\/index.php\/wp-json\/wp\/v2\/users\/1"}],"replies":[{"embeddable":true,"href":"https:\/\/gazdasagportal.hu\/index.php\/wp-json\/wp\/v2\/comments?post=40221"}],"version-history":[{"count":1,"href":"https:\/\/gazdasagportal.hu\/index.php\/wp-json\/wp\/v2\/posts\/40221\/revisions"}],"predecessor-version":[{"id":40222,"href":"https:\/\/gazdasagportal.hu\/index.php\/wp-json\/wp\/v2\/posts\/40221\/revisions\/40222"}],"wp:attachment":[{"href":"https:\/\/gazdasagportal.hu\/index.php\/wp-json\/wp\/v2\/media?parent=40221"}],"wp:term":[{"taxonomy":"category","embeddable":true,"href":"https:\/\/gazdasagportal.hu\/index.php\/wp-json\/wp\/v2\/categories?post=40221"},{"taxonomy":"post_tag","embeddable":true,"href":"https:\/\/gazdasagportal.hu\/index.php\/wp-json\/wp\/v2\/tags?post=40221"}],"curies":[{"name":"wp","href":"https:\/\/api.w.org\/{rel}","templated":true}]}}