{"id":401,"date":"2013-01-18T14:45:11","date_gmt":"2013-01-18T13:45:11","guid":{"rendered":"http:\/\/stockportal.hu\/?p=401"},"modified":"2013-01-18T14:45:11","modified_gmt":"2013-01-18T13:45:11","slug":"ebrd-befektetesi-rekord-2012-ben-2","status":"publish","type":"post","link":"https:\/\/gazdasagportal.hu\/index.php\/ebrd-befektetesi-rekord-2012-ben-2\/","title":{"rendered":"EBRD: befektet\u00e9si rekord 2012-ben"},"content":{"rendered":"<p><strong>Rekordot d\u00f6nt\u00f6tt tavaly az Eur\u00f3pai \u00dajj\u00e1\u00e9p\u00edt\u00e9si \u00e9s Fejleszt\u00e9si Bank (EBRD) \u00e1ltal a k\u00f6z\u00e9p- \u00e9s kelet-eur\u00f3pai \u00e1talakul\u00f3 gazdas\u00e1gokban v\u00e9grehajtott befektet\u00e9sek sz\u00e1ma, j\u00f3llehet a befektet\u00e9sek \u00f6ssz\u00e9rt\u00e9ke valamelyest cs\u00f6kkent &#8211; k\u00f6z\u00f6lt\u00e9k p\u00e9nteken a bank londoni sz\u00e9khely\u00e9n.<!--more--><\/strong><\/p>\n<p>Az el\u0151zetes \u00f6sszes\u00edt\u00e9s szerint az EBRD a tev\u00e9kenys\u00e9gi ter\u00fclet\u00e9hez tartoz\u00f3 orsz\u00e1gokban \u00f6sszesen 388 programhoz ny\u00fajtott finansz\u00edroz\u00e1st 2012-ben. Ez a bank fenn\u00e1ll\u00e1s\u00e1nak eddigi 22 \u00e9ve alatt a legnagyobb \u00e9ves sz\u00e1m.<br \/>\nAz EBRD p\u00e9nteki \u00f6sszes\u00edt\u00e9se szerint a tavalyi befektet\u00e9sek \u00f6ssz\u00e9rt\u00e9ke 8,7 milli\u00e1rd eur\u00f3 volt a hagyom\u00e1nyos m\u0171k\u00f6d\u00e9si ter\u00fclet gazdas\u00e1gaiban.<br \/>\nA bank emellett hat programra \u00f6sszesen 181 milli\u00f3 eur\u00f3s finansz\u00edroz\u00e1st hagyott j\u00f3v\u00e1 a d\u00e9li \u00e9s a keleti mediterr\u00e1n t\u00e9rs\u00e9gben.<br \/>\nAz EBRD 2011-ben 380 programot t\u00e1mogatott 9 milli\u00e1rd eur\u00f3 \u00e9rt\u00e9kben.<br \/>\nTavaly az EBRD megkezdte befektet\u00e9si tev\u00e9kenys\u00e9g\u00e9t Egyiptomban, Marokk\u00f3ban, Jord\u00e1ni\u00e1ban \u00e9s Tun\u00e9zi\u00e1ban, a program c\u00e9lja\u00a0\u00a0a k\u00f6zel-keleti \u00e9s \u00e9szak-afrikai gazdas\u00e1gok korszer\u0171s\u00edt\u00e9si folyamat\u00e1nak t\u00e1mogat\u00e1sa a t\u00e9rs\u00e9gben kezd\u0151d\u00f6tt politikai \u00e1talakul\u00e1s nyom\u00e1n.<br \/>\nA bank londoni sz\u00e9khely\u00e9n p\u00e9nteken k\u00f6z\u00f6lt\u00e9k, hogy az EBRD 2015-re \u00e9vi 2,5 milli\u00e1rd eur\u00f3 beruh\u00e1z\u00e1st tervez ebben az orsz\u00e1gcsoportban.<br \/>\nA kor\u00e1bbi \u00e9vekhez hasonl\u00f3an tavaly is Oroszorsz\u00e1g volt az EBRD-finansz\u00edroz\u00e1sok legnagyobb egyedi c\u00e9lorsz\u00e1ga, hozz\u00e1vet\u0151leg 2,6 milli\u00e1rd eur\u00f3s befektet\u00e9ssel, amely a teljes finansz\u00edroz\u00e1si \u00f6sszeg 30 sz\u00e1zal\u00e9ka volt.<br \/>\nAz EBRD a p\u00e9nteki t\u00e1j\u00e9koztat\u00f3n kiemelte, hogy a k\u00f6z\u00e9p-, d\u00e9l- \u00e9s kelet-eur\u00f3pai gazdas\u00e1gokat k\u00fcl\u00f6n\u00f6sen kem\u00e9nyen s\u00fajtja az eur\u00f3\u00f6vezet gazdas\u00e1gi z\u0171rzavara. Ez\u00e9rt a bank ebben a t\u00e9rs\u00e9gben 4 milli\u00e1rd eur\u00f3s finansz\u00edroz\u00e1st szeretne v\u00e9grehajtani a k\u00f6vetkez\u0151 k\u00e9t \u00e9vben, a Vil\u00e1gbankkal \u00e9s az Eur\u00f3pai Beruh\u00e1z\u00e1si Bankkal k\u00f6z\u00f6sen kezdem\u00e9nyezett akci\u00f3terv keret\u00e9ben.<br \/>\nAz EBRD a t\u00e9rs\u00e9gben els\u0151sorban olyan gazdas\u00e1gpolitik\u00e1k meghonos\u00edt\u00e1s\u00e1t k\u00edv\u00e1nja el\u0151seg\u00edteni, amelyek jav\u00edtj\u00e1k az \u00fczleti kl\u00edm\u00e1t \u00e9s helyre\u00e1ll\u00edtj\u00e1k a befektet\u0151i bizalmat.<br \/>\nA bank &#8211; amely a legnagyobb egyedi befektet\u0151 jelenlegi m\u0171k\u00f6d\u00e9si orsz\u00e1gcsoportj\u00e1ban &#8211; a tev\u00e9kenys\u00e9gi ter\u00fclet\u00e9n v\u00e9gigs\u00f6pr\u0151 p\u00e9nz\u00fcgyi v\u00e1ls\u00e1g miatt j\u00f3 ideje fel\u00fclvizsg\u00e1lta azt a kor\u00e1bbi strat\u00e9gi\u00e1j\u00e1t, amelynek alapj\u00e1n &#8211; ha megval\u00f3sult volna &#8211; a k\u00f6z\u00e9p- \u00e9s kelet-eur\u00f3pai EU-tag\u00e1llamok m\u00e1r 2010 \u00f3ta nem r\u00e9szes\u00fcln\u00e9nek \u00faj finansz\u00edroz\u00e1sban az EBRD r\u00e9sz\u00e9r\u0151l.<br \/>\nA bank 2006-ban jelentette be, hogy az addig EU-tagg\u00e1 lett nyolc legfejlettebb k\u00f6z\u00e9p-eur\u00f3pai orsz\u00e1g mindegyike v\u00e1rhat\u00f3an 2010-re &#8222;ki\u00e9rik&#8221; a p\u00e9nzint\u00e9zetb\u0151l, vagyis azut\u00e1n nem lesz m\u00e1r sz\u00fcks\u00e9g\u00fck k\u00f6zvetlen EBRD-finansz\u00edroz\u00e1sra.<br \/>\nA p\u00e9nz\u00fcgyi v\u00e1ls\u00e1g elhatalmasod\u00e1sa ut\u00e1n, 2008-ban azonban az EBRD k\u00f6z\u00f6lte, hogy a kialakult v\u00e1ls\u00e1ghelyzetre tekintettel le\u00e1ll\u00edtja a k\u00f6z\u00e9p-eur\u00f3pai EU-t\u00e9rs\u00e9gb\u0151l akkor m\u00e1r elkezd\u0151d\u00f6tt kivonul\u00e1si folyamatot, s\u0151t n\u00f6veli a r\u00e9gi\u00f3 t\u00e1mogat\u00e1s\u00e1t.<br \/>\nA m\u0171k\u00f6d\u00e9si ter\u00fclethez tartoz\u00f3 orsz\u00e1gcsoport t\u00e1mogat\u00e1s\u00e1nak n\u00f6vel\u00e9s\u00e9hez az EBRD ugyanakkor 50 sz\u00e1zal\u00e9kos t\u0151keemel\u00e9st is k\u00e9rt a r\u00e9szv\u00e9nyes orsz\u00e1gokt\u00f3l; ezt a Z\u00e1gr\u00e1bban megrendezett 2010-es \u00e9ves k\u00f6zgy\u0171l\u00e9sen j\u00f3v\u00e1hagyt\u00e1k.<br \/>\nAz EBRD arra sz\u00e1m\u00edt, hogy 2010-t\u0151l 2015 v\u00e9g\u00e9ig \u00f6sszesen t\u00f6bb mint 50 milli\u00e1rd eur\u00f3 \u00faj finansz\u00edroz\u00e1st tud ny\u00fajtani a m\u0171k\u00f6d\u00e9si ter\u00fclet\u00e9hez tartoz\u00f3 orsz\u00e1goknak.<br \/>\nA kereskedelmi bankok \u00e9s m\u00e1s partnerek kapcsol\u00f3d\u00f3 t\u00e1rsfinansz\u00edroz\u00e1saival egy\u00fctt a londoni p\u00e9nzint\u00e9zet sz\u00e1m\u00edt\u00e1sai szerint el\u00e9rheti a 150 milli\u00e1rd eur\u00f3t az EBRD ir\u00e1ny\u00edt\u00e1s\u00e1val megval\u00f3sul\u00f3 programok \u00e9rt\u00e9ke a 2015 v\u00e9g\u00e9ig tart\u00f3 id\u0151szakban.<\/p>\n<p>Forr\u00e1s:MTI<\/p><div id=\"gazda-3213667457\" class=\"gazda-tartalomban gazda-entity-placement\"><script async src=\"https:\/\/pagead2.googlesyndication.com\/pagead\/js\/adsbygoogle.js\"><\/script>\r\n<ins class=\"adsbygoogle\"\r\n     style=\"display:block\"\r\n     data-ad-format=\"fluid\"\r\n     data-ad-layout-key=\"-6t+ed+2i-1n-4w\"\r\n     data-ad-client=\"ca-pub-1959107119989764\"\r\n     data-ad-slot=\"4008251320\"><\/ins>\r\n<script>\r\n     (adsbygoogle = window.adsbygoogle || []).push({});\r\n<\/script><\/div>\n","protected":false},"excerpt":{"rendered":"<p>Rekordot d\u00f6nt\u00f6tt tavaly az Eur\u00f3pai \u00dajj\u00e1\u00e9p\u00edt\u00e9si \u00e9s Fejleszt\u00e9si Bank (EBRD) \u00e1ltal a k\u00f6z\u00e9p- \u00e9s kelet-eur\u00f3pai \u00e1talakul\u00f3 gazdas\u00e1gokban v\u00e9grehajtott befektet\u00e9sek sz\u00e1ma, j\u00f3llehet a befektet\u00e9sek \u00f6ssz\u00e9rt\u00e9ke valamelyest cs\u00f6kkent &#8211; k\u00f6z\u00f6lt\u00e9k p\u00e9nteken a bank londoni sz\u00e9khely\u00e9n.<\/p>\n","protected":false},"author":1,"featured_media":0,"comment_status":"closed","ping_status":"closed","sticky":false,"template":"","format":"standard","meta":[],"categories":[12],"tags":[],"_links":{"self":[{"href":"https:\/\/gazdasagportal.hu\/index.php\/wp-json\/wp\/v2\/posts\/401"}],"collection":[{"href":"https:\/\/gazdasagportal.hu\/index.php\/wp-json\/wp\/v2\/posts"}],"about":[{"href":"https:\/\/gazdasagportal.hu\/index.php\/wp-json\/wp\/v2\/types\/post"}],"author":[{"embeddable":true,"href":"https:\/\/gazdasagportal.hu\/index.php\/wp-json\/wp\/v2\/users\/1"}],"replies":[{"embeddable":true,"href":"https:\/\/gazdasagportal.hu\/index.php\/wp-json\/wp\/v2\/comments?post=401"}],"version-history":[{"count":2,"href":"https:\/\/gazdasagportal.hu\/index.php\/wp-json\/wp\/v2\/posts\/401\/revisions"}],"predecessor-version":[{"id":403,"href":"https:\/\/gazdasagportal.hu\/index.php\/wp-json\/wp\/v2\/posts\/401\/revisions\/403"}],"wp:attachment":[{"href":"https:\/\/gazdasagportal.hu\/index.php\/wp-json\/wp\/v2\/media?parent=401"}],"wp:term":[{"taxonomy":"category","embeddable":true,"href":"https:\/\/gazdasagportal.hu\/index.php\/wp-json\/wp\/v2\/categories?post=401"},{"taxonomy":"post_tag","embeddable":true,"href":"https:\/\/gazdasagportal.hu\/index.php\/wp-json\/wp\/v2\/tags?post=401"}],"curies":[{"name":"wp","href":"https:\/\/api.w.org\/{rel}","templated":true}]}}