{"id":40087,"date":"2014-07-23T16:05:32","date_gmt":"2014-07-23T14:05:32","guid":{"rendered":"http:\/\/stockportal.hu\/?p=40087"},"modified":"2014-07-23T16:05:32","modified_gmt":"2014-07-23T14:05:32","slug":"ukran-valsag-kijev-az-orosz-vedelmi-miniszter-iranyitja-a-fegyverszallitasokat-az-ukrajnai-szakadaroknak","status":"publish","type":"post","link":"https:\/\/gazdasagportal.hu\/index.php\/ukran-valsag-kijev-az-orosz-vedelmi-miniszter-iranyitja-a-fegyverszallitasokat-az-ukrajnai-szakadaroknak\/","title":{"rendered":"Ukr\u00e1n v\u00e1ls\u00e1g &#8211; Kijev: az orosz v\u00e9delmi miniszter ir\u00e1ny\u00edtja a fegyversz\u00e1ll\u00edt\u00e1sokat az ukrajnai szakad\u00e1roknak"},"content":{"rendered":"<p><strong>Kijevnek \u00e1ll\u00edt\u00f3lag bizony\u00edt\u00e9kai vannak arra vonatkoz\u00f3an, hogy Szergej Sojgu orosz v\u00e9delmi miniszter k\u00f6zvetlen\u00fcl r\u00e9szt vesz a kelet-ukrajnai szakad\u00e1rok fegyverekkel val\u00f3 ell\u00e1t\u00e1s\u00e1ban, valamint \u0151 ir\u00e1ny\u00edtja a k\u00fcl\u00f6nb\u00f6z\u0151 szakad\u00e1r fegyveres alakulatok tev\u00e9kenys\u00e9g\u00e9t.<\/strong><!--more--><br \/>\n<div class=\"ads-in-post1\"><div id=\"gazdasagportal.hu_fullbanner_wideboard\"><\/div>\r\n<\/div>\n<p>    Anton Herascsenko, az ukr\u00e1n bel\u00fcgyminiszter tan\u00e1csad\u00f3ja szerdai kijevi sajt\u00f3t\u00e1j\u00e9koztat\u00f3j\u00e1n bel\u00fcgyi \u00e9rtes\u00fcl\u00e9sekre hivatkozva azt mondta, hogy kor\u00e1bban a szakad\u00e1rok egyes csoportjait az orosz biztons\u00e1gi szolg\u00e1lat (FSZB) ir\u00e1ny\u00edtotta, m\u00e1s alakulataikat pedig az orosz vez\u00e9rkar h\u00edrszerz\u00e9si f\u0151igazgat\u00f3s\u00e1ga. Ez azonban &#8211; mondta Herascsenko &#8211; nem bizonyult hat\u00e9konynak, ez\u00e9rt Moszkv\u00e1ban \u00fagy d\u00f6nt\u00f6ttek, hogy a v\u00e9delmi miniszter tartsa ellen\u0151rz\u00e9se alatt valamennyi szeparatista alakulat tev\u00e9kenys\u00e9g\u00e9t \u00e9s a fegyversz\u00e1ll\u00edt\u00e1sokat is.(MTI)<\/p>\n<div class=\"ads-in-post2\"><script async src=\"https:\/\/pagead2.googlesyndication.com\/pagead\/js\/adsbygoogle.js\"><\/script>\r\n<ins class=\"adsbygoogle\"\r\n     style=\"display:block\"\r\n     data-ad-format=\"fluid\"\r\n     data-ad-layout-key=\"-6t+ed+2i-1n-4w\"\r\n     data-ad-client=\"ca-pub-1959107119989764\"\r\n     data-ad-slot=\"4008251320\"><\/ins>\r\n<script>\r\n     (adsbygoogle = window.adsbygoogle || []).push({});\r\n<\/script><\/div>\n","protected":false},"excerpt":{"rendered":"<p>Kijevnek \u00e1ll\u00edt\u00f3lag bizony\u00edt\u00e9kai vannak arra vonatkoz\u00f3an, hogy Szergej Sojgu orosz v\u00e9delmi miniszter k\u00f6zvetlen\u00fcl r\u00e9szt vesz a kelet-ukrajnai szakad\u00e1rok fegyverekkel val\u00f3 ell\u00e1t\u00e1s\u00e1ban, valamint \u0151 ir\u00e1ny\u00edtja a k\u00fcl\u00f6nb\u00f6z\u0151 szakad\u00e1r fegyveres alakulatok tev\u00e9kenys\u00e9g\u00e9t.<\/p>\n","protected":false},"author":1,"featured_media":0,"comment_status":"open","ping_status":"closed","sticky":false,"template":"","format":"standard","meta":[],"categories":[139],"tags":[],"_links":{"self":[{"href":"https:\/\/gazdasagportal.hu\/index.php\/wp-json\/wp\/v2\/posts\/40087"}],"collection":[{"href":"https:\/\/gazdasagportal.hu\/index.php\/wp-json\/wp\/v2\/posts"}],"about":[{"href":"https:\/\/gazdasagportal.hu\/index.php\/wp-json\/wp\/v2\/types\/post"}],"author":[{"embeddable":true,"href":"https:\/\/gazdasagportal.hu\/index.php\/wp-json\/wp\/v2\/users\/1"}],"replies":[{"embeddable":true,"href":"https:\/\/gazdasagportal.hu\/index.php\/wp-json\/wp\/v2\/comments?post=40087"}],"version-history":[{"count":1,"href":"https:\/\/gazdasagportal.hu\/index.php\/wp-json\/wp\/v2\/posts\/40087\/revisions"}],"predecessor-version":[{"id":40088,"href":"https:\/\/gazdasagportal.hu\/index.php\/wp-json\/wp\/v2\/posts\/40087\/revisions\/40088"}],"wp:attachment":[{"href":"https:\/\/gazdasagportal.hu\/index.php\/wp-json\/wp\/v2\/media?parent=40087"}],"wp:term":[{"taxonomy":"category","embeddable":true,"href":"https:\/\/gazdasagportal.hu\/index.php\/wp-json\/wp\/v2\/categories?post=40087"},{"taxonomy":"post_tag","embeddable":true,"href":"https:\/\/gazdasagportal.hu\/index.php\/wp-json\/wp\/v2\/tags?post=40087"}],"curies":[{"name":"wp","href":"https:\/\/api.w.org\/{rel}","templated":true}]}}