{"id":40083,"date":"2014-07-23T15:23:16","date_gmt":"2014-07-23T13:23:16","guid":{"rendered":"http:\/\/stockportal.hu\/?p=40083"},"modified":"2014-07-23T15:23:16","modified_gmt":"2014-07-23T13:23:16","slug":"der-standard-varga-interju-a-bankok-a-jelenlegi-problemas-helyzet-fo-felelosei","status":"publish","type":"post","link":"https:\/\/gazdasagportal.hu\/index.php\/der-standard-varga-interju-a-bankok-a-jelenlegi-problemas-helyzet-fo-felelosei\/","title":{"rendered":"Der Standard &#8211; Varga-interj\u00fa: a bankok a jelenlegi probl\u00e9m\u00e1s helyzet f\u0151 felel\u0151sei"},"content":{"rendered":"<p><strong>A Der Standard c\u00edm\u0171 osztr\u00e1k liber\u00e1lis lap Varga Mih\u00e1ly nemzetgazdas\u00e1gi miniszterrel k\u00f6z\u00f6lt interj\u00fat szerd\u00e1n &#8222;Az osztr\u00e1kok agressz\u00edv \u00fczletpolitik\u00e1ja megbosszulja mag\u00e1t&#8221; alc\u00edmmel, amelyben arr\u00f3l besz\u00e9lt, a bankok a jelenlegi\u00a0\u00a0helyzet f\u0151 felel\u0151sei.<!--more--><\/strong><br \/>\n<div class=\"ads-in-post1\"><div id=\"gazdasagportal.hu_fullbanner_wideboard\"><\/div>\r\n<\/div>\n<p>A miniszter elmondta: Magyarorsz\u00e1gon 350 000 devizahiteles van, t\u00f6bb sz\u00e1zezer ember ak\u00e1r az otthon\u00e1t is elvesz\u00edtheti. Ez a probl\u00e9ma nemcsak Magyarorsz\u00e1got, hanem Rom\u00e1ni\u00e1t, Horv\u00e1torsz\u00e1got \u00e9s Lengyelorsz\u00e1got is \u00e9rinti, m\u00e9g ha elt\u00e9r\u0151 m\u00e9rt\u00e9kben is. Azonban nemcsak az \u00e1llamok, hanem a bankok is szenvednek a jelenlegi helyzett\u0151l: az osztr\u00e1k bankoknak a v\u00e1ls\u00e1g el\u0151tti agressz\u00edv piacszerz\u0151 strat\u00e9gi\u00e1ja most bosszulja meg mag\u00e1t &#8211; tette hozz\u00e1.<br \/>\nArra a felvet\u00e9sre reag\u00e1lva, miszerint a k\u00fclf\u00f6ldi befektet\u0151k sz\u00e1m\u00e1ra rossz a k\u00f6rnyezet az orsz\u00e1gban, Varga Mih\u00e1ly \u00fagy nyilatkozott, Magyarorsz\u00e1gon nem tekintik ellens\u00e9gnek a bankokat. Ugyanakkor elismerte, hogy n\u00e9h\u00e1ny k\u00e9rd\u00e9sben, legink\u00e1bb a devizahitelekkel kapcsolatban, vit\u00e1ban \u00e1ll a korm\u00e1ny a p\u00e9nzint\u00e9zetekkel. \u00dagy fogalmazott: m\u00edg a bankok a deviza\u00fcgyletek sor\u00e1n extraprofitra tettek szert, a v\u00e1ls\u00e1g kit\u00f6r\u00e9se ut\u00e1n nem seg\u00edtettek az elad\u00f3sodott \u00fcgyfeleiken.<br \/>\nArra, hogy a b\u00edr\u00e1l\u00f3k szerint a nyugati bankok Magyarorsz\u00e1gra \u00e9rkezve semmibe vett\u00e9k az erk\u00f6lcsi norm\u00e1kat, Varga Mih\u00e1ly azt felelte, ez nincs \u00edgy. Mint mondta, a k\u00fclf\u00f6ldi bankok &#8222;a legt\u00f6bb esetben&#8221; tartott\u00e1k magukat a jogi szab\u00e1lyoz\u00e1sokhoz, de el\u0151fordult, hogy etik\u00e1tlan \u00fczleti gyakorlatot folytattak, k\u00fcl\u00f6n\u00f6sen a devizahitelekn\u00e9l. Az volt a gond, hogy alapvet\u0151 k\u00e9rd\u00e9sek nem voltak rendezve a hitelszerz\u0151d\u00e9sekben, a bankok szabadon m\u00f3dos\u00edthatt\u00e1k a kamatokat, \u00e9s ezt gyakran meg is tett\u00e9k &#8211; mondta. A miniszter ugyanakkor megjegyezte: az osztr\u00e1k bankok mellett a magyar OTP is hozz\u00e1j\u00e1rult ahhoz, hogy t\u00f6megterm\u00e9kk\u00e9 v\u00e1ltak a devizahitelek.<br \/>\nVarga Mih\u00e1ly elmondta: az \u00e9v v\u00e9g\u00e9ig teljes eg\u00e9sz\u00e9ben megsz\u00fclethet a t\u00f6rv\u00e9ny a devizahitelek kivezet\u00e9s\u00e9r\u0151l, a hitelek forintra v\u00e1lt\u00e1s\u00e1r\u00f3l. Arra a k\u00e9rd\u00e9sre, hogy a p\u00e9nzint\u00e9zetek sz\u00e1m\u00edthatnak-e tov\u00e1bbi k\u00fcl\u00f6nad\u00f3kra, a miniszter azt felelte: a jelenlegi helyzet f\u0151 felel\u0151sei a bankok, furcsa lenne, ha a k\u00f6lts\u00e9geket az \u00e1llam venn\u00e9 mag\u00e1ra. Eml\u00e9keztetett: a frankhitelek 2011-es v\u00e9gt\u00f6rleszt\u00e9skor a magyar \u00e1llam a k\u00f6lts\u00e9gek egyharmad\u00e1t \u00e1tv\u00e1llalta a bankokt\u00f3l.<br \/>\nA miniszter \u00fagy l\u00e1tja, a magyar piacnak m\u00e9g mindig megvan a vonzereje, hiszen sz\u00e1mos nagybank egy\u00e9rtelm\u0171en jelezte, hogy tov\u00e1bbra is maradni k\u00edv\u00e1n az orsz\u00e1gban.<br \/>\nArra a felvet\u00e9sre, hogy a t\u00f6rv\u00e9nnyel ut\u00f3lag ny\u00falnak bele a bankhitelszerz\u0151d\u00e9sekbe, a miniszter azt mondta: &#8222;k\u00ednosan \u00fcgyel\u00fcnk r\u00e1&#8221;, hogy az Orsz\u00e1ggy\u0171l\u00e9s el\u00e9 terjesztett t\u00f6rv\u00e9nyjavaslatok megfeleljenek az alkotm\u00e1nyoss\u00e1g k\u00f6vetelm\u00e9nyeinek.<br \/>\nA magyar korm\u00e1ny er\u0151s \u00e1llami szerepv\u00e1llal\u00e1st c\u00e9lz\u00f3 politik\u00e1ja kapcs\u00e1n a tervgazdas\u00e1g \u00faj form\u00e1j\u00e1r\u00f3l besz\u00e9lnek k\u00fclf\u00f6ld\u00f6n, amire Varga Mih\u00e1ly \u00fagy nyilatkozott: a magyar korm\u00e1ny csak olyan l\u00e9p\u00e9seket tesz, amelyeket nyugaton is alkalmaznak, \u00edgy aki ezeket b\u00edr\u00e1lja, az kett\u0151s m\u00e9rc\u00e9t alkalmaz. P\u00e9ldak\u00e9nt eml\u00edtette Franciaorsz\u00e1got, ahol az \u00e1llam f\u0151r\u00e9szv\u00e9nyes a Gaz de France energiav\u00e1llalatban.<\/p>\n<p><a title=\"Hely megnyit\u00e1sa\" href=\"http:\/\/derstandard.at\/2000003408708\/Ungarns-Wirtschaftsminister-Aggressive-Strategie-der-Oesterreicher-raecht-sich\" target=\"_blank\" rel=\"noopener\">http:\/\/derstandard.at\/2000003408708\/Ungarns-Wirtschaftsminister-Aggressive-Strategie-der-Oesterreicher-raecht-sich<\/a><\/p>\n<div class=\"ads-in-post2\"><script async src=\"https:\/\/pagead2.googlesyndication.com\/pagead\/js\/adsbygoogle.js\"><\/script>\r\n<ins class=\"adsbygoogle\"\r\n     style=\"display:block\"\r\n     data-ad-format=\"fluid\"\r\n     data-ad-layout-key=\"-6t+ed+2i-1n-4w\"\r\n     data-ad-client=\"ca-pub-1959107119989764\"\r\n     data-ad-slot=\"4008251320\"><\/ins>\r\n<script>\r\n     (adsbygoogle = window.adsbygoogle || []).push({});\r\n<\/script><\/div>\n","protected":false},"excerpt":{"rendered":"<p>A Der Standard c\u00edm\u0171 osztr\u00e1k liber\u00e1lis lap Varga Mih\u00e1ly nemzetgazdas\u00e1gi miniszterrel k\u00f6z\u00f6lt interj\u00fat szerd\u00e1n &#8222;Az osztr\u00e1kok agressz\u00edv \u00fczletpolitik\u00e1ja megbosszulja mag\u00e1t&#8221; alc\u00edmmel, amelyben arr\u00f3l besz\u00e9lt, a bankok a jelenlegi\u00a0\u00a0helyzet f\u0151 felel\u0151sei.<\/p>\n","protected":false},"author":1,"featured_media":24347,"comment_status":"open","ping_status":"closed","sticky":false,"template":"","format":"standard","meta":[],"categories":[146,19],"tags":[],"_links":{"self":[{"href":"https:\/\/gazdasagportal.hu\/index.php\/wp-json\/wp\/v2\/posts\/40083"}],"collection":[{"href":"https:\/\/gazdasagportal.hu\/index.php\/wp-json\/wp\/v2\/posts"}],"about":[{"href":"https:\/\/gazdasagportal.hu\/index.php\/wp-json\/wp\/v2\/types\/post"}],"author":[{"embeddable":true,"href":"https:\/\/gazdasagportal.hu\/index.php\/wp-json\/wp\/v2\/users\/1"}],"replies":[{"embeddable":true,"href":"https:\/\/gazdasagportal.hu\/index.php\/wp-json\/wp\/v2\/comments?post=40083"}],"version-history":[{"count":1,"href":"https:\/\/gazdasagportal.hu\/index.php\/wp-json\/wp\/v2\/posts\/40083\/revisions"}],"predecessor-version":[{"id":40084,"href":"https:\/\/gazdasagportal.hu\/index.php\/wp-json\/wp\/v2\/posts\/40083\/revisions\/40084"}],"wp:featuredmedia":[{"embeddable":true,"href":"https:\/\/gazdasagportal.hu\/index.php\/wp-json\/wp\/v2\/media\/24347"}],"wp:attachment":[{"href":"https:\/\/gazdasagportal.hu\/index.php\/wp-json\/wp\/v2\/media?parent=40083"}],"wp:term":[{"taxonomy":"category","embeddable":true,"href":"https:\/\/gazdasagportal.hu\/index.php\/wp-json\/wp\/v2\/categories?post=40083"},{"taxonomy":"post_tag","embeddable":true,"href":"https:\/\/gazdasagportal.hu\/index.php\/wp-json\/wp\/v2\/tags?post=40083"}],"curies":[{"name":"wp","href":"https:\/\/api.w.org\/{rel}","templated":true}]}}