{"id":40014,"date":"2014-07-23T03:43:48","date_gmt":"2014-07-23T01:43:48","guid":{"rendered":"http:\/\/stockportal.hu\/?p=40014"},"modified":"2014-07-22T21:37:49","modified_gmt":"2014-07-22T19:37:49","slug":"gazai-konfliktus-a-gazai-raketak-veszelyeztetik-az-izraeli-legiforgalmat","status":"publish","type":"post","link":"https:\/\/gazdasagportal.hu\/index.php\/gazai-konfliktus-a-gazai-raketak-veszelyeztetik-az-izraeli-legiforgalmat\/","title":{"rendered":"G\u00e1zai konfliktus &#8211; A g\u00e1zai rak\u00e9t\u00e1k vesz\u00e9lyeztetik az izraeli l\u00e9giforgalmat"},"content":{"rendered":"<p><strong>A g\u00e1zai rak\u00e9t\u00e1k vesz\u00e9lyeztetik az izraeli l\u00e9giforgalmat, s emiatt Tel-Aviv helyett P\u00e1rizsba sz\u00e1llt a Delta Airlines amerikai l\u00e9git\u00e1rsas\u00e1g egyik j\u00e1rata &#8211; k\u00f6z\u00f6lte a H\u00e1\u00e1rec c\u00edm\u0171 \u00fajs\u00e1g honlapja kedd d\u00e9lut\u00e1n.<\/strong><!--more--><br \/>\n<div class=\"ads-in-post1\"><div id=\"gazdasagportal.hu_fullbanner_wideboard\"><\/div>\r\n<\/div>\n<p>    Az American Airlines, a Delta Airlines, a U.S. Air \u00e9s a United Airlines felf\u00fcggesztette Izraelbe tart\u00f3 \u00e9s onnan rep\u00fcl\u0151 j\u00e1ratait kedden. A Delta Tel-Avivba tart\u00f3 g\u00e9p\u00e9t P\u00e1rizsba ir\u00e1ny\u00edtott\u00e1k, miut\u00e1n egy g\u00e1zai rak\u00e9ta roncsa becsap\u00f3dott a rep\u00fcl\u0151t\u00e9rhez k\u00f6zeli Jah\u00fad nev\u0171 telep\u00fcl\u00e9s egyik h\u00e1z\u00e1nak kertj\u00e9be.<br \/>\n    Az amerikai sz\u00f6vets\u00e9gi l\u00e9g\u00fcgyi hivatal az eset ut\u00e1n figyelmeztet\u00e9st adott ki a l\u00e9git\u00e1rsas\u00e1goknak. Izrael sz\u00e1m\u00e1ra a l\u00e9gik\u00f6zleked\u00e9s k\u00fcl\u00f6n\u00f6sen fontos, mivel a zsid\u00f3 \u00e1llamb\u00f3l a sz\u00e1razf\u00f6ld\u00f6n csak Jord\u00e1ni\u00e1ba \u00e9s Egyiptomba lehet eljutni. M\u00e1sik k\u00e9t szomsz\u00e9dj\u00e1val, Libanonnal \u00e9s Sz\u00edri\u00e1val nem b\u00e9keszerz\u0151d\u00e9s, hanem csak t\u0171zsz\u00fcneti meg\u00e1llapod\u00e1s szab\u00e1lyozza a hat\u00e1rforgalmat.<br \/>\n    Noha az egyik rak\u00e9ta egy nagyobb maradv\u00e1nya \u00e9ppen a Ben Gurion nemzetk\u00f6zi rep\u00fcl\u0151t\u00e9rt\u0151l t\u00edz kilom\u00e9terre l\u00e9v\u0151 Jeh\u00fadban \u00e9rt f\u00f6ldet, kedden d\u00e9lut\u00e1nig val\u00f3sz\u00edn\u0171leg az intenz\u00edv g\u00e1zai harcok nyom\u00e1n drasztikusan, mintegy fel\u00e9re cs\u00f6kkent az izraeli civilekre l\u0151tt g\u00e1zai rak\u00e9t\u00e1k sz\u00e1ma.<br \/>\n    A m\u00falt cs\u00fct\u00f6rt\u00f6k\u00f6n megind\u00edtott sz\u00e1razf\u00f6ldi harcok c\u00e9lja a Ham\u00e1sz h\u00e1bor\u00fas infrastrukt\u00far\u00e1j\u00e1nak, rak\u00e9takil\u00f6v\u0151inek \u00e9s arzen\u00e1lj\u00e1nak legal\u00e1bb r\u00e9szleges elpuszt\u00edt\u00e1sa, valamint Izraelbe vezet\u0151 alag\u00fatrendszer\u00e9nek felsz\u00e1mol\u00e1sa.<br \/>\n    Egy a kettes t\u00e9v\u00e9csatorn\u00e1nak nyilatkoz\u00f3 katonatiszt szerint tov\u00e1bbi egy-k\u00e9t h\u00e9tre van sz\u00fcks\u00e9g a g\u00e1zai katonai c\u00e9lok teljes\u00edt\u00e9s\u00e9hez. Vas\u00e1rnap M\u00f3sa Jaalon v\u00e9delmi miniszter \u00fagy nyilatkozott, hogy a katon\u00e1k a k\u00f6vetkez\u0151 k\u00e9t-h\u00e1rom napban felsz\u00e1molj\u00e1k az alagutak t\u00f6bbs\u00e9g\u00e9t.<br \/>\n    Uri Gordon, a G\u00e1zai \u00f6vezet \u00e9szaki r\u00e9sz\u00e9n harcol\u00f3 egys\u00e9g parancsnoka egy a terepen tartott, s a t\u00edzes t\u00e9v\u00e9csatorna \u00e1ltal is k\u00f6zvet\u00edtett sajt\u00f3t\u00e1j\u00e9koztat\u00f3n k\u00f6z\u00f6lte, hogy m\u00e1r megtal\u00e1lt\u00e1k a ter\u00fclet\u00fck\u00f6n l\u00e9v\u0151 alagutak t\u00f6bbs\u00e9g\u00e9t, \u00e9s meg fogj\u00e1k semmis\u00edteni azokat.<br \/>\n    Kedd d\u00e9lut\u00e1n egy \u00fajabb katona hal\u00e1l\u00e1t jelentette be az izraeli m\u00e9dia, \u00e9s ezzel huszonnyolcra n\u0151tt az elesettek sz\u00e1ma.(MTI)<\/p>\n","protected":false},"excerpt":{"rendered":"<p>A g\u00e1zai rak\u00e9t\u00e1k vesz\u00e9lyeztetik az izraeli l\u00e9giforgalmat, s emiatt Tel-Aviv helyett P\u00e1rizsba sz\u00e1llt a Delta Airlines amerikai l\u00e9git\u00e1rsas\u00e1g egyik j\u00e1rata &#8211; k\u00f6z\u00f6lte a H\u00e1\u00e1rec c\u00edm\u0171 \u00fajs\u00e1g honlapja kedd d\u00e9lut\u00e1n.<\/p>\n","protected":false},"author":1,"featured_media":0,"comment_status":"open","ping_status":"closed","sticky":false,"template":"","format":"standard","meta":[],"categories":[16],"tags":[],"_links":{"self":[{"href":"https:\/\/gazdasagportal.hu\/index.php\/wp-json\/wp\/v2\/posts\/40014"}],"collection":[{"href":"https:\/\/gazdasagportal.hu\/index.php\/wp-json\/wp\/v2\/posts"}],"about":[{"href":"https:\/\/gazdasagportal.hu\/index.php\/wp-json\/wp\/v2\/types\/post"}],"author":[{"embeddable":true,"href":"https:\/\/gazdasagportal.hu\/index.php\/wp-json\/wp\/v2\/users\/1"}],"replies":[{"embeddable":true,"href":"https:\/\/gazdasagportal.hu\/index.php\/wp-json\/wp\/v2\/comments?post=40014"}],"version-history":[{"count":1,"href":"https:\/\/gazdasagportal.hu\/index.php\/wp-json\/wp\/v2\/posts\/40014\/revisions"}],"predecessor-version":[{"id":40015,"href":"https:\/\/gazdasagportal.hu\/index.php\/wp-json\/wp\/v2\/posts\/40014\/revisions\/40015"}],"wp:attachment":[{"href":"https:\/\/gazdasagportal.hu\/index.php\/wp-json\/wp\/v2\/media?parent=40014"}],"wp:term":[{"taxonomy":"category","embeddable":true,"href":"https:\/\/gazdasagportal.hu\/index.php\/wp-json\/wp\/v2\/categories?post=40014"},{"taxonomy":"post_tag","embeddable":true,"href":"https:\/\/gazdasagportal.hu\/index.php\/wp-json\/wp\/v2\/tags?post=40014"}],"curies":[{"name":"wp","href":"https:\/\/api.w.org\/{rel}","templated":true}]}}