{"id":39846,"date":"2014-07-21T09:09:50","date_gmt":"2014-07-21T07:09:50","guid":{"rendered":"http:\/\/stockportal.hu\/?p=39846"},"modified":"2014-07-21T09:09:50","modified_gmt":"2014-07-21T07:09:50","slug":"devizahitelek-varga-2015-ben-varhato-a-forintositas","status":"publish","type":"post","link":"https:\/\/gazdasagportal.hu\/index.php\/devizahitelek-varga-2015-ben-varhato-a-forintositas\/","title":{"rendered":"Devizahitelek &#8211; Varga: 2015-ben v\u00e1rhat\u00f3 a forintos\u00edt\u00e1s"},"content":{"rendered":"<p><strong>Varga Mih\u00e1ly szerint a devizahitelek forintos\u00edt\u00e1s\u00e1r\u00f3l sz\u00f3l\u00f3 jogszab\u00e1ly beny\u00fajt\u00e1sa november v\u00e9g\u00e9n, december elej\u00e9n v\u00e1rhat\u00f3, \u00edgy a forintos\u00edt\u00e1s 2015-ben t\u00f6rt\u00e9nhet meg<\/strong><!--more--><br \/>\n<div class=\"ads-in-post1\"><div id=\"gazdasagportal.hu_fullbanner_wideboard\"><\/div>\r\n<\/div>.<\/p>\n<p>    A nemzetgazdas\u00e1gi miniszter a hvg.hu-n h\u00e9tf\u0151n megjelent interj\u00faban azt mondta: 2014 v\u00e9g\u00e9ig mindenkinek tiszt\u00e1ban kell lennie azzal, hogy a devizahitelekb\u0151l milyen felt\u00e9telek, milyen elsz\u00e1mol\u00e1s mellett lesznek forinthitelek, ez a re\u00e1lis menetrend.<br \/>\n    \u00cdgy a forintos\u00edt\u00e1s v\u00e1rhat\u00f3an a j\u00f6v\u0151 \u00e9vben t\u00f6rt\u00e9nik meg, de ehhez a jogszab\u00e1lyokat id\u00e9n el kell fogadni &#8211; tette hozz\u00e1.<br \/>\n    Az \u00e1facs\u00f6kkent\u00e9st firtat\u00f3 k\u00e9rd\u00e9sre azt v\u00e1laszolta, nehezen l\u00e1tn\u00e1 kivitelezhet\u0151nek, hogy a fogyaszt\u00e1si \u00e9s a j\u00f6vedelem t\u00edpus\u00fa ad\u00f3kat egyszerre cs\u00f6kkents\u00e9k.<br \/>\n    Megfontoland\u00f3nak, j\u00f3 \u00f6tletnek nevezte azt az elk\u00e9pzel\u00e9st, hogy a gyereknevel\u00e9st el kellene ismerni a nyugd\u00edjrendszerben. Eur\u00f3pa sok orsz\u00e1g\u00e1ban van m\u00e1r olyan rendszer, ahol valamilyen m\u00f3don \u00f6szt\u00f6nzik a nyugd\u00edjrendszer \u00f6sszekapcsol\u00e1s\u00e1t a v\u00e1llalt, felnevelt gyermekek sz\u00e1m\u00e1val. Sokf\u00e9le megold\u00e1s van, az ad\u00f3rendszeren kereszt\u00fcl \u00e9s k\u00f6zvetlen j\u00e1rad\u00e9k form\u00e1j\u00e1ban is lehet visszat\u00e9r\u00edteni &#8211; fejtette ki.(MTI)<\/p>\n","protected":false},"excerpt":{"rendered":"<p>Varga Mih\u00e1ly szerint a devizahitelek forintos\u00edt\u00e1s\u00e1r\u00f3l sz\u00f3l\u00f3 jogszab\u00e1ly beny\u00fajt\u00e1sa november v\u00e9g\u00e9n, december elej\u00e9n v\u00e1rhat\u00f3, \u00edgy a forintos\u00edt\u00e1s 2015-ben t\u00f6rt\u00e9nhet meg<\/p>\n","protected":false},"author":1,"featured_media":0,"comment_status":"open","ping_status":"closed","sticky":false,"template":"","format":"standard","meta":[],"categories":[19,112],"tags":[],"_links":{"self":[{"href":"https:\/\/gazdasagportal.hu\/index.php\/wp-json\/wp\/v2\/posts\/39846"}],"collection":[{"href":"https:\/\/gazdasagportal.hu\/index.php\/wp-json\/wp\/v2\/posts"}],"about":[{"href":"https:\/\/gazdasagportal.hu\/index.php\/wp-json\/wp\/v2\/types\/post"}],"author":[{"embeddable":true,"href":"https:\/\/gazdasagportal.hu\/index.php\/wp-json\/wp\/v2\/users\/1"}],"replies":[{"embeddable":true,"href":"https:\/\/gazdasagportal.hu\/index.php\/wp-json\/wp\/v2\/comments?post=39846"}],"version-history":[{"count":1,"href":"https:\/\/gazdasagportal.hu\/index.php\/wp-json\/wp\/v2\/posts\/39846\/revisions"}],"predecessor-version":[{"id":39847,"href":"https:\/\/gazdasagportal.hu\/index.php\/wp-json\/wp\/v2\/posts\/39846\/revisions\/39847"}],"wp:attachment":[{"href":"https:\/\/gazdasagportal.hu\/index.php\/wp-json\/wp\/v2\/media?parent=39846"}],"wp:term":[{"taxonomy":"category","embeddable":true,"href":"https:\/\/gazdasagportal.hu\/index.php\/wp-json\/wp\/v2\/categories?post=39846"},{"taxonomy":"post_tag","embeddable":true,"href":"https:\/\/gazdasagportal.hu\/index.php\/wp-json\/wp\/v2\/tags?post=39846"}],"curies":[{"name":"wp","href":"https:\/\/api.w.org\/{rel}","templated":true}]}}