{"id":39838,"date":"2014-07-21T08:34:00","date_gmt":"2014-07-21T06:34:00","guid":{"rendered":"http:\/\/stockportal.hu\/?p=39838"},"modified":"2014-07-21T08:06:37","modified_gmt":"2014-07-21T06:06:37","slug":"gki-melypontra-csokkentek-az-idei-uzleti-varakozasok-juliusban","status":"publish","type":"post","link":"https:\/\/gazdasagportal.hu\/index.php\/gki-melypontra-csokkentek-az-idei-uzleti-varakozasok-juliusban\/","title":{"rendered":"GKI: m\u00e9lypontra cs\u00f6kkentek az idei \u00fczleti v\u00e1rakoz\u00e1sok j\u00faliusban"},"content":{"rendered":"<p><strong>Az \u00e1prilisi cs\u00facshoz k\u00e9pest az \u00fczleti \u00e9s fogyaszt\u00f3i v\u00e1rakoz\u00e1sok is romlottak j\u00faliusban; azonban a GKI-Erste konjukt\u00faraindex havi cs\u00f6kken\u00e9s\u00e9t t\u00falnyom\u00f3 r\u00e9szt az \u00fczleti bizalmi index jelent\u0151s visszaes\u00e9se eredm\u00e9nyezte &#8211; der\u00fcl ki GKI \u00e1ltal, az Eur\u00f3pai Uni\u00f3 t\u00e1mogat\u00e1s\u00e1val v\u00e9gzett felm\u00e9r\u00e9sb\u0151l.<\/strong><!--more--><br \/>\n<div class=\"ads-in-post1\"><div id=\"gazdasagportal.hu_fullbanner_wideboard\"><\/div>\r\n<\/div>\n<p>\u00a0\u00a0\u00a0\u00a0Az \u00fczleti szf\u00e9r\u00e1n bel\u00fcl j\u00faliusban csak az \u00e9p\u00edt\u0151ipar kiv\u00e9tel\u00e9vel minden \u00e1gazat v\u00e1rakoz\u00e1sa romlott az el\u0151z\u0151 h\u00f3naphoz k\u00e9pest. Az \u00fczleti bizalmi index 5,4 pontr\u00f3l 1,4 pontra cs\u00f6kkent, teh\u00e1t \u00f6sszess\u00e9g\u00e9ben m\u00e9g mindig t\u00f6bb volt a javul\u00e1sra, mint a roml\u00e1sra sz\u00e1m\u00edt\u00f3 c\u00e9g.<br \/>\n\u00a0\u00a0\u00a0\u00a0A GKI-Erste konjunkt\u00faraindex m\u00ednusz 1,0 pontr\u00f3l m\u00ednusz 3,9 pontra s\u00fcllyedt. A fogyaszt\u00f3i bizalmi index a j\u00faniusi m\u00ednusz 19,3 pontr\u00f3l m\u00ednusz 18,9 pontra emelkedett, azonban ez az \u00e1prilisi &#8211; t\u00f6bb \u00e9ves cs\u00facsot jelent\u0151 &#8211; m\u00ednusz 15,3 ponthoz k\u00e9pest m\u00e9g mindig roml\u00e1st jelent.<br \/>\n\u00a0\u00a0\u00a0\u00a0Az ipari bizalmi index imm\u00e1r harmadik h\u00f3napja cs\u00f6kken. Romlott az elm\u00falt \u00e9s a k\u00f6vetkez\u0151 id\u0151szak termel\u00e9s\u00e9nek \u00e9s rendel\u00e9s\u00e1llom\u00e1ny\u00e1nak a meg\u00edt\u00e9l\u00e9se is, az exportrendel\u00e9sek\u00e9 viszont javult. Az \u00e9p\u00edt\u0151ipari bizalmi index j\u00faliusban alig emelkedett, de \u00edgy is tizenk\u00e9t \u00e9ves cs\u00facsot \u00e9rt el. Az el\u0151z\u0151 h\u00e1rom h\u00f3nap termel\u00e9si sz\u00ednvonal\u00e1r\u00f3l alkotott v\u00e9lem\u00e9ny sz\u00e1mottev\u0151en, a rendel\u00e9s\u00e1llom\u00e1ny\u00e9 szer\u00e9nyen javult.<br \/>\n\u00a0\u00a0\u00a0\u00a0A kereskedelemben az elad\u00e1si poz\u00edci\u00f3 \u00e9s a v\u00e1rhat\u00f3 rendel\u00e9sek meg\u00edt\u00e9l\u00e9se is kedvez\u0151tlenebb lett. A szolg\u00e1ltat\u00f3i bizalmi index j\u00faliusban az el\u0151z\u0151 havi megugr\u00e1ssal azonos m\u00e9rt\u00e9kben zuhant. Egyar\u00e1nt romlott az elm\u00falt id\u0151szak \u00fczletmenet\u00e9nek, valamint a k\u00f6vetkez\u0151 negyed\u00e9vben v\u00e1rhat\u00f3 forgalomnak a meg\u00edt\u00e9l\u00e9se.<br \/>\n\u00a0\u00a0\u00a0\u00a0A foglalkoztat\u00e1si sz\u00e1nd\u00e9k az iparban \u00e9s a szolg\u00e1ltat\u00f3 c\u00e9gek k\u00f6r\u00e9ben is mark\u00e1nsan romlott, az \u00e9p\u00edt\u0151iparban \u00e9s a kereskedelemben viszont kiss\u00e9 er\u0151s\u00f6d\u00f6tt. A l\u00e9tsz\u00e1m b\u0151v\u00edt\u00e9s\u00e9t tervez\u0151k ar\u00e1nya m\u00e9g minden \u00e1gazatban meghaladta a le\u00e9p\u00edt\u00e9sre sz\u00e1m\u00edt\u00f3k\u00e9t. A legt\u00f6bb \u00e1gazatban szinte azonos az \u00e1remel\u00e9sre \u00e9s \u00e1rcs\u00f6kkent\u00e9sre t\u00f6rekv\u0151k ar\u00e1nya, a kereskedelemben \u00e9s a fogyaszt\u00f3k k\u00f6r\u00e9ben azonban kiss\u00e9 er\u0151s\u00f6d\u00f6tt az infl\u00e1ci\u00f3s v\u00e1rakoz\u00e1s.<br \/>\n\u00a0\u00a0\u00a0\u00a0A lakoss\u00e1g a saj\u00e1t p\u00e9nz\u00fcgyi helyzet\u00e9t \u00e9s a nagy \u00e9rt\u00e9k\u0171 fogyaszt\u00e1si cikkek v\u00e1s\u00e1rl\u00e1si lehet\u0151s\u00e9g\u00e9t kiss\u00e9 jobbnak, v\u00e1rhat\u00f3 megtakar\u00edt\u00e1si k\u00e9pess\u00e9g\u00e9t valamivel rosszabbnak tartotta, mint j\u00faniusban.<br \/>\n\u00a0\u00a0\u00a0\u00a0A magyar gazdas\u00e1g kil\u00e1t\u00e1sair\u00f3l alkotott v\u00e9lem\u00e9ny a lakoss\u00e1g k\u00f6r\u00e9ben \u00e9s az \u00e9p\u00edt\u0151iparban alig v\u00e1ltozott, a t\u00f6bbi \u00e1gazatban romlott, de az \u00fczleti szf\u00e9r\u00e1ban \u00f6sszess\u00e9g\u00e9ben az optimist\u00e1k vannak t\u00f6bbs\u00e9gben.(MTI)<\/p>\n","protected":false},"excerpt":{"rendered":"<p>Az \u00e1prilisi cs\u00facshoz k\u00e9pest az \u00fczleti \u00e9s fogyaszt\u00f3i v\u00e1rakoz\u00e1sok is romlottak j\u00faliusban; azonban a GKI-Erste konjukt\u00faraindex havi cs\u00f6kken\u00e9s\u00e9t t\u00falnyom\u00f3 r\u00e9szt az \u00fczleti bizalmi index jelent\u0151s visszaes\u00e9se eredm\u00e9nyezte &#8211; der\u00fcl ki GKI \u00e1ltal, az Eur\u00f3pai Uni\u00f3 t\u00e1mogat\u00e1s\u00e1val v\u00e9gzett felm\u00e9r\u00e9sb\u0151l.<\/p>\n","protected":false},"author":1,"featured_media":0,"comment_status":"open","ping_status":"closed","sticky":false,"template":"","format":"standard","meta":[],"categories":[19],"tags":[],"_links":{"self":[{"href":"https:\/\/gazdasagportal.hu\/index.php\/wp-json\/wp\/v2\/posts\/39838"}],"collection":[{"href":"https:\/\/gazdasagportal.hu\/index.php\/wp-json\/wp\/v2\/posts"}],"about":[{"href":"https:\/\/gazdasagportal.hu\/index.php\/wp-json\/wp\/v2\/types\/post"}],"author":[{"embeddable":true,"href":"https:\/\/gazdasagportal.hu\/index.php\/wp-json\/wp\/v2\/users\/1"}],"replies":[{"embeddable":true,"href":"https:\/\/gazdasagportal.hu\/index.php\/wp-json\/wp\/v2\/comments?post=39838"}],"version-history":[{"count":1,"href":"https:\/\/gazdasagportal.hu\/index.php\/wp-json\/wp\/v2\/posts\/39838\/revisions"}],"predecessor-version":[{"id":39839,"href":"https:\/\/gazdasagportal.hu\/index.php\/wp-json\/wp\/v2\/posts\/39838\/revisions\/39839"}],"wp:attachment":[{"href":"https:\/\/gazdasagportal.hu\/index.php\/wp-json\/wp\/v2\/media?parent=39838"}],"wp:term":[{"taxonomy":"category","embeddable":true,"href":"https:\/\/gazdasagportal.hu\/index.php\/wp-json\/wp\/v2\/categories?post=39838"},{"taxonomy":"post_tag","embeddable":true,"href":"https:\/\/gazdasagportal.hu\/index.php\/wp-json\/wp\/v2\/tags?post=39838"}],"curies":[{"name":"wp","href":"https:\/\/api.w.org\/{rel}","templated":true}]}}