{"id":39833,"date":"2014-07-21T04:21:10","date_gmt":"2014-07-21T02:21:10","guid":{"rendered":"http:\/\/stockportal.hu\/?p=39833"},"modified":"2014-07-20T22:06:22","modified_gmt":"2014-07-20T20:06:22","slug":"ukran-valsag-kijev-ujabb-nehezfegyvereket-adott-oroszorszag-a-kelet-ukrajnai-szakadaroknak","status":"publish","type":"post","link":"https:\/\/gazdasagportal.hu\/index.php\/ukran-valsag-kijev-ujabb-nehezfegyvereket-adott-oroszorszag-a-kelet-ukrajnai-szakadaroknak\/","title":{"rendered":"Ukr\u00e1n v\u00e1ls\u00e1g &#8211; Kijev: \u00fajabb neh\u00e9zfegyvereket adott Oroszorsz\u00e1g a kelet-ukrajnai szakad\u00e1roknak"},"content":{"rendered":"<p><strong>\u00dajabb neh\u00e9zfegyvereket adott Oroszorsz\u00e1g a kelet-ukrajnai szakad\u00e1roknak &#8211; jelentette ki Andrij Liszenko, a Nemzetv\u00e9delmi \u00e9s Biztons\u00e1gi Tan\u00e1cs (RNBO) sz\u00f3viv\u0151je vas\u00e1rnapi kijevi sajt\u00f3t\u00e1j\u00e9koztat\u00f3j\u00e1n.<\/strong><!--more--><br \/>\n<div class=\"ads-in-post1\"><div id=\"gazdasagportal.hu_fullbanner_wideboard\"><\/div>\r\n<\/div>\n<p>    A tiszts\u00e9gvisel\u0151 \u00e1ll\u00edt\u00e1sa szerint egy nap alatt h\u00e1rom Grad rak\u00e9ta-sorozatvet\u0151t, n\u00e9gy harckocsit, h\u00e9t p\u00e1nc\u00e9lozott harcj\u00e1rm\u0171vet \u00e9s t\u00f6bb Ural teherg\u00e9pkocsit, valamint l\u0151szereket &#8222;dobott \u00e1t&#8221; Oroszorsz\u00e1g a hat\u00e1ron a kelet-ukrajnai Luhanszk megy\u00e9be.<br \/>\n    Liszenko k\u00f6z\u00f6lte, hogy a h\u00e9t v\u00e9g\u00e9n a &#8222;terrorellenes er\u0151k&#8221; 8 tagja vesztette \u00e9let\u00e9t a harcokban, 50-en s\u00e9r\u00fcltek meg. Egy nap alatt t\u00f6bb mint 25 szeparatista t\u00e1mad\u00e1s \u00e9rte az ukr\u00e1n fegyveres er\u0151ket.<br \/>\n    A sz\u00f3viv\u0151 szavai szerint Oroszorsz\u00e1g \u00fajabb csapatokat csoportos\u00edt \u00e1t az ukr\u00e1n hat\u00e1rhoz. T\u00fcz\u00e9rs\u00e9gi egys\u00e9gek \u00e1llom\u00e1soznak a hat\u00e1r k\u00f6zel\u00e9ben, valamint t\u00f6bb mint harminc harckocsit \u00e9szleltek k\u00f6zeledni az ukr\u00e1n hat\u00e1r fel\u00e9 a brjanszki ter\u00fcleten, illetve jelent\u0151s sz\u00e1m\u00fa p\u00e1nc\u00e9lozott j\u00e1rm\u0171vet Rosztov k\u00f6rny\u00e9k\u00e9r\u0151l. Emellett az orosz er\u0151k harck\u00e9sz\u00fclts\u00e9gbe helyeztek n\u00e9gy harckocsit, h\u00e1rom p\u00e1nc\u00e9lozott harcj\u00e1rm\u0171vet \u00e9s mintegy 100 katon\u00e1t a Kr\u00edmben, a d\u00e9l-ukrajnai Herszon megye hat\u00e1r\u00e1n\u00e1l.<br \/>\n    A tan\u00e1cs adatai alapj\u00e1n jelenleg 396 civilt tartanak a szeparatist\u00e1k fogs\u00e1gban k\u00f6zt\u00fck h\u00e1rom \u00fajs\u00e1g\u00edr\u00f3t, hat k\u00f6z\u00e9leti szem\u00e9lyis\u00e9get, b\u00edr\u00f3kat \u00e9s \u00fcgyv\u00e9deket is.<br \/>\n    Liszenko a sajt\u00f3t\u00e1j\u00e9koztat\u00f3n elismerte, hogy a katasztr\u00f3f\u00e1t szenvedett malajziai utassz\u00e1ll\u00edt\u00f3 roncsai k\u00f6z\u00f6tt megtal\u00e1lt holttestek z\u00f6m\u00e9r\u0151l az RNBO nem tudja, hol van. Eml\u00e9keztetett arra, hogy 38 \u00e1ldozat maradv\u00e1nyait a szeparatist\u00e1k szombaton egy ellen\u0151rz\u00e9s\u00fck alatt \u00e1ll\u00f3 donyecki halottash\u00e1zba sz\u00e1ll\u00edtott\u00e1k. Hozz\u00e1tette, hogy a t\u00f6bbi holl\u00e9t\u00e9r\u0151l nincs inform\u00e1ci\u00f3ja. Mostan\u00e1ig a ment\u00e9st v\u00e9gz\u0151k a 298 hal\u00e1los \u00e1ldozat k\u00f6z\u00fcl 196 holttest\u00e9t tal\u00e1lt\u00e1k meg. Egyes h\u00edrek alapj\u00e1n nem kiz\u00e1rt, hogy a t\u00f6bbi felkutatott holttestet is megszerezt\u00e9k a szeparatist\u00e1k.<br \/>\n    Kor\u00e1bban a szakad\u00e1rok \u00e1ll\u00edt\u00f3lag beleegyeztek abba, hogy az ukr\u00e1n hat\u00f3s\u00e1gok elsz\u00e1ll\u00edts\u00e1k a holttesteket a trag\u00e9dia helysz\u00edn\u00e9r\u0151l. A katasztr\u00f3f\u00e1t vizsg\u00e1l\u00f3 \u00e1llami bizotts\u00e1ggal egy\u00fcttm\u0171k\u00f6d\u0151 v\u00e1ls\u00e1gk\u00f6zpont vezet\u0151je elmondta, hogy Harkiv megy\u00e9ben egy \u00fczemben k\u00e9sz\u00edtettek el\u0151 &#8222;speci\u00e1lis helys\u00e9get&#8221; a holttestek fogad\u00e1s\u00e1ra. Az \u00fczem pontos holl\u00e9t\u00e9t biztons\u00e1gi okokb\u00f3l nem hozta nyilv\u00e1noss\u00e1gra.<br \/>\n    Az ukr\u00e1n biztons\u00e1gi szolg\u00e1lat (SZBU) vas\u00e1rnap k\u00f6zz\u00e9tett egy lehallgatott telefonbesz\u00e9lget\u00e9st, amelyen \u00e1ll\u00edt\u00f3lag egy szeparatista parancsnok \u00e9s a katasztr\u00f3fav\u00e9delem szakad\u00e1rokkal szimpatiz\u00e1l\u00f3 tagjainak egyike k\u00f6z\u00f6tt zajlott le. A szakad\u00e1r parancsnok arra k\u00e9ri besz\u00e9lget\u0151partner\u00e9t, hogy a lezuhant malajziai rep\u00fcl\u0151g\u00e9p feketedobozait nekik juttass\u00e1k el.<br \/>\n    K\u00f6zben Luhanszk rep\u00fcl\u0151ter\u00e9t napok \u00f3ta tartj\u00e1k k\u00f6rbez\u00e1rva a szakad\u00e1rok. A l\u00e9gi kik\u00f6t\u0151 ter\u00fclet\u00e9n rekedt katon\u00e1kt\u00f3l sz\u00e1rmaz\u00f3 inform\u00e1ci\u00f3k szerint sorozatos t\u00fcz\u00e9rs\u00e9gi t\u00e1mad\u00e1sok \u00e9rik \u0151ket. K\u00f6z\u00fcl\u00fck m\u00e1r n\u00e9gyen \u00e9let\u00fcket vesztett\u00e9k, \u00e9s legal\u00e1bb 15 sebes\u00fcltj\u00fck van.(MTI)<\/p>\n","protected":false},"excerpt":{"rendered":"<p>\u00dajabb neh\u00e9zfegyvereket adott Oroszorsz\u00e1g a kelet-ukrajnai szakad\u00e1roknak &#8211; jelentette ki Andrij Liszenko, a Nemzetv\u00e9delmi \u00e9s Biztons\u00e1gi Tan\u00e1cs (RNBO) sz\u00f3viv\u0151je vas\u00e1rnapi kijevi sajt\u00f3t\u00e1j\u00e9koztat\u00f3j\u00e1n.<\/p>\n","protected":false},"author":1,"featured_media":0,"comment_status":"open","ping_status":"closed","sticky":false,"template":"","format":"standard","meta":[],"categories":[139],"tags":[],"_links":{"self":[{"href":"https:\/\/gazdasagportal.hu\/index.php\/wp-json\/wp\/v2\/posts\/39833"}],"collection":[{"href":"https:\/\/gazdasagportal.hu\/index.php\/wp-json\/wp\/v2\/posts"}],"about":[{"href":"https:\/\/gazdasagportal.hu\/index.php\/wp-json\/wp\/v2\/types\/post"}],"author":[{"embeddable":true,"href":"https:\/\/gazdasagportal.hu\/index.php\/wp-json\/wp\/v2\/users\/1"}],"replies":[{"embeddable":true,"href":"https:\/\/gazdasagportal.hu\/index.php\/wp-json\/wp\/v2\/comments?post=39833"}],"version-history":[{"count":1,"href":"https:\/\/gazdasagportal.hu\/index.php\/wp-json\/wp\/v2\/posts\/39833\/revisions"}],"predecessor-version":[{"id":39834,"href":"https:\/\/gazdasagportal.hu\/index.php\/wp-json\/wp\/v2\/posts\/39833\/revisions\/39834"}],"wp:attachment":[{"href":"https:\/\/gazdasagportal.hu\/index.php\/wp-json\/wp\/v2\/media?parent=39833"}],"wp:term":[{"taxonomy":"category","embeddable":true,"href":"https:\/\/gazdasagportal.hu\/index.php\/wp-json\/wp\/v2\/categories?post=39833"},{"taxonomy":"post_tag","embeddable":true,"href":"https:\/\/gazdasagportal.hu\/index.php\/wp-json\/wp\/v2\/tags?post=39833"}],"curies":[{"name":"wp","href":"https:\/\/api.w.org\/{rel}","templated":true}]}}