{"id":39831,"date":"2014-07-21T06:57:39","date_gmt":"2014-07-21T04:57:39","guid":{"rendered":"http:\/\/stockportal.hu\/?p=39831"},"modified":"2014-07-20T22:00:07","modified_gmt":"2014-07-20T20:00:07","slug":"gazai-konfliktus-sulyos-harcok-folytak-gazaban-sok-palesztin-halott","status":"publish","type":"post","link":"https:\/\/gazdasagportal.hu\/index.php\/gazai-konfliktus-sulyos-harcok-folytak-gazaban-sok-palesztin-halott\/","title":{"rendered":"G\u00e1zai konfliktus &#8211; S\u00falyos harcok folytak G\u00e1z\u00e1ban, sok palesztin halott"},"content":{"rendered":"<p><strong>Legkevesebb negyven palesztin vesztette \u00e9let\u00e9t az izraeli er\u0151k G\u00e1za v\u00e1ros \u00e9szakkeleti r\u00e9sze ellen ind\u00edtott t\u00e1mad\u00e1s\u00e1ban az izraeli sajt\u00f3\u00e9rtes\u00fcl\u00e9sek szerint. A Ham\u00e1sz h\u00e1rom \u00f3r\u00e1s humanit\u00e1rius t\u0171zsz\u00fcnetet k\u00e9rt a sebes\u00fcltek \u00f6sszegy\u0171jt\u00e9s\u00e9hez a v\u00f6r\u00f6skereszt k\u00f6zvet\u00edt\u00e9s\u00e9vel, Jeruzs\u00e1lem k\u00e9t \u00f3r\u00e1s id\u0151tartamra elfogadta a k\u00e9r\u00e9st, de f\u00e9l \u00f3ra m\u00falva m\u00e9gis folytat\u00f3dtak a harcok.<\/strong><!--more--><br \/>\n<div class=\"ads-in-post1\"><div id=\"gazdasagportal.hu_fullbanner_wideboard\"><\/div>\r\n<\/div>\n<p>    G\u00e1za v\u00e1ros Szadzsah\u00edja negyed\u00e9ben legkevesebb negyven palesztin meghalt \u00e9s n\u00e9gysz\u00e1z megsebes\u00fclt a hajnal \u00f3ta tart\u00f3 harcokban. Ezrek menek\u00fclnek a vesz\u00e9lyeztetett t\u00e9rs\u00e9gb\u0151l, s\u0171r\u0171 t\u00f6m\u00f6r f\u00fcst emelkedik a h\u00e1zak f\u00f6l\u00e9, amelyr\u0151l nem vil\u00e1gos, hogy az izraeli t\u00fcz\u00e9rs\u00e9gi t\u0171z, vagy a Ham\u00e1sz ott t\u00e1rolt \u00e9s felrobbant arzen\u00e1lja okozza-e.<br \/>\n    A negyed lak\u00f3it a hadsereg el\u0151zetesen t\u00e1voz\u00e1sra sz\u00f3l\u00edtotta fel, azonban a palesztinok nagy r\u00e9sze otthon\u00e1ban maradt, sokaknak ugyanis nem volt hov\u00e1 elmenek\u00fclni \u00e9s a Ham\u00e1sz is marad\u00e1sra k\u00e9rte a lakosokat.<br \/>\n    Mahm\u00fad Abb\u00e1sz palesztin eln\u00f6k m\u00e9sz\u00e1rl\u00e1snak nevezte az izraeli hadsereg Szadzsah\u00edja negyedben folytatott, \u00fajabb civilek hal\u00e1l\u00e1t okoz\u00f3 katonai m\u0171velet\u00e9t. A Ham\u00e1sz izraeli telep\u00fcl\u00e9sek elleni rak\u00e9tat\u00e1mad\u00e1sainak meg\u00e1ll\u00edt\u00e1s\u00e1ra ind\u00edtott, Er\u0151s szikla hadm\u0171velet tizenk\u00e9t napja alatt a g\u00e1zai eg\u00e9szs\u00e9g\u00fcgyi miniszt\u00e9rium adatai szerint eddig a legkevesebb h\u00e1romsz\u00e1zhetven palesztin vesztette \u00e9let\u00e9t, akiknek t\u00f6bbs\u00e9ge civil volt.<br \/>\n    A sz\u00e1razf\u00f6ldi hadm\u0171veletek cs\u00fct\u00f6rt\u00f6k esti megind\u00edt\u00e1sa, \u00e9s k\u00fcl\u00f6n\u00f6sen a vas\u00e1rnap hajnalban Szadzsah\u00edja negyedben folytatott harcok nyom\u00e1n n\u0151tt az izraeli hadsereg sebes\u00fcltjeinek a sz\u00e1ma. A r\u00e1di\u00f3 jelent\u00e9se szerint t\u00f6bb mint \u00f6tven sebes\u00fclt katon\u00e1t \u00e1polnak k\u00fcl\u00f6nb\u00f6z\u0151 izraeli k\u00f3rh\u00e1zakban, akik k\u00f6z\u00fcl h\u00e9tnek s\u00falyos az \u00e1llapota. A harcokban eddig \u00f6t izraeli katona \u00e9s k\u00e9t civil vesztette \u00e9let\u00e9t.<br \/>\n    Peter Lerner katonai sz\u00f3viv\u0151 szerint az \u00f6vezet \u00e9szaki r\u00e9sz\u00e9ben zajl\u00f3 harcokban a \u201eHam\u00e1sz megpr\u00f3b\u00e1lja megv\u00e9deni infrastrukt\u00far\u00e1j\u00e1t \u00e9s az \u00f6sszet\u0171z\u00e9sek nagy r\u00e9sze az alagutak k\u00f6rny\u00e9k\u00e9n folyik.\u201d A sz\u00e1razf\u00f6ldi hadm\u0171velet egyik kifejezett c\u00e9lja, hogy elpuszt\u00edtsa a Ham\u00e1sz palesztin sz\u00e9ls\u0151s\u00e9ges szervezet f\u00f6ld alatti alag\u00fath\u00e1l\u00f3zat\u00e1t, sz\u00e1mos j\u00e1rat ugyanis Izraelbe vezet.<br \/>\n    Az izraeli hat\u00f3s\u00e1gok elhat\u00e1rozt\u00e1k, hogy vas\u00e1rnap este humanit\u00e1rius t\u00e1bori k\u00f3rh\u00e1zat l\u00e9tes\u00edtenek a G\u00e1zai \u00f6vezet \u00e9szaki sark\u00e1ban az erezi \u00e1tkel\u0151n\u00e9l, amely v\u00e9dve lesz a g\u00e1zai rak\u00e9t\u00e1kt\u00f3l \u00e9s ahol az izraeli szakemberek a g\u00e1zai civilek \u00e1pol\u00e1s\u00e1t v\u00e1llalj\u00e1k. A t\u00e1bori k\u00f3rh\u00e1zban m\u0171t\u0151ket \u00e9s k\u00f3rtermeket, valamint sz\u00fcl\u0151szob\u00e1kat is berendeznek.(MTI)<\/p>\n","protected":false},"excerpt":{"rendered":"<p>Legkevesebb negyven palesztin vesztette \u00e9let\u00e9t az izraeli er\u0151k G\u00e1za v\u00e1ros \u00e9szakkeleti r\u00e9sze ellen ind\u00edtott t\u00e1mad\u00e1s\u00e1ban az izraeli sajt\u00f3\u00e9rtes\u00fcl\u00e9sek szerint. A Ham\u00e1sz h\u00e1rom \u00f3r\u00e1s humanit\u00e1rius t\u0171zsz\u00fcnetet k\u00e9rt a sebes\u00fcltek \u00f6sszegy\u0171jt\u00e9s\u00e9hez a v\u00f6r\u00f6skereszt k\u00f6zvet\u00edt\u00e9s\u00e9vel, Jeruzs\u00e1lem k\u00e9t \u00f3r\u00e1s id\u0151tartamra elfogadta a k\u00e9r\u00e9st, de f\u00e9l \u00f3ra m\u00falva m\u00e9gis folytat\u00f3dtak a harcok.<\/p>\n","protected":false},"author":1,"featured_media":0,"comment_status":"open","ping_status":"closed","sticky":false,"template":"","format":"standard","meta":[],"categories":[16],"tags":[],"_links":{"self":[{"href":"https:\/\/gazdasagportal.hu\/index.php\/wp-json\/wp\/v2\/posts\/39831"}],"collection":[{"href":"https:\/\/gazdasagportal.hu\/index.php\/wp-json\/wp\/v2\/posts"}],"about":[{"href":"https:\/\/gazdasagportal.hu\/index.php\/wp-json\/wp\/v2\/types\/post"}],"author":[{"embeddable":true,"href":"https:\/\/gazdasagportal.hu\/index.php\/wp-json\/wp\/v2\/users\/1"}],"replies":[{"embeddable":true,"href":"https:\/\/gazdasagportal.hu\/index.php\/wp-json\/wp\/v2\/comments?post=39831"}],"version-history":[{"count":1,"href":"https:\/\/gazdasagportal.hu\/index.php\/wp-json\/wp\/v2\/posts\/39831\/revisions"}],"predecessor-version":[{"id":39832,"href":"https:\/\/gazdasagportal.hu\/index.php\/wp-json\/wp\/v2\/posts\/39831\/revisions\/39832"}],"wp:attachment":[{"href":"https:\/\/gazdasagportal.hu\/index.php\/wp-json\/wp\/v2\/media?parent=39831"}],"wp:term":[{"taxonomy":"category","embeddable":true,"href":"https:\/\/gazdasagportal.hu\/index.php\/wp-json\/wp\/v2\/categories?post=39831"},{"taxonomy":"post_tag","embeddable":true,"href":"https:\/\/gazdasagportal.hu\/index.php\/wp-json\/wp\/v2\/tags?post=39831"}],"curies":[{"name":"wp","href":"https:\/\/api.w.org\/{rel}","templated":true}]}}