{"id":39819,"date":"2014-07-20T16:17:25","date_gmt":"2014-07-20T14:17:25","guid":{"rendered":"http:\/\/stockportal.hu\/?p=39819"},"modified":"2014-07-20T08:49:55","modified_gmt":"2014-07-20T06:49:55","slug":"a-palyazatiroi-piac-tisztulasa-erdekeben-tanusito-rendszert-mukodtet-a-szakmai-szovetseg","status":"publish","type":"post","link":"https:\/\/gazdasagportal.hu\/index.php\/a-palyazatiroi-piac-tisztulasa-erdekeben-tanusito-rendszert-mukodtet-a-szakmai-szovetseg\/","title":{"rendered":"A p\u00e1ly\u00e1zat\u00edr\u00f3i piac tisztul\u00e1sa \u00e9rdek\u00e9ben tan\u00fas\u00edt\u00f3 rendszert m\u0171k\u00f6dtet a szakmai sz\u00f6vets\u00e9g"},"content":{"rendered":"<p><strong>A P\u00e1ly\u00e1zati Projektmenedzserek \u00e9s Tan\u00e1csad\u00f3k Orsz\u00e1gos Sz\u00f6vets\u00e9ge (P\u00c1TOSZ) kidolgozta \u00e9s m\u00e1r m\u0171k\u00f6dteti a szakma \u00f6nszab\u00e1lyoz\u00e1sak\u00e9nt a &#8222;Megb\u00edzhat\u00f3 tan\u00e1csad\u00f3&#8221; tan\u00fas\u00edt\u00f3 rendszert &#8211; k\u00f6z\u00f6lte Mar\u00f3czi Imre, a sz\u00f6vets\u00e9g eln\u00f6ke az MTI-vel.<\/strong><!--more--><br \/>\n<div class=\"ads-in-post1\"><div id=\"gazdasagportal.hu_fullbanner_wideboard\"><\/div>\r\n<\/div>\n<p>    A P\u00c1TOSZ a napokban adta \u00e1t az els\u0151 25 szak\u00e9rt\u0151nek a &#8222;Megb\u00edzhat\u00f3 tan\u00e1csad\u00f3&#8221; n\u00e9vre sz\u00f3l\u00f3 plasztik k\u00e1rty\u00e1t \u00e9s oklevelet.<br \/>\n    A sz\u00f6vets\u00e9g azt v\u00e1rja a rendszert\u0151l, hogy seg\u00edtse a piac tisztul\u00e1s\u00e1t, kisz\u0171rje a &#8222;k\u00f3klereket&#8221;, \u00e9s v\u00e1laszt\u00e1si lehet\u0151s\u00e9get k\u00edn\u00e1ljon a megb\u00edzhat\u00f3, etikus p\u00e1ly\u00e1zat\u00edr\u00f3k k\u00f6r\u00e9b\u0151l &#8211; mondta a P\u00c1TOSZ eln\u00f6ke, aki szerint a &#8222;Megb\u00edzhat\u00f3 tan\u00e1csad\u00f3&#8221; k\u00e1rty\u00e1val rendelkez\u0151 p\u00e1ly\u00e1zat\u00edr\u00f3 piaci el\u0151nyh\u00f6z juthat tisztess\u00e9ges munk\u00e1ja r\u00e9v\u00e9n.<br \/>\n    Mar\u00f3czi Imre elmondta, hogy a felhaszn\u00e1l\u00f3-hiteles\u00edt\u00e9sen alapul\u00f3, \u00fagynevezett autentifik\u00e1ci\u00f3s tan\u00fas\u00edt\u00e1s megszerz\u00e9s\u00e9t b\u00e1rki kezdem\u00e9nyezheti, aki megfelel a szigor\u00fa ki\u00edr\u00e1soknak, egyebek k\u00f6z\u00f6tt \u00f6t \u00e9vre visszamen\u0151leg igazolhat\u00f3 kifog\u00e1stalan szakmai m\u00falttal rendelkezik.<br \/>\n    A jelentkez\u0151k el\u0151sz\u0171r\u00e9st k\u00f6vet\u0151en neves szak\u00e9rt\u0151kb\u0151l \u00e1ll\u00f3 bizotts\u00e1g \u00edt\u00e9li oda a szakma \u00e1ltal m\u0171k\u00f6dtetett \u00e9s fel\u00fcgyelt tan\u00fas\u00edt\u00e1st egy \u00e9vre, amelynek megtart\u00e1s\u00e1t minden \u00e9vben kezdem\u00e9nyezni kell. A sz\u00f6vets\u00e9g a tan\u00fas\u00edt\u00f3 rendszer krit\u00e9riumait folyamatosan igaz\u00edtja az orsz\u00e1gos p\u00e1ly\u00e1zati rendszerhez, p\u00e9ld\u00e1ul a megfelel\u00e9s \u00e9venk\u00e9nti meghosszabb\u00edt\u00e1sakor \u00e9rv\u00e9nyes\u00edteni tudj\u00e1k az \u00faj szempontokat is.<br \/>\n    Ha a rendszer\u00fckben tan\u00fas\u00edtott szak\u00e9rt\u0151r\u0151l kedvez\u0151tlen piaci visszajelz\u00e9s \u00e9rkezik a sz\u00f6vets\u00e9ghez, azt minden esetben kivizsg\u00e1lj\u00e1k, \u00e9s jogos panasz eset\u00e9n felf\u00fcggesztik, vagy visszavonj\u00e1k a min\u0151s\u00edt\u00e9st &#8211; mondta az eln\u00f6k.<br \/>\n    A P\u00c1TOSZ vezet\u0151je szerint a 2014-2020-as eur\u00f3pai uni\u00f3s fejleszt\u00e9si id\u0151szakban is sz\u00fcks\u00e9ges lesz a piaci alapon m\u0171k\u00f6d\u0151 p\u00e1ly\u00e1zat\u00edr\u00f3kra, p\u00e1ly\u00e1zati tan\u00e1csad\u00f3kra, \u00e9s az el\u0151z\u0151, 2007-2013-as id\u0151szak tapasztalatai mindenk\u00e9ppen indokolj\u00e1k a piac tisztul\u00e1s\u00e1t, \u00f6nszab\u00e1lyz\u00f3 m\u00f3don is.<br \/>\n    A P\u00e1ly\u00e1zati Projektmenedzserek \u00e9s Tan\u00e1csad\u00f3k Orsz\u00e1gos Sz\u00f6vets\u00e9ge 2003-ban alakult a p\u00e1ly\u00e1zat\u00edr\u00f3k szakmai-\u00e1gazati \u00e9rdekk\u00e9pviselet\u00e9re, jelenleg t\u00f6bb ezer p\u00e1ly\u00e1zatot kezel\u0151 150 p\u00e1ly\u00e1zat\u00edr\u00f3 \u00e9s p\u00e1ly\u00e1zati tan\u00e1csad\u00f3 szak\u00e9rt\u0151 tagja van.(MTI)<\/p>\n","protected":false},"excerpt":{"rendered":"<p>A P\u00e1ly\u00e1zati Projektmenedzserek \u00e9s Tan\u00e1csad\u00f3k Orsz\u00e1gos Sz\u00f6vets\u00e9ge (P\u00c1TOSZ) kidolgozta \u00e9s m\u00e1r m\u0171k\u00f6dteti a szakma \u00f6nszab\u00e1lyoz\u00e1sak\u00e9nt a &#8222;Megb\u00edzhat\u00f3 tan\u00e1csad\u00f3&#8221; tan\u00fas\u00edt\u00f3 rendszert &#8211; k\u00f6z\u00f6lte Mar\u00f3czi Imre, a sz\u00f6vets\u00e9g eln\u00f6ke az MTI-vel.<\/p>\n","protected":false},"author":1,"featured_media":0,"comment_status":"open","ping_status":"closed","sticky":false,"template":"","format":"standard","meta":[],"categories":[19],"tags":[],"_links":{"self":[{"href":"https:\/\/gazdasagportal.hu\/index.php\/wp-json\/wp\/v2\/posts\/39819"}],"collection":[{"href":"https:\/\/gazdasagportal.hu\/index.php\/wp-json\/wp\/v2\/posts"}],"about":[{"href":"https:\/\/gazdasagportal.hu\/index.php\/wp-json\/wp\/v2\/types\/post"}],"author":[{"embeddable":true,"href":"https:\/\/gazdasagportal.hu\/index.php\/wp-json\/wp\/v2\/users\/1"}],"replies":[{"embeddable":true,"href":"https:\/\/gazdasagportal.hu\/index.php\/wp-json\/wp\/v2\/comments?post=39819"}],"version-history":[{"count":1,"href":"https:\/\/gazdasagportal.hu\/index.php\/wp-json\/wp\/v2\/posts\/39819\/revisions"}],"predecessor-version":[{"id":39820,"href":"https:\/\/gazdasagportal.hu\/index.php\/wp-json\/wp\/v2\/posts\/39819\/revisions\/39820"}],"wp:attachment":[{"href":"https:\/\/gazdasagportal.hu\/index.php\/wp-json\/wp\/v2\/media?parent=39819"}],"wp:term":[{"taxonomy":"category","embeddable":true,"href":"https:\/\/gazdasagportal.hu\/index.php\/wp-json\/wp\/v2\/categories?post=39819"},{"taxonomy":"post_tag","embeddable":true,"href":"https:\/\/gazdasagportal.hu\/index.php\/wp-json\/wp\/v2\/tags?post=39819"}],"curies":[{"name":"wp","href":"https:\/\/api.w.org\/{rel}","templated":true}]}}