{"id":39755,"date":"2014-07-18T15:15:20","date_gmt":"2014-07-18T13:15:20","guid":{"rendered":"http:\/\/stockportal.hu\/?p=39755"},"modified":"2014-07-18T15:06:28","modified_gmt":"2014-07-18T13:06:28","slug":"gazai-konfliktus-netanjahu-bejelentette-a-szarazfoldi-muvelet-kiterjeszteset","status":"publish","type":"post","link":"https:\/\/gazdasagportal.hu\/index.php\/gazai-konfliktus-netanjahu-bejelentette-a-szarazfoldi-muvelet-kiterjeszteset\/","title":{"rendered":"G\u00e1zai konfliktus &#8211; Netanjahu bejelentette a sz\u00e1razf\u00f6ldi m\u0171velet kiterjeszt\u00e9s\u00e9t"},"content":{"rendered":"<p><strong>Benj\u00e1min Netanjahu minisztereln\u00f6k p\u00e9nteken bejelentette a palesztinok elleni izraeli sz\u00e1razf\u00f6ldi hadm\u0171velet kiterjeszt\u00e9s\u00e9t. Az izraeli hadsereg sz\u00e1razf\u00f6ldi alakulatai \u00f6t \u00fajabb alagutat tal\u00e1ltak a G\u00e1zai \u00f6vezetben.<\/strong><!--more--><br \/>\n<div class=\"ads-in-post1\"><div id=\"gazdasagportal.hu_fullbanner_wideboard\"><\/div>\r\n<\/div>\n<p>    Netanjahu p\u00e9nteken a tel-avivi f\u0151hadisz\u00e1ll\u00e1son megtartott korm\u00e1ny\u00fcl\u00e9s kezdet\u00e9n azt mondta, hogy nagy nemzetk\u00f6zi meg\u00e9rt\u00e9s fogadta a hadm\u0171veletet, elismerik, hogy a hadseregnek nem \u00e9rdeke az \u00e1rtatlan civilek s\u00e9relme, \u00e9s a lehet\u0151s\u00e9gekhez k\u00e9pest megpr\u00f3b\u00e1lja ennek elej\u00e9t venni.<br \/>\n    Szak\u00e9rt\u0151k szerint t\u00f6bb tucat, t\u00f6bbs\u00e9g\u00e9ben a Ham\u00e1sz tulajdon\u00e1ban l\u00e9v\u0151 &#8211; Izrael szerint terrort\u00e1mad\u00e1sra szolg\u00e1l\u00f3 &#8211; alag\u00fat tal\u00e1lhat\u00f3 az \u00f6vezetben. &#8222;A Ham\u00e1sz folyamatosan fel\u00fcgyelt \u00e9s igen fejlett alag\u00fath\u00e1l\u00f3zata rak\u00e9takil\u00f6v\u0151 \u00e9s -karbantart\u00f3 \u00e1llom\u00e1sokat, valamint parancsnoks\u00e1gokat k\u00f6t \u00f6ssze&#8221; &#8211; \u00e1ll a hadsereg sz\u00f3viv\u0151j\u00e9nek k\u00f6zlem\u00e9ny\u00e9ben.<br \/>\n    &#8222;A sz\u00e1razf\u00f6ldi offenz\u00edva cs\u00fct\u00f6rt\u00f6ki megind\u00edt\u00e1sa \u00f3ta a katon\u00e1k megtal\u00e1ltak \u00e9s jelenleg alaposan \u00e1tvizsg\u00e1lnak \u00f6t alagutat. A fejlett \u00e9s bonyolult t\u00e1mad\u00f3alagutak \u00e1thaladnak az izraeli hat\u00e1r alatt, hogy azon terrorist\u00e1k hatolhassanak az izraeli h\u00e1torsz\u00e1gba&#8221; &#8211; folytat\u00f3dik a k\u00f6zlem\u00e9ny.<br \/>\n    &#8222;Az ilyen alagutak kij\u00e1rata m\u00e9lyen izraeli ter\u00fcleten van, c\u00e9ljuk izraeli katon\u00e1k \u00e9s civilek elrabl\u00e1sa, behatol\u00e1s izraeli telep\u00fcl\u00e9sekre, t\u00f6meggyilkoss\u00e1gok \u00e9s t\u00faszejt\u00e9s v\u00e9grehajt\u00e1sa&#8221; &#8211; fejez\u0151dik be a katonai nyilatkozat.<br \/>\n    G\u00e1zai jelent\u00e9sek szerint p\u00e9nteken t\u00f6bb alagutat fel is robbantottak az izraeli egys\u00e9gek, helikopterr\u0151l rak\u00e9t\u00e1kkal l\u0151tt\u00e9k azok bej\u00e1rat\u00e1t. Tankokat \u00e9s rak\u00e9t\u00e1k kil\u00f6v\u00e9s\u00e9re k\u00e9sz\u00fcl\u0151 csoportokat is c\u00e9lba vettek.<br \/>\n    A hadsereg k\u00f6zl\u00e9se szerint megt\u00e1madtak egy robban\u00f3szerek t\u00e1rol\u00e1s\u00e1ra haszn\u00e1lt mecsetet is. A katon\u00e1k megpr\u00f3b\u00e1lj\u00e1k elker\u00fclni G\u00e1z\u00e1ban a s\u0171r\u0171n lakott v\u00e1rosias r\u00e9szeket, de Uri Ariel, a B\u00e1jt Hajehudi (Zsid\u00f3 Otthon) p\u00e1rt lak\u00e1s\u00fcgyi minisztere a v\u00e1rosi r\u00e9szekre val\u00f3 bevonul\u00e1st s\u00fcrget, \u00e9s hogy a sz\u00e1razf\u00f6ldi hadm\u0171veletet ne korl\u00e1tozz\u00e1k az Izraelbe vezet\u0151 titkos alagutak felsz\u00e1mol\u00e1s\u00e1ra.<br \/>\n    A Likud p\u00e1rti Jiszr\u00e1el Katz k\u00f6zleked\u00e9si miniszter is sz\u00e9les\u00edten\u00e9 az offenz\u00edva c\u00e9ljait, szerinte annak egy rak\u00e9t\u00e1kt\u00f3l \u00e9s alagutakt\u00f3l demilitariz\u00e1lt G\u00e1zai \u00f6vezetet kellene teremtenie.<br \/>\n    Az izraeli biztons\u00e1gi kabinet cs\u00fct\u00f6rt\u00f6k este terjesztette ki sz\u00e1razf\u00f6ldi offenz\u00edv\u00e1ra is a j\u00falius nyolcadik\u00e1n indult &#8211; cs\u00fct\u00f6rt\u00f6kig l\u00e9gicsap\u00e1sokra korl\u00e1tozott &#8211; Er\u0151s Szikla hadm\u0171veletet, a sz\u00e1razf\u00f6ldi egys\u00e9gek feladata a hat\u00e1ron \u00e1tny\u00fal\u00f3 alagutak felsz\u00e1mol\u00e1sa \u00e9s csap\u00e1s m\u00e9r\u00e9se a Ham\u00e1sz katonai infrastrukt\u00far\u00e1j\u00e1ra.(MTI)<\/p>\n","protected":false},"excerpt":{"rendered":"<p>Benj\u00e1min Netanjahu minisztereln\u00f6k p\u00e9nteken bejelentette a palesztinok elleni izraeli sz\u00e1razf\u00f6ldi hadm\u0171velet kiterjeszt\u00e9s\u00e9t. Az izraeli hadsereg sz\u00e1razf\u00f6ldi alakulatai \u00f6t \u00fajabb alagutat tal\u00e1ltak a G\u00e1zai \u00f6vezetben.<\/p>\n","protected":false},"author":1,"featured_media":0,"comment_status":"open","ping_status":"closed","sticky":false,"template":"","format":"standard","meta":[],"categories":[16],"tags":[],"_links":{"self":[{"href":"https:\/\/gazdasagportal.hu\/index.php\/wp-json\/wp\/v2\/posts\/39755"}],"collection":[{"href":"https:\/\/gazdasagportal.hu\/index.php\/wp-json\/wp\/v2\/posts"}],"about":[{"href":"https:\/\/gazdasagportal.hu\/index.php\/wp-json\/wp\/v2\/types\/post"}],"author":[{"embeddable":true,"href":"https:\/\/gazdasagportal.hu\/index.php\/wp-json\/wp\/v2\/users\/1"}],"replies":[{"embeddable":true,"href":"https:\/\/gazdasagportal.hu\/index.php\/wp-json\/wp\/v2\/comments?post=39755"}],"version-history":[{"count":1,"href":"https:\/\/gazdasagportal.hu\/index.php\/wp-json\/wp\/v2\/posts\/39755\/revisions"}],"predecessor-version":[{"id":39756,"href":"https:\/\/gazdasagportal.hu\/index.php\/wp-json\/wp\/v2\/posts\/39755\/revisions\/39756"}],"wp:attachment":[{"href":"https:\/\/gazdasagportal.hu\/index.php\/wp-json\/wp\/v2\/media?parent=39755"}],"wp:term":[{"taxonomy":"category","embeddable":true,"href":"https:\/\/gazdasagportal.hu\/index.php\/wp-json\/wp\/v2\/categories?post=39755"},{"taxonomy":"post_tag","embeddable":true,"href":"https:\/\/gazdasagportal.hu\/index.php\/wp-json\/wp\/v2\/tags?post=39755"}],"curies":[{"name":"wp","href":"https:\/\/api.w.org\/{rel}","templated":true}]}}