{"id":39585,"date":"2014-07-17T04:15:50","date_gmt":"2014-07-17T02:15:50","guid":{"rendered":"http:\/\/stockportal.hu\/?p=39585"},"modified":"2014-07-16T21:56:43","modified_gmt":"2014-07-16T19:56:43","slug":"ukran-valsag-az-ukran-legiero-felujitotta-tamadasait-a-szakadarok-allasai-ellen","status":"publish","type":"post","link":"https:\/\/gazdasagportal.hu\/index.php\/ukran-valsag-az-ukran-legiero-felujitotta-tamadasait-a-szakadarok-allasai-ellen\/","title":{"rendered":"Ukr\u00e1n v\u00e1ls\u00e1g &#8211; Az ukr\u00e1n l\u00e9gier\u0151 fel\u00faj\u00edtotta t\u00e1mad\u00e1sait a szakad\u00e1rok \u00e1ll\u00e1sai ellen"},"content":{"rendered":"<p><strong>Az ukr\u00e1n l\u00e9gier\u0151 fel\u00faj\u00edtotta t\u00e1mad\u00e1sait szerd\u00e1n, \u00e9s t\u00f6bb c\u00e9lzott csap\u00e1st hajtott v\u00e9gre a szakad\u00e1rok \u00e1ll\u00e1sai ellen Kelet-Ukrajn\u00e1ban &#8211; k\u00f6z\u00f6lte a v\u00e9delmi miniszt\u00e9rium.<\/strong><!--more--><br \/>\n<div class=\"ads-in-post1\"><div id=\"gazdasagportal.hu_fullbanner_wideboard\"><\/div>\r\n<\/div>\n<p>    A t\u00e1rca k\u00f6zlem\u00e9nye szerint a szakad\u00e1roknak okozott k\u00e1rokr\u00f3l \u00e9s vesztes\u00e9gekr\u0151l egyel\u0151re nincsenek adataik. \u00dajraind\u00edtott\u00e1k a &#8222;humanit\u00e1rius&#8221; &#8211; \u00e9lelmet \u00e9s vizet tartalmaz\u00f3 &#8211; l\u00e9gi sz\u00e1ll\u00edtm\u00e1nyokat is a &#8222;terrorellenes m\u0171veletben&#8221; r\u00e9szt vev\u0151 katon\u00e1k \u00e9s a helyi lakosok sz\u00e1m\u00e1ra.<br \/>\n    A t\u00e9rs\u00e9gbeli rep\u00fcl\u00e9seket a l\u00e9gier\u0151 kedden \u00e1ll\u00edtotta le, egy nappal azut\u00e1n, hogy Luhanszk megye l\u00e9gter\u00e9ben lel\u0151tt\u00e9k az ukr\u00e1n l\u00e9gier\u0151 egy An-26-os sz\u00e1ll\u00edt\u00f3g\u00e9p\u00e9t. Kijev szerint Oroszorsz\u00e1g ter\u00fclet\u00e9r\u0151l, a szeparatist\u00e1k \u00e1ll\u00edt\u00e1sa szerint viszont fegyvereseik ukr\u00e1n ter\u00fcletr\u0151l hajtott\u00e1k v\u00e9gre a t\u00e1mad\u00e1st. Az eltal\u00e1lt g\u00e9pen nyolcan tart\u00f3zkodtak, k\u00f6z\u00fcl\u00fck a biztons\u00e1gi er\u0151k n\u00e9gyet kimentettek, kett\u0151 a szakad\u00e1rok fogs\u00e1g\u00e1ba esett, k\u00e9t tov\u00e1bbi katona holl\u00e9te pedig m\u00e9g mindig ismeretlen.<br \/>\n    Jelenleg heves harcok folynak a terrorellenes er\u0151k \u00e9s a szakad\u00e1rok k\u00f6z\u00f6tt Donyeck megy\u00e9ben Marinyivka \u00e9s Amvroszijivka telep\u00fcl\u00e9sekn\u00e9l, valamint Luhanszk megy\u00e9ben Izvarin\u00f3n\u00e1l &#8211; k\u00f6z\u00f6lte az este Andrij Liszenko, az ukr\u00e1n Nemzetv\u00e9delmi \u00e9s Biztons\u00e1gi Tan\u00e1cs (RNBO) sz\u00f3viv\u0151je. Pontos inform\u00e1ci\u00f3kat a harcok \u00e1ll\u00e1s\u00e1r\u00f3l nem tudott mondani, csak annyit k\u00f6z\u00f6lt, hogy az ukr\u00e1n katon\u00e1k t\u00fcz\u00e9rs\u00e9gi \u00e9s l\u00e9gi t\u00e1mogat\u00e1st kapnak, \u00e9s tartj\u00e1k eddigi \u00e1ll\u00e1saikat.<br \/>\n    A donyecki szakad\u00e1rok &#8222;n\u00e9pk\u00f6zt\u00e1rsas\u00e1ga&#8221; viszont az orosz m\u00e9di\u00e1ban azt tette k\u00f6zz\u00e9, hogy Marinyivk\u00e1t fegyvereseik \u00e1ll\u00edt\u00f3lag elfoglalt\u00e1k, az ukr\u00e1n katon\u00e1kat pedig beker\u00edtett\u00e9k.<br \/>\n    Az RNBO sz\u00f3viv\u0151je k\u00f6z\u00f6lte, hogy Oroszorsz\u00e1g t\u00fcz\u00e9rs\u00e9gi er\u0151ket csoportos\u00edt az ukr\u00e1n hat\u00e1r k\u00f6zel\u00e9be \u00e9s t\u00fczel\u0151\u00e1ll\u00e1sokat alak\u00edt ki. Szavai szerint a Rosztov-Taganrog aut\u00f3\u00faton k\u00e9t, Grad rak\u00e9ta-sorozatvet\u0151vel is felszerelt orosz t\u00fcz\u00e9rs\u00e9gi egys\u00e9g mozg\u00e1s\u00e1t \u00e9szlelt\u00e9k Ukrajna ir\u00e1ny\u00e1ba, valamint Brjanszk k\u00f6rzet\u00e9ben, m\u00e1sf\u00e9l kilom\u00e9terre az ukr\u00e1n hat\u00e1rt\u00f3l az orosz katon\u00e1k t\u00e1bort \u00e9s l\u0151\u00e1ll\u00e1sokat \u00e9p\u00edtenek ki.<br \/>\n    Az Oroszorsz\u00e1g d\u00e9li hat\u00e1ra ment\u00e9n illet\u00e9kes v\u00e1mszolg\u00e1lat egyik sz\u00f3viv\u0151je arr\u00f3l sz\u00e1molt be szerda este, hogy az ukr\u00e1n oldalon foly\u00f3 t\u0171zharcok miatt ism\u00e9t evaku\u00e1lni kellett a rosztovi k\u00f6rzet novosahtyinszki hat\u00e1r\u00e1tkel\u0151j\u00e9n\u00e9l szolg\u00e1latot teljes\u00edt\u0151ket. Tartanak ugyanis att\u00f3l, hogy l\u00f6ved\u00e9kek csap\u00f3dnak be orosz oldalon.<br \/>\n    Dmitro Timcsuk ukr\u00e1n szak\u00e9rt\u0151, a Katonapolitikai Kutat\u00e1sok K\u00f6zpontj\u00e1nak vezet\u0151je ek\u00f6zben Facebook-oldal\u00e1n azt \u00edrta: bizony\u00edt\u00e9kok vannak arra, hogy a szakad\u00e1rok l\u0151nek \u00e1t orosz ter\u00fcletre feletteseik parancs\u00e1ra.<br \/>\n    K\u00f6zben az ukr\u00e1n nemzeti bank bejelentette, hogy p\u00e1nc\u00e9lozott p\u00e9nzsz\u00e1ll\u00edt\u00f3 j\u00e1rm\u0171veket ad \u00e1t a terrorellenes er\u0151knek a sebes\u00fcltek biztons\u00e1gos kiment\u00e9s\u00e9re a harcmez\u0151kr\u0151l. A j\u00e1rm\u0171veket hord\u00e1gyakkal \u00e9s egy\u00e9b orvosi felszerel\u00e9sekkel l\u00e1tj\u00e1k el. A kelet-ukrajnai &#8222;terrorellenes m\u0171veletben&#8221; m\u00e1r n\u00e9gy katonai orvos vesztette \u00e9let\u00e9t \u00e9s nyolc sebes\u00fclt meg.(MTI)<\/p>\n","protected":false},"excerpt":{"rendered":"<p>Az ukr\u00e1n l\u00e9gier\u0151 fel\u00faj\u00edtotta t\u00e1mad\u00e1sait szerd\u00e1n, \u00e9s t\u00f6bb c\u00e9lzott csap\u00e1st hajtott v\u00e9gre a szakad\u00e1rok \u00e1ll\u00e1sai ellen Kelet-Ukrajn\u00e1ban &#8211; k\u00f6z\u00f6lte a v\u00e9delmi miniszt\u00e9rium.<\/p>\n","protected":false},"author":1,"featured_media":0,"comment_status":"open","ping_status":"closed","sticky":false,"template":"","format":"standard","meta":[],"categories":[139],"tags":[],"_links":{"self":[{"href":"https:\/\/gazdasagportal.hu\/index.php\/wp-json\/wp\/v2\/posts\/39585"}],"collection":[{"href":"https:\/\/gazdasagportal.hu\/index.php\/wp-json\/wp\/v2\/posts"}],"about":[{"href":"https:\/\/gazdasagportal.hu\/index.php\/wp-json\/wp\/v2\/types\/post"}],"author":[{"embeddable":true,"href":"https:\/\/gazdasagportal.hu\/index.php\/wp-json\/wp\/v2\/users\/1"}],"replies":[{"embeddable":true,"href":"https:\/\/gazdasagportal.hu\/index.php\/wp-json\/wp\/v2\/comments?post=39585"}],"version-history":[{"count":1,"href":"https:\/\/gazdasagportal.hu\/index.php\/wp-json\/wp\/v2\/posts\/39585\/revisions"}],"predecessor-version":[{"id":39586,"href":"https:\/\/gazdasagportal.hu\/index.php\/wp-json\/wp\/v2\/posts\/39585\/revisions\/39586"}],"wp:attachment":[{"href":"https:\/\/gazdasagportal.hu\/index.php\/wp-json\/wp\/v2\/media?parent=39585"}],"wp:term":[{"taxonomy":"category","embeddable":true,"href":"https:\/\/gazdasagportal.hu\/index.php\/wp-json\/wp\/v2\/categories?post=39585"},{"taxonomy":"post_tag","embeddable":true,"href":"https:\/\/gazdasagportal.hu\/index.php\/wp-json\/wp\/v2\/tags?post=39585"}],"curies":[{"name":"wp","href":"https:\/\/api.w.org\/{rel}","templated":true}]}}