{"id":39538,"date":"2014-07-16T14:25:57","date_gmt":"2014-07-16T12:25:57","guid":{"rendered":"http:\/\/stockportal.hu\/?p=39538"},"modified":"2014-07-16T14:25:57","modified_gmt":"2014-07-16T12:25:57","slug":"ukran-valsag-kijev-fontolgatja-a-diplomaciai-kapcsolatok-megszakitasat-moszkvaval","status":"publish","type":"post","link":"https:\/\/gazdasagportal.hu\/index.php\/ukran-valsag-kijev-fontolgatja-a-diplomaciai-kapcsolatok-megszakitasat-moszkvaval\/","title":{"rendered":"Ukr\u00e1n v\u00e1ls\u00e1g &#8211; Kijev fontolgatja a diplom\u00e1ciai kapcsolatok megszak\u00edt\u00e1s\u00e1t Moszkv\u00e1val"},"content":{"rendered":"<p><strong>Nem kiz\u00e1rt, hogy Ukrajna megszak\u00edtja diplom\u00e1ciai kapcsolatait Oroszorsz\u00e1ggal &#8211; mondta Valerij Csalij, az eln\u00f6ki hivatal helyettes vezet\u0151je szerdai kijevi sajt\u00f3t\u00e1j\u00e9koztat\u00f3j\u00e1n.<\/strong><!--more--><br \/>\n<div class=\"ads-in-post1\"><div id=\"gazdasagportal.hu_fullbanner_wideboard\"><\/div>\r\n<\/div>\n<p>    A tiszts\u00e9gvisel\u0151 k\u00e9rd\u00e9sre v\u00e1laszolva azt mondta, hogy t\u00f6bb lehet\u0151s\u00e9g k\u00f6z\u00fcl ezt is megvizsg\u00e1lja az ukr\u00e1n vezet\u00e9s, illetve ennek lehets\u00e9ges k\u00f6vetkezm\u00e9nyeit.<br \/>\n    K\u00f6zben Arszenyij Jacenyuk minisztereln\u00f6k a kelet-ukrajnai harcok egyik kor\u00e1bbi t\u0171zf\u00e9szk\u00e9be, a Donyeck megye \u00e9szaki r\u00e9sz\u00e9n l\u00e9v\u0151 Szlovjanszk v\u00e1ros\u00e1ba \u00e9rkezett munkal\u00e1togat\u00e1sra. A v\u00e1rost az ukr\u00e1n biztons\u00e1gi er\u0151k j\u00falius 5-\u00e9n tiszt\u00edtott\u00e1k meg a szakad\u00e1rokt\u00f3l. A korm\u00e1nyf\u0151vel egy\u00fctt a telep\u00fcl\u00e9sre utazott Volodimir Hrojszman minisztereln\u00f6k-helyettes, Arszen Avakov bel\u00fcgyminiszter \u00e9s Makszim Burbak infrastruktur\u00e1lis miniszter is. Megtekintett\u00e9k a harcokban megs\u00e9r\u00fclt egyik \u00f6tszintes lak\u00f3h\u00e1z folyamatban l\u00e9v\u0151 fel\u00faj\u00edt\u00e1si munk\u00e1latait.<br \/>\n    Az ukr\u00e1n v\u00e9delmi miniszt\u00e9rium t\u00e1j\u00e9koztat\u00e1sa szerint tov\u00e1bbra is fesz\u00fclt a helyzet a kelet-ukrajnai &#8222;terrorellenes m\u0171velet&#8221; \u00f6vezet\u00e9ben, f\u0151k\u00e9nt Donyeck, Luhanszk, Liszicsanszk, Antracit, Szeverodonyeck \u00e9s Krasznodon telep\u00fcl\u00e9seken, ahol a szakad\u00e1rok ellen\u00e1ll\u00e1sra rendezkednek be az \u00e1ltaluk megsz\u00e1llt hivatali \u00e9p\u00fcletekben.<br \/>\n    A t\u00e1rca k\u00f6z\u00f6lte, hogy az elm\u00falt nap alatt 14 t\u00e1mad\u00e1s \u00e9rte az ukr\u00e1n fegyveres er\u0151k egys\u00e9geinek \u00e1ll\u00e1sait a t\u00e9rs\u00e9gben. Az orosz hat\u00e1rn\u00e1l l\u00e9v\u0151 Donyeck megyei Marinyivka k\u00f6rny\u00e9k\u00e9n szerd\u00e1n t\u0171zharc bontakozott ki a szakad\u00e1rok \u00e9s a &#8222;terrorellenes m\u0171veletben&#8221; r\u00e9szt vev\u0151 er\u0151k k\u00f6z\u00f6tt.<br \/>\n    Andrij Liszenko, az ukr\u00e1n Nemzetv\u00e9delmi \u00e9s Biztons\u00e1gi Tan\u00e1cs (RNBO) sz\u00f3viv\u0151je szerdai sajt\u00f3t\u00e1j\u00e9koztat\u00f3j\u00e1n &#8211; c\u00e1folva az el\u0151z\u0151 napi harcokban a hadsereg \u00e1ltal elszenvedett s\u00falyos vesztes\u00e9gekr\u0151l sz\u00f3l\u00f3 h\u00edreket &#8211; lesz\u00f6gezte, hogy az elm\u00falt 24 \u00f3r\u00e1ban a tan\u00e1cs adatai szerint \u00f6sszesen 11 katona vesztette \u00e9let\u00e9t a t\u00e9rs\u00e9gben. Elmondta ugyanakkor, hogy Szlovjanszkban egy infrastruktur\u00e1lis fel\u00faj\u00edt\u00e1si munk\u00e1lat k\u00f6zben t\u00f6bb mint sz\u00e1z halott fegyveres szakad\u00e1r elf\u00f6ldelt maradv\u00e1nyaira bukkantak.(MTI)<\/p>\n","protected":false},"excerpt":{"rendered":"<p>Nem kiz\u00e1rt, hogy Ukrajna megszak\u00edtja diplom\u00e1ciai kapcsolatait Oroszorsz\u00e1ggal &#8211; mondta Valerij Csalij, az eln\u00f6ki hivatal helyettes vezet\u0151je szerdai kijevi sajt\u00f3t\u00e1j\u00e9koztat\u00f3j\u00e1n.<\/p>\n","protected":false},"author":1,"featured_media":0,"comment_status":"open","ping_status":"closed","sticky":false,"template":"","format":"standard","meta":[],"categories":[139],"tags":[],"_links":{"self":[{"href":"https:\/\/gazdasagportal.hu\/index.php\/wp-json\/wp\/v2\/posts\/39538"}],"collection":[{"href":"https:\/\/gazdasagportal.hu\/index.php\/wp-json\/wp\/v2\/posts"}],"about":[{"href":"https:\/\/gazdasagportal.hu\/index.php\/wp-json\/wp\/v2\/types\/post"}],"author":[{"embeddable":true,"href":"https:\/\/gazdasagportal.hu\/index.php\/wp-json\/wp\/v2\/users\/1"}],"replies":[{"embeddable":true,"href":"https:\/\/gazdasagportal.hu\/index.php\/wp-json\/wp\/v2\/comments?post=39538"}],"version-history":[{"count":1,"href":"https:\/\/gazdasagportal.hu\/index.php\/wp-json\/wp\/v2\/posts\/39538\/revisions"}],"predecessor-version":[{"id":39539,"href":"https:\/\/gazdasagportal.hu\/index.php\/wp-json\/wp\/v2\/posts\/39538\/revisions\/39539"}],"wp:attachment":[{"href":"https:\/\/gazdasagportal.hu\/index.php\/wp-json\/wp\/v2\/media?parent=39538"}],"wp:term":[{"taxonomy":"category","embeddable":true,"href":"https:\/\/gazdasagportal.hu\/index.php\/wp-json\/wp\/v2\/categories?post=39538"},{"taxonomy":"post_tag","embeddable":true,"href":"https:\/\/gazdasagportal.hu\/index.php\/wp-json\/wp\/v2\/tags?post=39538"}],"curies":[{"name":"wp","href":"https:\/\/api.w.org\/{rel}","templated":true}]}}