{"id":39516,"date":"2014-07-16T11:37:39","date_gmt":"2014-07-16T09:37:39","guid":{"rendered":"http:\/\/stockportal.hu\/?p=39516"},"modified":"2014-07-16T11:37:39","modified_gmt":"2014-07-16T09:37:39","slug":"elenkul-az-ipari-ingatlanok-piaca","status":"publish","type":"post","link":"https:\/\/gazdasagportal.hu\/index.php\/elenkul-az-ipari-ingatlanok-piaca\/","title":{"rendered":"\u00c9l\u00e9nk\u00fcl az ipari ingatlanok piaca"},"content":{"rendered":"<p><strong>\u00c9l\u00e9nk\u00fcl az ipari ingatlanok piaca, a m\u00e1sodik negyed\u00e9vben a b\u00e9rbe adott 121 920 n\u00e9gyzetm\u00e9ter ipari ingatlan k\u00e9tszerese volt az el\u0151z\u0151 negyed\u00e9vinek \u00e9s k\u00f6zel hatszorosa az egy \u00e9vvel kor\u00e1bbinak &#8211; k\u00f6z\u00f6lte a Budapesti Ingatlan Tan\u00e1csad\u00f3k Egyeztet\u0151 F\u00f3ruma (BIEF) az MTI-vel.<\/strong><!--more--><br \/>\n<div class=\"ads-in-post1\"><div id=\"gazdasagportal.hu_fullbanner_wideboard\"><\/div>\r\n<\/div>\n<p>    A teljes budapesti modern ipari ingatlan \u00e1llom\u00e1ny 1 milli\u00f3 848 ezer n\u00e9gyzetm\u00e9tert tesz ki.<br \/>\n    A teljes kereslet 45 sz\u00e1zal\u00e9k\u00e1t szerz\u0151d\u00e9shosszabb\u00edt\u00e1sok tett\u00e9k ki, 30 sz\u00e1zal\u00e9kot k\u00e9pviseltek az \u00faj b\u00e9rbead\u00e1sok, \u00e9s tov\u00e1bbi 19 sz\u00e1zal\u00e9kot a b\u0151v\u00edt\u00e9sek. H\u00e1rom b\u00e9rleti szerz\u0151d\u00e9st  k\u00f6t\u00f6ttek 20 ezer n\u00e9gyzetm\u00e9tern\u00e9l nagyobb ter\u00fcletre.<br \/>\n    A m\u00e1sodik negyed\u00e9vben \u00f6sszesen 22 b\u00e9rleti szerz\u0151d\u00e9st \u00edrtak al\u00e1, az \u00e1tlagos b\u00e9relt ter\u00fclet 5542 n\u00e9gyzetm\u00e9ter volt. A b\u00e9rbead\u00e1sok 97 sz\u00e1zal\u00e9ka a logisztikai parkokban t\u00f6rt\u00e9nt, itt az \u00e1tlagos b\u00e9relt ter\u00fclet m\u00e9rete 6 590 n\u00e9gyzetm\u00e9tert tett ki.<br \/>\n    Jelent\u0151sen &#8211; 19,1 sz\u00e1zal\u00e9kra &#8211; cs\u00f6kkent az \u00fcresed\u00e9si r\u00e1ta a m\u00e1sodik negyed\u00e9vben. Az el\u0151z\u0151 negyed\u00e9vihez k\u00e9pest ez 2,6 sz\u00e1zal\u00e9kponttal, m\u00edg az egy \u00e9vvel kor\u00e1bbihoz m\u00e9rten 3 sz\u00e1zal\u00e9kponttal alacsonyabb.<br \/>\n    A BIEF tagjai ingatlan tan\u00e1csad\u00f3k: a CBRE, a Colliers International, a Cushman &#038; Wakefield, a DTZ, az Eston International, a JLL \u00e9s a Robertson Hungary.(MTI)<\/p>\n","protected":false},"excerpt":{"rendered":"<p>\u00c9l\u00e9nk\u00fcl az ipari ingatlanok piaca, a m\u00e1sodik negyed\u00e9vben a b\u00e9rbe adott 121 920 n\u00e9gyzetm\u00e9ter ipari ingatlan k\u00e9tszerese volt az el\u0151z\u0151 negyed\u00e9vinek \u00e9s k\u00f6zel hatszorosa az egy \u00e9vvel kor\u00e1bbinak &#8211; k\u00f6z\u00f6lte a Budapesti Ingatlan Tan\u00e1csad\u00f3k Egyeztet\u0151 F\u00f3ruma (BIEF) az MTI-vel.<\/p>\n","protected":false},"author":1,"featured_media":0,"comment_status":"open","ping_status":"closed","sticky":false,"template":"","format":"standard","meta":[],"categories":[19],"tags":[],"_links":{"self":[{"href":"https:\/\/gazdasagportal.hu\/index.php\/wp-json\/wp\/v2\/posts\/39516"}],"collection":[{"href":"https:\/\/gazdasagportal.hu\/index.php\/wp-json\/wp\/v2\/posts"}],"about":[{"href":"https:\/\/gazdasagportal.hu\/index.php\/wp-json\/wp\/v2\/types\/post"}],"author":[{"embeddable":true,"href":"https:\/\/gazdasagportal.hu\/index.php\/wp-json\/wp\/v2\/users\/1"}],"replies":[{"embeddable":true,"href":"https:\/\/gazdasagportal.hu\/index.php\/wp-json\/wp\/v2\/comments?post=39516"}],"version-history":[{"count":1,"href":"https:\/\/gazdasagportal.hu\/index.php\/wp-json\/wp\/v2\/posts\/39516\/revisions"}],"predecessor-version":[{"id":39517,"href":"https:\/\/gazdasagportal.hu\/index.php\/wp-json\/wp\/v2\/posts\/39516\/revisions\/39517"}],"wp:attachment":[{"href":"https:\/\/gazdasagportal.hu\/index.php\/wp-json\/wp\/v2\/media?parent=39516"}],"wp:term":[{"taxonomy":"category","embeddable":true,"href":"https:\/\/gazdasagportal.hu\/index.php\/wp-json\/wp\/v2\/categories?post=39516"},{"taxonomy":"post_tag","embeddable":true,"href":"https:\/\/gazdasagportal.hu\/index.php\/wp-json\/wp\/v2\/tags?post=39516"}],"curies":[{"name":"wp","href":"https:\/\/api.w.org\/{rel}","templated":true}]}}