{"id":39514,"date":"2014-07-16T11:17:01","date_gmt":"2014-07-16T09:17:01","guid":{"rendered":"http:\/\/stockportal.hu\/?p=39514"},"modified":"2014-07-16T11:17:01","modified_gmt":"2014-07-16T09:17:01","slug":"kommerszant-oroszorszag-ujra-hasznalni-akarja-a-kubai-radarallomast","status":"publish","type":"post","link":"https:\/\/gazdasagportal.hu\/index.php\/kommerszant-oroszorszag-ujra-hasznalni-akarja-a-kubai-radarallomast\/","title":{"rendered":"Kommerszant: Oroszorsz\u00e1g \u00fajra haszn\u00e1lni akarja a kubai radar\u00e1llom\u00e1st"},"content":{"rendered":"<p><strong>Oroszorsz\u00e1g \u00e9s Kuba elvi meg\u00e1llapod\u00e1st k\u00f6t\u00f6tt a Havanna k\u00f6zeli radar\u00e1llom\u00e1s \u00fajb\u00f3li haszn\u00e1latba v\u00e9tel\u00e9r\u0151l, amelyr\u0151l Moszkva 2001-ben anyagi okok miatt \u00e9s az Egyes\u00fclt \u00c1llamok k\u00f6vetel\u00e9s\u00e9re mondott le &#8211; tudta meg a Kommerszant c\u00edm\u0171 orosz napilap.<!--more--><\/strong><br \/>\n<div class=\"ads-in-post1\"><div id=\"gazdasagportal.hu_fullbanner_wideboard\"><\/div>\r\n<\/div>\n<p>A tekint\u00e9lyes politikai-gazdas\u00e1gi napilapban szerd\u00e1n nyilv\u00e1noss\u00e1gra hozott \u00e9rtes\u00fcl\u00e9st az orosz hatalmi k\u00f6r\u00f6kben t\u00f6bben is meger\u0151s\u00edtett\u00e9k.<br \/>\nA lourdesi \u00e1llom\u00e1st 1962-ben kezdt\u00e9k \u00e9p\u00edteni, \u00e9s az 1967 \u00f3ta m\u0171k\u00f6dik. A hidegh\u00e1bor\u00fa \u00e9veiben a szovjet felder\u00edt\u00e9s c\u00e9ljait szolg\u00e1l\u00f3, legnagyobb k\u00fclf\u00f6ld\u00f6n l\u00e9v\u0151 jelfog\u00f3 berendez\u00e9sk\u00e9nt \u00fczemelt 250 kilom\u00e9terre az Egyes\u00fclt \u00c1llamok partjait\u00f3l. El\u0151bb a Szovjetuni\u00f3, majd Oroszorsz\u00e1g haszn\u00e1lta. A Kommerszant k\u00f6zl\u00e9se szerint a kubai radar\u00e1llom\u00e1s az orosz hadsereg vez\u00e9rkar\u00e1nak 6. sz\u00e1m\u00fa felder\u00edt\u0151 igazgat\u00f3s\u00e1g\u00e1t, a h\u00edrszerz\u00e9st, a korm\u00e1nyzati felder\u00edt\u0151 szolg\u00e1latot, a haditenger\u00e9szetet is kiszolg\u00e1lta.<br \/>\nAz orosz lapnak n\u00e9v n\u00e9lk\u00fcl nyilatkoz\u00f3 forr\u00e1sok elmondt\u00e1k: Moszkva m\u00e1r n\u00e9h\u00e1ny \u00e9ve t\u00e1rgyal a r\u00e1di\u00f3lok\u00e1tor \u00e1llom\u00e1s haszn\u00e1lat\u00e1r\u00f3l Havann\u00e1val, az egyezm\u00e9nytervezetet Vlagyimir Putyin orosz eln\u00f6k m\u00falt p\u00e9nteki kubai l\u00e1togat\u00e1s\u00e1n v\u00e9gleges\u00edtett\u00e9k. Akkor jelentett\u00e9k be azt is, hogy Oroszorsz\u00e1g elengedte Kuba ad\u00f3ss\u00e1g\u00e1nak 90 sz\u00e1zal\u00e9k\u00e1t, amely k\u00f6r\u00fclbel\u00fcl 32 milli\u00e1rd doll\u00e1rt tesz ki (mintegy 7300 milli\u00e1rd forint).<br \/>\nA Kommerszant \u00e9rtes\u00fcl\u00e9seit sem az orosz v\u00e9delmi miniszt\u00e9riumban, sem az orosz hadsereg vez\u00e9rkar\u00e1n\u00e1l nem komment\u00e1lt\u00e1k.<br \/>\nA n\u00e9v n\u00e9lk\u00fcl nyilatkoz\u00f3 forr\u00e1sok egyebek k\u00f6zt az orosz-amerikai viszony fagyoss\u00e1 v\u00e1l\u00e1s\u00e1val magyar\u00e1zz\u00e1k a lourdesi radar\u00e1llom\u00e1s haszn\u00e1lat\u00e1hoz val\u00f3 visszat\u00e9r\u00e9st. &#8222;A kapcsolataink m\u00e9g j\u00f3val Ukrajna (az ukrajnai v\u00e1ls\u00e1g) el\u0151tt megromlottak, s l\u00e9nyeg\u00e9ben egy\u00e1ltal\u00e1n nem is \u00e1lltak helyre, egyes id\u0151szakok kiv\u00e9tel\u00e9vel&#8221; &#8211; mondta a v\u00e9delmi miniszt\u00e9riumi magas beoszt\u00e1s\u00fa illet\u00e9kes, aki szerint &#8222;Moszkv\u00e1nak minden oka megvolt arra, hogy \u00fajj\u00e1\u00e9lessze ezt a projektet&#8221;.<br \/>\nA Kommerszant inform\u00e1ci\u00f3i szerint nem lesz akkora a szem\u00e9lyzete az oroszok \u00e1ltal \u00fajra haszn\u00e1lni tervezett kubai radar\u00e1llom\u00e1snak, mint 2001 el\u0151tt. A Szovjetuni\u00f3 idej\u00e9n 3 ezer, az 1990-es \u00e9vekben pedig k\u00f6r\u00fclbel\u00fcl 1,5 ezer ember dolgozott a Lourdesben. (MTI)<br \/>\n<a title=\"Hely megnyit\u00e1sa\" href=\"http:\/\/www.kommersant\/\" target=\"_blank\" rel=\"noopener\">www.kommersant<\/a>.ru\/doc\/2525998<\/p>\n","protected":false},"excerpt":{"rendered":"<p>Oroszorsz\u00e1g \u00e9s Kuba elvi meg\u00e1llapod\u00e1st k\u00f6t\u00f6tt a Havanna k\u00f6zeli radar\u00e1llom\u00e1s \u00fajb\u00f3li haszn\u00e1latba v\u00e9tel\u00e9r\u0151l, amelyr\u0151l Moszkva 2001-ben anyagi okok miatt \u00e9s az Egyes\u00fclt \u00c1llamok k\u00f6vetel\u00e9s\u00e9re mondott le &#8211; tudta meg a Kommerszant c\u00edm\u0171 orosz napilap.<\/p>\n","protected":false},"author":1,"featured_media":0,"comment_status":"open","ping_status":"closed","sticky":false,"template":"","format":"standard","meta":[],"categories":[12],"tags":[],"_links":{"self":[{"href":"https:\/\/gazdasagportal.hu\/index.php\/wp-json\/wp\/v2\/posts\/39514"}],"collection":[{"href":"https:\/\/gazdasagportal.hu\/index.php\/wp-json\/wp\/v2\/posts"}],"about":[{"href":"https:\/\/gazdasagportal.hu\/index.php\/wp-json\/wp\/v2\/types\/post"}],"author":[{"embeddable":true,"href":"https:\/\/gazdasagportal.hu\/index.php\/wp-json\/wp\/v2\/users\/1"}],"replies":[{"embeddable":true,"href":"https:\/\/gazdasagportal.hu\/index.php\/wp-json\/wp\/v2\/comments?post=39514"}],"version-history":[{"count":1,"href":"https:\/\/gazdasagportal.hu\/index.php\/wp-json\/wp\/v2\/posts\/39514\/revisions"}],"predecessor-version":[{"id":39515,"href":"https:\/\/gazdasagportal.hu\/index.php\/wp-json\/wp\/v2\/posts\/39514\/revisions\/39515"}],"wp:attachment":[{"href":"https:\/\/gazdasagportal.hu\/index.php\/wp-json\/wp\/v2\/media?parent=39514"}],"wp:term":[{"taxonomy":"category","embeddable":true,"href":"https:\/\/gazdasagportal.hu\/index.php\/wp-json\/wp\/v2\/categories?post=39514"},{"taxonomy":"post_tag","embeddable":true,"href":"https:\/\/gazdasagportal.hu\/index.php\/wp-json\/wp\/v2\/tags?post=39514"}],"curies":[{"name":"wp","href":"https:\/\/api.w.org\/{rel}","templated":true}]}}