{"id":39498,"date":"2014-07-16T09:42:57","date_gmt":"2014-07-16T07:42:57","guid":{"rendered":"http:\/\/stockportal.hu\/?p=39498"},"modified":"2014-07-16T09:42:57","modified_gmt":"2014-07-16T07:42:57","slug":"a-spar-iden-is-elkotelezte-magat-a-magyar-dinnye-mellett","status":"publish","type":"post","link":"https:\/\/gazdasagportal.hu\/index.php\/a-spar-iden-is-elkotelezte-magat-a-magyar-dinnye-mellett\/","title":{"rendered":"A SPAR id\u00e9n is elk\u00f6telezte mag\u00e1t a magyar dinnye mellett"},"content":{"rendered":"<p><b>A kor\u00e1bbi \u00e9vekhez hasonl\u00f3an id\u00e9n is t\u00f6bb marketingeszk\u00f6zzel, k\u00f6zt\u00fck \u00e1ruh\u00e1zi k\u00f3stoltat\u00e1ssal n\u00e9pszer\u0171s\u00edti a kiv\u00e1l\u00f3 min\u0151s\u00e9g\u0171 magyar dinny\u00e9t a SPAR. A n\u00e9pszer\u0171s\u00edt\u0151 kamp\u00e1ny mai, j\u00falius 15-i nyit\u00f3 sajt\u00f3t\u00e1j\u00e9koztat\u00f3j\u00e1t a MOM Park-beli SPAR szupermarketben Czerv\u00e1n Gy\u00f6rgy, agr\u00e1rgazdas\u00e1g\u00e9rt felel\u0151s \u00e1llamtitk\u00e1r is megtisztelte jelenl\u00e9t\u00e9vel.<!--more--> \u00a0\u00a0<\/b><br \/>\n<div class=\"ads-in-post1\"><div id=\"gazdasagportal.hu_fullbanner_wideboard\"><\/div>\r\n<\/div>\n<p>A SPAR Magyarorsz\u00e1g Kft 2014-ben ism\u00e9t csatlakozott. a F\u00f6ldm\u0171vel\u00e9s\u00fcgyi Miniszt\u00e9rium, a Magyar Z\u00f6lds\u00e9g\u2013Gy\u00fcm\u00f6lcs Szakmak\u00f6zi Szervezet \u00e9s Term\u00e9ktan\u00e1cs (FruitVeB), valamint a Dinnyetermel\u0151k Orsz\u00e1gos Sz\u00f6vets\u00e9ge kamp\u00e1ny\u00e1hoz a magyar dinnye n\u00e9pszer\u0171s\u00edt\u00e9se \u00e9rdek\u00e9ben. Ennek keret\u00e9ben j\u00falius 15-\u00e9n k\u00f6z\u00f6s sajt\u00f3t\u00e1j\u00e9koztat\u00f3n besz\u00e9ltek a magyar dinnye utol\u00e9rhetetlen \u00e9lvezeti \u00e9rt\u00e9k\u00e9r\u0151l \u00e9s a hazai termel\u0151k t\u00e1mogat\u00e1s\u00e1nak fontoss\u00e1g\u00e1r\u00f3l.<\/p>\n<p><b>\u00a0<\/b><\/p>\n<p><b>Saltzer Korn\u00e9l<\/b>, a SPAR Magyarorsz\u00e1g Kft. \u00fcgyvezet\u0151 igazgat\u00f3ja elmondta, id\u00e9n a kedvez\u0151 id\u0151j\u00e1r\u00e1snak h\u00e1la nem csak kor\u00e1bban \u00e9rik a dinnye, de magas cukortartalomra \u00e9s b\u0151s\u00e9ges term\u00e9sre is lehet sz\u00e1m\u00edtani. A SPAR \u00e9vek \u00f3ta piacot biztos\u00edt a magyar termel\u0151knek \u00e9s feldolgoz\u00f3knak. A mostani magyar g\u00f6r\u00f6gdinnye\u00a0prom\u00f3ci\u00f3 ennek az \u00fczletpolitik\u00e1nak a r\u00e9sze. Az id\u00e9n a SPAR v\u00e1rhat\u00f3an 5500-5800 tonna magyar g\u00f6r\u00f6gdinny\u00e9t forgalmaz majd, ami 5-8 sz\u00e1zal\u00e9kkal t\u00f6bb az el\u0151z\u0151 \u00e9vin\u00e9l.<\/p>\n<p><b>Czerv\u00e1n Gy\u00f6rgy <\/b>\u00e1llamtitk\u00e1r \u00far m\u00e9lt\u00e1nyolta a SPAR t\u00f6bb \u00e9ves igyekezet\u00e9t a magyar dinnye n\u00e9pszer\u0171s\u00edt\u00e9s\u00e9re, hiszen az \u00e1ruh\u00e1zl\u00e1ncok effajta elhivatotts\u00e1g\u00e1ra \u2013 \u00edgy p\u00e9ld\u00e1ul az \u00e1ruh\u00e1zi k\u00f3stoltat\u00e1sokra \u2013 is nagy sz\u00fcks\u00e9g van a fogyaszt\u00e1s n\u00f6vel\u00e9se \u00e9rdek\u00e9ben.<\/p><div id=\"gazda-3656208325\" class=\"gazda-tartalomban gazda-entity-placement\"><script async src=\"https:\/\/pagead2.googlesyndication.com\/pagead\/js\/adsbygoogle.js\"><\/script>\r\n<ins class=\"adsbygoogle\"\r\n     style=\"display:block\"\r\n     data-ad-format=\"fluid\"\r\n     data-ad-layout-key=\"-6t+ed+2i-1n-4w\"\r\n     data-ad-client=\"ca-pub-1959107119989764\"\r\n     data-ad-slot=\"4008251320\"><\/ins>\r\n<script>\r\n     (adsbygoogle = window.adsbygoogle || []).push({});\r\n<\/script><\/div>\n<p><b>Dr. M\u00e1rtonffy B\u00e9la, <\/b>a FruitVeB eln\u00f6ke szerint m\u00e9g mindig rengeteg lehet\u0151s\u00e9g rejlik a dinnyetermeszt\u00e9sben, \u00e9s az export piac b\u0151v\u00edt\u00e9s\u00e9vel a j\u00f6v\u0151ben ak\u00e1r 100ezer \u00faj munkahely teremthet\u0151 az \u00e1gazaton bel\u00fcl. <b>Oravecz Tam\u00e1s, <\/b>a Dinnyetermel\u0151k Orsz\u00e1gos Sz\u00f6vets\u00e9g\u00e9nek eln\u00f6ke \u00f6r\u00f6m\u00e9t fejezte ki, ami\u00e9rt a SPAR nem akci\u00f3z\u00e1ssal ind\u00edtja a szezont, \u00e9s ami\u00e9rt m\u00e9g id\u0151ben le\u00e1ll\u00edtotta az importot, hogy a boltokban a k\u00fclf\u00f6ldi gy\u00fcm\u00f6lcs ne legyen versenyt\u00e1rsa a jobb min\u0151s\u00e9g\u0171 hazai dinny\u00e9nek. A termel\u0151ket is elismer\u00e9ssel illette, hiszen a magyar dinnye belf\u00f6ldi \u00e9s k\u00fclf\u00f6ldi siker\u00e9hez elengedhetetlen az \u0151 odaad\u00e1suk \u00e9s technol\u00f3giai fejl\u0151d\u00e9s\u00fck.<\/p>\n<p>Az ut\u00f3bbi \u00e9vekben fokozatosan n\u00f6vekszik haz\u00e1nkban a dinnyetermeszt\u00e9s \u00e9s -fogyaszt\u00e1s egyar\u00e1nt: az \u00e1gazat ma sokezer csal\u00e1dnak ny\u00fajt meg\u00e9lhet\u00e9st Magyarorsz\u00e1gon, \u00e9s a magyar g\u00f6r\u00f6gdinny\u00e9t m\u00e1r nem csak itthon, de k\u00fclf\u00f6ld\u00f6n is keresik a v\u00e1s\u00e1rl\u00f3k. Olyannyira, hogy a teljes term\u00e9s 45-50%-a N\u00e9metorsz\u00e1gban, Csehorsz\u00e1gban \u00e9s Lengyelorsz\u00e1gban ker\u00fcl a boltokba.<\/p>\n<p>A hazai \u00e1ruk forgalmaz\u00e1sa ir\u00e1nt elk\u00f6telezett SPAR Magyarorsz\u00e1g Kft. ez\u00e9rt is csatlakozott ism\u00e9t \u00f6r\u00f6mmel a kamp\u00e1nyhoz, amelynek r\u00e9szek\u00e9nt k\u00e9t budapesti \u00e9s k\u00e9t vid\u00e9ki \u00fczlet\u00e9ben is szervez k\u00f3stoltat\u00e1st j\u00falius 17\u201319. k\u00f6z\u00f6tt, a v\u00e1s\u00e1rl\u00f3k legnagyobb \u00f6r\u00f6m\u00e9re.<\/p>\n","protected":false},"excerpt":{"rendered":"<p>A kor\u00e1bbi \u00e9vekhez hasonl\u00f3an id\u00e9n is t\u00f6bb marketingeszk\u00f6zzel, k\u00f6zt\u00fck \u00e1ruh\u00e1zi k\u00f3stoltat\u00e1ssal n\u00e9pszer\u0171s\u00edti a kiv\u00e1l\u00f3 min\u0151s\u00e9g\u0171 magyar dinny\u00e9t a SPAR. A n\u00e9pszer\u0171s\u00edt\u0151 kamp\u00e1ny mai, j\u00falius 15-i nyit\u00f3 sajt\u00f3t\u00e1j\u00e9koztat\u00f3j\u00e1t a MOM Park-beli SPAR szupermarketben Czerv\u00e1n Gy\u00f6rgy, agr\u00e1rgazdas\u00e1g\u00e9rt felel\u0151s \u00e1llamtitk\u00e1r is megtisztelte jelenl\u00e9t\u00e9vel.<\/p>\n","protected":false},"author":1,"featured_media":0,"comment_status":"open","ping_status":"closed","sticky":false,"template":"","format":"standard","meta":[],"categories":[19],"tags":[],"_links":{"self":[{"href":"https:\/\/gazdasagportal.hu\/index.php\/wp-json\/wp\/v2\/posts\/39498"}],"collection":[{"href":"https:\/\/gazdasagportal.hu\/index.php\/wp-json\/wp\/v2\/posts"}],"about":[{"href":"https:\/\/gazdasagportal.hu\/index.php\/wp-json\/wp\/v2\/types\/post"}],"author":[{"embeddable":true,"href":"https:\/\/gazdasagportal.hu\/index.php\/wp-json\/wp\/v2\/users\/1"}],"replies":[{"embeddable":true,"href":"https:\/\/gazdasagportal.hu\/index.php\/wp-json\/wp\/v2\/comments?post=39498"}],"version-history":[{"count":1,"href":"https:\/\/gazdasagportal.hu\/index.php\/wp-json\/wp\/v2\/posts\/39498\/revisions"}],"predecessor-version":[{"id":39499,"href":"https:\/\/gazdasagportal.hu\/index.php\/wp-json\/wp\/v2\/posts\/39498\/revisions\/39499"}],"wp:attachment":[{"href":"https:\/\/gazdasagportal.hu\/index.php\/wp-json\/wp\/v2\/media?parent=39498"}],"wp:term":[{"taxonomy":"category","embeddable":true,"href":"https:\/\/gazdasagportal.hu\/index.php\/wp-json\/wp\/v2\/categories?post=39498"},{"taxonomy":"post_tag","embeddable":true,"href":"https:\/\/gazdasagportal.hu\/index.php\/wp-json\/wp\/v2\/tags?post=39498"}],"curies":[{"name":"wp","href":"https:\/\/api.w.org\/{rel}","templated":true}]}}