{"id":39496,"date":"2014-07-16T09:39:44","date_gmt":"2014-07-16T07:39:44","guid":{"rendered":"http:\/\/stockportal.hu\/?p=39496"},"modified":"2014-07-16T09:39:44","modified_gmt":"2014-07-16T07:39:44","slug":"ep-ukran-valsag-bocskor-andrea-ukrajna-es-a-karpataljai-magyarsag-erdeke-az-orszag-stabilitasa","status":"publish","type":"post","link":"https:\/\/gazdasagportal.hu\/index.php\/ep-ukran-valsag-bocskor-andrea-ukrajna-es-a-karpataljai-magyarsag-erdeke-az-orszag-stabilitasa\/","title":{"rendered":"EP &#8211; Ukr\u00e1n v\u00e1ls\u00e1g &#8211; Bocskor Andrea: Ukrajna \u00e9s a k\u00e1rp\u00e1taljai magyars\u00e1g \u00e9rdeke az orsz\u00e1g stabilit\u00e1sa"},"content":{"rendered":"<p><strong>Mindent meg kell tenni Ukrajna b\u00e9k\u00e9j\u00e9nek, stabilit\u00e1s\u00e1nak \u00e9s demokratiz\u00e1l\u00e1s\u00e1nak \u00e9rdek\u00e9ben &#8211; hangs\u00falyozta Bocskor Andrea, a Fidesz-KDNP list\u00e1j\u00e1n megv\u00e1lasztott k\u00e1rp\u00e1taljai eur\u00f3pai parlamenti (EP-) k\u00e9pvisel\u0151 az Ukrajn\u00e1r\u00f3l rendezett keddi strasbourgi plen\u00e1ris EP-vit\u00e1ban.<\/strong><!--more--><br \/>\n<div class=\"ads-in-post1\"><div id=\"gazdasagportal.hu_fullbanner_wideboard\"><\/div>\r\n<\/div>\n<p>    &#8222;K\u00e1rp\u00e1taljai magyark\u00e9nt feladatomnak tekintem, hogy t\u00e1mogassam Ukrajna b\u00e9k\u00e9j\u00e9nek, stabilit\u00e1s\u00e1nak \u00e9s demokratiz\u00e1l\u00e1s\u00e1nak megteremt\u00e9s\u00e9t, szuverenit\u00e1s\u00e1nak meg\u0151rz\u00e9s\u00e9t, el\u0151seg\u00edtsem euroatlanti integr\u00e1ci\u00f3j\u00e1t, \u00e9s az ukr\u00e1n \u00e1llampolg\u00e1rok EU-ba t\u00f6rt\u00e9n\u0151 v\u00edzummentes beutaz\u00e1s\u00e1t&#8221; \u2013 mondta els\u0151 eur\u00f3pai parlamenti felsz\u00f3lal\u00e1s\u00e1ban.<br \/>\n    Kiemelte, hogy t\u00e1mogatja mindazokat a t\u00f6rekv\u00e9seket, amelyek seg\u00edtenek Ukrajn\u00e1nak kiker\u00fclni a v\u00e1ls\u00e1gb\u00f3l.<br \/>\n    &#8222;Ez az eg\u00e9sz orsz\u00e1g \u00e9s a k\u00e1rp\u00e1taljai magyars\u00e1g \u00e9rdeke is&#8221; \u2013 tette hozz\u00e1.<br \/>\n    Kit\u00e9rt arra, hogy EP-k\u00e9pvisel\u0151k\u00e9nt fontos feladat\u00e1nak tekinti a nemzeti kisebbs\u00e9gek jog\u00e9rv\u00e9nyes\u00edt\u00e9s\u00e9nek el\u0151seg\u00edt\u00e9s\u00e9t, el\u0151 k\u00edv\u00e1nja mozd\u00edtani az emberi \u00e9s kisebbs\u00e9gi alapjogok, valamint a kisebbs\u00e9gi nyelvek haszn\u00e1lat\u00e1nak eur\u00f3pai szint\u0171 biztos\u00edt\u00e1s\u00e1t.(MTI)<\/p>\n","protected":false},"excerpt":{"rendered":"<p>Mindent meg kell tenni Ukrajna b\u00e9k\u00e9j\u00e9nek, stabilit\u00e1s\u00e1nak \u00e9s demokratiz\u00e1l\u00e1s\u00e1nak \u00e9rdek\u00e9ben &#8211; hangs\u00falyozta Bocskor Andrea, a Fidesz-KDNP list\u00e1j\u00e1n megv\u00e1lasztott k\u00e1rp\u00e1taljai eur\u00f3pai parlamenti (EP-) k\u00e9pvisel\u0151 az Ukrajn\u00e1r\u00f3l rendezett keddi strasbourgi plen\u00e1ris EP-vit\u00e1ban.<\/p>\n","protected":false},"author":1,"featured_media":0,"comment_status":"open","ping_status":"closed","sticky":false,"template":"","format":"standard","meta":[],"categories":[139],"tags":[],"_links":{"self":[{"href":"https:\/\/gazdasagportal.hu\/index.php\/wp-json\/wp\/v2\/posts\/39496"}],"collection":[{"href":"https:\/\/gazdasagportal.hu\/index.php\/wp-json\/wp\/v2\/posts"}],"about":[{"href":"https:\/\/gazdasagportal.hu\/index.php\/wp-json\/wp\/v2\/types\/post"}],"author":[{"embeddable":true,"href":"https:\/\/gazdasagportal.hu\/index.php\/wp-json\/wp\/v2\/users\/1"}],"replies":[{"embeddable":true,"href":"https:\/\/gazdasagportal.hu\/index.php\/wp-json\/wp\/v2\/comments?post=39496"}],"version-history":[{"count":1,"href":"https:\/\/gazdasagportal.hu\/index.php\/wp-json\/wp\/v2\/posts\/39496\/revisions"}],"predecessor-version":[{"id":39497,"href":"https:\/\/gazdasagportal.hu\/index.php\/wp-json\/wp\/v2\/posts\/39496\/revisions\/39497"}],"wp:attachment":[{"href":"https:\/\/gazdasagportal.hu\/index.php\/wp-json\/wp\/v2\/media?parent=39496"}],"wp:term":[{"taxonomy":"category","embeddable":true,"href":"https:\/\/gazdasagportal.hu\/index.php\/wp-json\/wp\/v2\/categories?post=39496"},{"taxonomy":"post_tag","embeddable":true,"href":"https:\/\/gazdasagportal.hu\/index.php\/wp-json\/wp\/v2\/tags?post=39496"}],"curies":[{"name":"wp","href":"https:\/\/api.w.org\/{rel}","templated":true}]}}