{"id":39494,"date":"2014-07-16T09:23:04","date_gmt":"2014-07-16T07:23:04","guid":{"rendered":"http:\/\/stockportal.hu\/?p=39494"},"modified":"2014-07-16T09:23:04","modified_gmt":"2014-07-16T07:23:04","slug":"ukran-valsag-navracsics-a-magyar-kulpolitika-kiall-a-fuggetlen-demokratikus-ukrajna-mellett","status":"publish","type":"post","link":"https:\/\/gazdasagportal.hu\/index.php\/ukran-valsag-navracsics-a-magyar-kulpolitika-kiall-a-fuggetlen-demokratikus-ukrajna-mellett\/","title":{"rendered":"Ukr\u00e1n v\u00e1ls\u00e1g &#8211; Navracsics: a magyar k\u00fclpolitika ki\u00e1ll a f\u00fcggetlen, demokratikus Ukrajna mellett"},"content":{"rendered":"<p><strong>A magyar k\u00fclpolitika az ukr\u00e1n v\u00e1ls\u00e1g kit\u00f6r\u00e9se \u00f3ta ki\u00e1ll a f\u00fcggetlen, demokratikus, a jog\u00e1llamis\u00e1got tiszteletben tart\u00f3 Ukrajna mellett, amely figyelembe veszi az Eur\u00f3pa Tan\u00e1cs szab\u00e1lyoz\u00e1s\u00e1t a nemzetis\u00e9gi jogokat illet\u0151en &#8211; mondta Navracsics Tibor k\u00fclgazdas\u00e1gi \u00e9s k\u00fcl\u00fcgyminiszter szerd\u00e1n Budapesten.<\/strong><!--more--><br \/>\n<div class=\"ads-in-post1\"><div id=\"gazdasagportal.hu_fullbanner_wideboard\"><\/div>\r\n<\/div>\n<p>    A t\u00e1rcavezet\u0151 megbesz\u00e9l\u00e9st folytatott Brenzovics L\u00e1szl\u00f3val, a K\u00e1rp\u00e1taljai Magyar Kultur\u00e1lis Sz\u00f6vets\u00e9g (KMKSZ) eln\u00f6k\u00e9vel, a K\u00e1rp\u00e1taljai Megyei Tan\u00e1cs (k\u00f6zgy\u0171l\u00e9s) els\u0151 eln\u00f6khelyettes\u00e9vel. Ezt k\u00f6vet\u0151en sajt\u00f3t\u00e1j\u00e9koztat\u00f3n kiemelte: Petro Porosenko ukr\u00e1n eln\u00f6knek jelenleg nincs alternat\u00edv\u00e1ja, a helyzet stabiliz\u00e1l\u00e1sa \u00e9s konszolid\u00e1ci\u00f3ja t\u0151le v\u00e1rhat\u00f3, ez\u00e9rt Budapest \u0151t t\u00e1mogatja. Fontos az is, hogy a kisebbs\u00e9gi jogok nem s\u00e9r\u00fclhetnek Ukrajn\u00e1ban &#8211; tette hozz\u00e1 Navracsics Tibor.<br \/>\n    Brenzovics L\u00e1szl\u00f3 hangs\u00falyozta: Ukrajna s\u00falyos v\u00e1ls\u00e1gban van, amelyb\u0151l neh\u00e9z a ki\u00fat, de rem\u00e9lhet\u0151leg eur\u00f3pai, demokratikus ir\u00e1nyba mozdul el az orsz\u00e1g.(MTI)<\/p>\n","protected":false},"excerpt":{"rendered":"<p>A magyar k\u00fclpolitika az ukr\u00e1n v\u00e1ls\u00e1g kit\u00f6r\u00e9se \u00f3ta ki\u00e1ll a f\u00fcggetlen, demokratikus, a jog\u00e1llamis\u00e1got tiszteletben tart\u00f3 Ukrajna mellett, amely figyelembe veszi az Eur\u00f3pa Tan\u00e1cs szab\u00e1lyoz\u00e1s\u00e1t a nemzetis\u00e9gi jogokat illet\u0151en &#8211; mondta Navracsics Tibor k\u00fclgazdas\u00e1gi \u00e9s k\u00fcl\u00fcgyminiszter szerd\u00e1n Budapesten.<\/p>\n","protected":false},"author":1,"featured_media":0,"comment_status":"open","ping_status":"closed","sticky":false,"template":"","format":"standard","meta":[],"categories":[139],"tags":[],"_links":{"self":[{"href":"https:\/\/gazdasagportal.hu\/index.php\/wp-json\/wp\/v2\/posts\/39494"}],"collection":[{"href":"https:\/\/gazdasagportal.hu\/index.php\/wp-json\/wp\/v2\/posts"}],"about":[{"href":"https:\/\/gazdasagportal.hu\/index.php\/wp-json\/wp\/v2\/types\/post"}],"author":[{"embeddable":true,"href":"https:\/\/gazdasagportal.hu\/index.php\/wp-json\/wp\/v2\/users\/1"}],"replies":[{"embeddable":true,"href":"https:\/\/gazdasagportal.hu\/index.php\/wp-json\/wp\/v2\/comments?post=39494"}],"version-history":[{"count":1,"href":"https:\/\/gazdasagportal.hu\/index.php\/wp-json\/wp\/v2\/posts\/39494\/revisions"}],"predecessor-version":[{"id":39495,"href":"https:\/\/gazdasagportal.hu\/index.php\/wp-json\/wp\/v2\/posts\/39494\/revisions\/39495"}],"wp:attachment":[{"href":"https:\/\/gazdasagportal.hu\/index.php\/wp-json\/wp\/v2\/media?parent=39494"}],"wp:term":[{"taxonomy":"category","embeddable":true,"href":"https:\/\/gazdasagportal.hu\/index.php\/wp-json\/wp\/v2\/categories?post=39494"},{"taxonomy":"post_tag","embeddable":true,"href":"https:\/\/gazdasagportal.hu\/index.php\/wp-json\/wp\/v2\/tags?post=39494"}],"curies":[{"name":"wp","href":"https:\/\/api.w.org\/{rel}","templated":true}]}}