{"id":39452,"date":"2014-07-15T15:24:51","date_gmt":"2014-07-15T13:24:51","guid":{"rendered":"http:\/\/stockportal.hu\/?p=39452"},"modified":"2014-07-15T15:24:51","modified_gmt":"2014-07-15T13:24:51","slug":"ukran-valsag-ukran-spamuzenetek-tizezreit-kapta-merkel-a-putyinnal-valo-targyalasa-miatt","status":"publish","type":"post","link":"https:\/\/gazdasagportal.hu\/index.php\/ukran-valsag-ukran-spamuzenetek-tizezreit-kapta-merkel-a-putyinnal-valo-targyalasa-miatt\/","title":{"rendered":"Ukr\u00e1n v\u00e1ls\u00e1g &#8211; Ukr\u00e1n spam\u00fczenetek t\u00edzezreit kapta Merkel a Putyinnal val\u00f3 t\u00e1rgyal\u00e1sa miatt"},"content":{"rendered":"<p><strong>Felh\u00e1borodott ukr\u00e1n netez\u0151k t\u00f6bb t\u00edzezer spambejegyz\u00e9ssel \u00e1rasztott\u00e1k el Angela Merkel n\u00e9met kancell\u00e1r Facebook-oldal\u00e1t, \u00edgy fejezve ki tiltakoz\u00e1sukat azzal szemben, amit a politikus Vlagyimir Putyin eln\u00f6kkel folytatott minapi megbesz\u00e9l\u00e9s\u00e9n mondott.<\/strong><!--more--><br \/>\n<div class=\"ads-in-post1\"><div id=\"gazdasagportal.hu_fullbanner_wideboard\"><\/div>\r\n<\/div>\n<p>\u00a0\u00a0\u00a0\u00a0A bejegyz\u00e9sek t\u00f6bbs\u00e9ge mind\u00f6ssze h\u00e1rom sz\u00f3b\u00f3l \u00e1ll: &#8222;Danke, Frau Ribbentrop (K\u00f6sz\u00f6nj\u00fck, Ribbentrop Asszony)&#8221;.<br \/>\n\u00a0\u00a0\u00a0\u00a0Az ukr\u00e1nok ily m\u00f3don Merkelt a fasiszta N\u00e9metorsz\u00e1g k\u00fcl\u00fcgyminiszter\u00e9hez, Joachim von Ribbentrophoz hasonl\u00edtott\u00e1k. Ribbentrop 1939. augusztus 23-\u00e1n Vjacseszlav Molotov szovjet k\u00fcl\u00fcgyi vezet\u0151vel n\u00e9met-szovjet megnemt\u00e1mad\u00e1si szerz\u0151d\u00e9st \u00edrt al\u00e1, s a felek a dokumentumhoz csatolt titkos z\u00e1rad\u00e9kban meg\u00e1llapodtak Eur\u00f3pa keleti t\u00e9rs\u00e9geinek \u00e9rdekszf\u00e9r\u00e1kra t\u00f6rt\u00e9n\u0151 feloszt\u00e1s\u00e1r\u00f3l.<br \/>\n\u00a0\u00a0\u00a0\u00a0Merkel m\u00falt vas\u00e1rnap a labdar\u00fag\u00f3-vil\u00e1gbajnoks\u00e1g d\u00f6nt\u0151je alkalm\u00e1b\u00f3l Braz\u00edli\u00e1ban j\u00e1rt, ahol megbesz\u00e9l\u00e9st folytatott az orosz eln\u00f6kkel. A tal\u00e1lkoz\u00f3 ut\u00e1n nyilatkozva a n\u00e9met kancell\u00e1r \u00e1ll\u00edt\u00f3lag s\u00fcrgette, hogy Kijev kezdjen t\u00e1rgyal\u00e1sokat a kelet-ukrajnai Moszkva-bar\u00e1t szakad\u00e1rokkal, e kijelent\u00e9s\u00e9t viszont sok ukr\u00e1n nemtetsz\u00e9ssel fogadta.<br \/>\n\u00a0\u00a0\u00a0\u00a0Merkel Facebook-oldal\u00e1ra a &#8222;k\u00f6sz\u00f6netnyilv\u00e1n\u00edt\u00e1s&#8221; mellett ukr\u00e1n netez\u0151k sz\u00e1mos angol nyelv\u0171 bejegyz\u00e9st is k\u00fcldtek, amelyben arra h\u00edvj\u00e1k fel a figyelmet, hogy nem szabad hinni Putyinnak, \u00e9s igyekeznek elmagyar\u00e1zni, hogy \u00e1ll\u00e1spontjuk szerint a kelet-ukrajnai konfliktus nem etnikai term\u00e9szet\u0171, azaz nem Ukrajna orosz \u00e9s ukr\u00e1n ajk\u00fa lakosai \u00e1llnak egym\u00e1ssal szemben, hanem Oroszorsz\u00e1g vezet\u00e9se avatkozott be, \u00e9s s\u00e9rti meg szomsz\u00e9dj\u00e1nak szuverenit\u00e1s\u00e1t.<br \/>\n\u00a0\u00a0\u00a0\u00a0Az ukr\u00e1n netez\u0151k nem korl\u00e1tozt\u00e1k Merkel Facebook-oldal\u00e1ra a n\u00e9met kancell\u00e1r kijelent\u00e9s\u00e9vel szembeni felh\u00e1borod\u00e1suk kifejez\u00e9s\u00e9t. Vas\u00e1rnap \u00f3ta a t\u00f6bbi k\u00f6z\u00f6ss\u00e9gi port\u00e1lon is egyre sokasodnak a &#8222;Frau Ribbentrop&#8221; n\u00e9ven nyitott oldalak.<br \/>\n\u00a0\u00a0\u00a0\u00a0Ek\u00f6zben az ukr\u00e1n eln\u00f6k hivatalos k\u00e9pviselete kedden bejelentette, hogy Petro Porosenko ukr\u00e1n \u00e1llamf\u0151 sz\u00e1m\u00e1ra a Twitteren nyitottak oldalt, amelyen a tervek szerint friss h\u00edrek, fot\u00f3k, hasznos tematikai forr\u00e1sok lesznek el\u00e9rhet\u0151k. Mivel gyakran bukkannak fel a h\u00e1l\u00f3n ukr\u00e1n politikusok nev\u00e9ben nyitott hamis k\u00f6z\u00f6ss\u00e9gi oldalak, a hivatalos oldalt megjel\u00f6lt\u00e9k Porosenko neve mellett egy pip\u00e1val. Ha a kurzort r\u00e1\u00e1ll\u00edtj\u00e1k, a &#8222;hiteles\u00edtett felhaszn\u00e1l\u00f3&#8221; kifejez\u00e9snek kell megjelennie mellette, \u00edgy b\u00e1rki megbizonyosodhat, hogy val\u00f3ban az ukr\u00e1n eln\u00f6k hivatalos Twitter-oldal\u00e1n j\u00e1r.(mti)<\/p>\n","protected":false},"excerpt":{"rendered":"<p>Felh\u00e1borodott ukr\u00e1n netez\u0151k t\u00f6bb t\u00edzezer spambejegyz\u00e9ssel \u00e1rasztott\u00e1k el Angela Merkel n\u00e9met kancell\u00e1r Facebook-oldal\u00e1t, \u00edgy fejezve ki tiltakoz\u00e1sukat azzal szemben, amit a politikus Vlagyimir Putyin eln\u00f6kkel folytatott minapi megbesz\u00e9l\u00e9s\u00e9n mondott.<\/p>\n","protected":false},"author":1,"featured_media":0,"comment_status":"open","ping_status":"closed","sticky":false,"template":"","format":"standard","meta":[],"categories":[139],"tags":[],"_links":{"self":[{"href":"https:\/\/gazdasagportal.hu\/index.php\/wp-json\/wp\/v2\/posts\/39452"}],"collection":[{"href":"https:\/\/gazdasagportal.hu\/index.php\/wp-json\/wp\/v2\/posts"}],"about":[{"href":"https:\/\/gazdasagportal.hu\/index.php\/wp-json\/wp\/v2\/types\/post"}],"author":[{"embeddable":true,"href":"https:\/\/gazdasagportal.hu\/index.php\/wp-json\/wp\/v2\/users\/1"}],"replies":[{"embeddable":true,"href":"https:\/\/gazdasagportal.hu\/index.php\/wp-json\/wp\/v2\/comments?post=39452"}],"version-history":[{"count":1,"href":"https:\/\/gazdasagportal.hu\/index.php\/wp-json\/wp\/v2\/posts\/39452\/revisions"}],"predecessor-version":[{"id":39453,"href":"https:\/\/gazdasagportal.hu\/index.php\/wp-json\/wp\/v2\/posts\/39452\/revisions\/39453"}],"wp:attachment":[{"href":"https:\/\/gazdasagportal.hu\/index.php\/wp-json\/wp\/v2\/media?parent=39452"}],"wp:term":[{"taxonomy":"category","embeddable":true,"href":"https:\/\/gazdasagportal.hu\/index.php\/wp-json\/wp\/v2\/categories?post=39452"},{"taxonomy":"post_tag","embeddable":true,"href":"https:\/\/gazdasagportal.hu\/index.php\/wp-json\/wp\/v2\/tags?post=39452"}],"curies":[{"name":"wp","href":"https:\/\/api.w.org\/{rel}","templated":true}]}}