{"id":39444,"date":"2014-07-15T16:23:14","date_gmt":"2014-07-15T14:23:14","guid":{"rendered":"http:\/\/stockportal.hu\/?p=39444"},"modified":"2014-07-15T15:03:43","modified_gmt":"2014-07-15T13:03:43","slug":"racalmason-gyartott-hankook-gumiabroncsokat-szerelnek-az-uj-mercedes-c-osztalyra","status":"publish","type":"post","link":"https:\/\/gazdasagportal.hu\/index.php\/racalmason-gyartott-hankook-gumiabroncsokat-szerelnek-az-uj-mercedes-c-osztalyra\/","title":{"rendered":"R\u00e1calm\u00e1son gy\u00e1rtott Hankook gumiabroncsokat szerelnek az \u00faj Mercedes C-oszt\u00e1lyra"},"content":{"rendered":"<p><strong>R\u00e1calm\u00e1son gy\u00e1rtott, cs\u00facsmin\u0151s\u00e9g\u0171, defektt\u0171r\u0151 Hankook gumiabroncsokat kap az \u00faj Mercedes-Benz C-oszt\u00e1ly \u2013 k\u00f6z\u00f6lte a Hankook Tire Magyarorsz\u00e1g Kft. kedden az MTI-vel.<\/strong><!--more--><br \/>\n<div class=\"ads-in-post1\"><div id=\"gazdasagportal.hu_fullbanner_wideboard\"><\/div>\r\n<\/div>\n<p>    A k\u00f6zlem\u00e9ny szerint a Daimler AG az \u00faj modellt a piaci bevezet\u00e9s\u00e9t\u0151l kezdve a Ventus S1 evo2 pr\u00e9mium abronccsal szereli fel 17 collos m\u00e9retben. A Hankook vezet\u0151 modellj\u00e9t most el\u0151sz\u00f6r fogj\u00e1k alkalmazni &#8211; a hagyom\u00e1nyos v\u00e1ltozat mellett &#8211; a saj\u00e1t fejleszt\u00e9s\u0171, magyar gy\u00e1rt\u00e1s\u00fa defektt\u0171r\u0151 v\u00e1ltozatban is.<br \/>\n    A Hankook eml\u00e9keztet arra, hogy a k\u00f6z\u00e9pkateg\u00f3ri\u00e1s C-oszt\u00e1lyos limuzin a Mercedes-Benz S- \u00e9s E-oszt\u00e1ly ut\u00e1n m\u00e1r a harmadik olyan modell a stuttgarti luxusm\u00e1rka palett\u00e1j\u00e1n, amely Hankook abroncsokkal gurul le a gy\u00e1rt\u00f3sorr\u00f3l. Az \u00faj C-oszt\u00e1lyra jelenleg 225\/50 R 17 W m\u00e9retben szerelik a Hankook abroncsokat.<br \/>\n    A Hankook Tire vil\u00e1gszerte t\u00f6bb mint h\u00faszezer alkalmazottat foglalkoztat. Eur\u00f3pai gy\u00e1r\u00e1t Magyarorsz\u00e1gon \u00e9p\u00edtette fel. Az 550 milli\u00f3 eur\u00f3s befektet\u00e9sb\u0151l a Duna\u00fajv\u00e1ros melletti R\u00e1calm\u00e1son a vil\u00e1g egyik legkorszer\u0171bb abroncsgy\u00e1ra l\u00e9tes\u00fclt. A gy\u00e1r 2007 j\u00fanius\u00e1ban kezdte meg m\u0171k\u00f6d\u00e9s\u00e9t.<br \/>\n    A m\u00e1sodik \u00fctem befejez\u00e9se ut\u00e1n 2011 m\u00e1sodik fel\u00e9ben a magyarorsz\u00e1gi gy\u00e1rban a dolgoz\u00f3k sz\u00e1ma 2000-re b\u0151v\u00fclt, \u00e9s a gy\u00e1rt\u00f3b\u00e1zis el\u00e9rte a 34 ezer darabos napi kapacit\u00e1st. A c\u00e9g jelenleg m\u00e1r t\u00f6bb mint 2700 alkalmazottat foglalkoztat, \u00e9s \u00e9vente 13 milli\u00f3 gumiabroncsot gy\u00e1rt szem\u00e9lyg\u00e9pkocsik, SUV-ok \u00e9s k\u00f6nny\u0171 teherg\u00e9pkocsik sz\u00e1m\u00e1ra.<br \/>\n    A jelenleg folyamatban l\u00e9v\u0151 harmadik beruh\u00e1z\u00e1si \u00fctem 2014\/15-\u00f6s befejez\u00e9se ut\u00e1n a magyar gy\u00e1r \u00e9ves gy\u00e1rt\u00f3kapacit\u00e1sa 19 milli\u00f3 darabra n\u0151. A r\u00e1calm\u00e1si gy\u00e1r k\u00f6zvetlen\u00fcl sz\u00e1ll\u00edt abroncsokat a BMW, a Volkswagen, a Hyundai, a KIA \u00e9s a Mercedes-Benz eur\u00f3pai gy\u00e1raiba.(MTI)<\/p>\n","protected":false},"excerpt":{"rendered":"<p>R\u00e1calm\u00e1son gy\u00e1rtott, cs\u00facsmin\u0151s\u00e9g\u0171, defektt\u0171r\u0151 Hankook gumiabroncsokat kap az \u00faj Mercedes-Benz C-oszt\u00e1ly \u2013 k\u00f6z\u00f6lte a Hankook Tire Magyarorsz\u00e1g Kft. kedden az MTI-vel.<\/p>\n","protected":false},"author":1,"featured_media":0,"comment_status":"open","ping_status":"closed","sticky":false,"template":"","format":"standard","meta":[],"categories":[19],"tags":[],"_links":{"self":[{"href":"https:\/\/gazdasagportal.hu\/index.php\/wp-json\/wp\/v2\/posts\/39444"}],"collection":[{"href":"https:\/\/gazdasagportal.hu\/index.php\/wp-json\/wp\/v2\/posts"}],"about":[{"href":"https:\/\/gazdasagportal.hu\/index.php\/wp-json\/wp\/v2\/types\/post"}],"author":[{"embeddable":true,"href":"https:\/\/gazdasagportal.hu\/index.php\/wp-json\/wp\/v2\/users\/1"}],"replies":[{"embeddable":true,"href":"https:\/\/gazdasagportal.hu\/index.php\/wp-json\/wp\/v2\/comments?post=39444"}],"version-history":[{"count":1,"href":"https:\/\/gazdasagportal.hu\/index.php\/wp-json\/wp\/v2\/posts\/39444\/revisions"}],"predecessor-version":[{"id":39445,"href":"https:\/\/gazdasagportal.hu\/index.php\/wp-json\/wp\/v2\/posts\/39444\/revisions\/39445"}],"wp:attachment":[{"href":"https:\/\/gazdasagportal.hu\/index.php\/wp-json\/wp\/v2\/media?parent=39444"}],"wp:term":[{"taxonomy":"category","embeddable":true,"href":"https:\/\/gazdasagportal.hu\/index.php\/wp-json\/wp\/v2\/categories?post=39444"},{"taxonomy":"post_tag","embeddable":true,"href":"https:\/\/gazdasagportal.hu\/index.php\/wp-json\/wp\/v2\/tags?post=39444"}],"curies":[{"name":"wp","href":"https:\/\/api.w.org\/{rel}","templated":true}]}}