{"id":39422,"date":"2014-07-15T13:12:55","date_gmt":"2014-07-15T11:12:55","guid":{"rendered":"http:\/\/stockportal.hu\/?p=39422"},"modified":"2014-07-15T13:12:55","modified_gmt":"2014-07-15T11:12:55","slug":"gazai-konfliktus-netanjahu-ha-folytatodnak-a-raketainditasok-izrael-kiterjeszti-legicsapasait","status":"publish","type":"post","link":"https:\/\/gazdasagportal.hu\/index.php\/gazai-konfliktus-netanjahu-ha-folytatodnak-a-raketainditasok-izrael-kiterjeszti-legicsapasait\/","title":{"rendered":"G\u00e1zai konfliktus \u2013 Netanjahu: ha folytat\u00f3dnak a rak\u00e9taind\u00edt\u00e1sok, Izrael kiterjeszti l\u00e9gicsap\u00e1sait"},"content":{"rendered":"<p><strong>Benj\u00e1min Netanjahu izraeli minisztereln\u00f6k kedden kijelentette, hogy ha a palesztin iszlamista Ham\u00e1sz szervezet nem \u00e1ll\u00edtja le az Izrael elleni rak\u00e9tat\u00e1mad\u00e1sait, akkor Izrael ki fogja terjeszteni l\u00e9gicsap\u00e1sait.<\/strong><!--more--><br \/>\n<div class=\"ads-in-post1\"><div id=\"gazdasagportal.hu_fullbanner_wideboard\"><\/div>\r\n<\/div>\n<p>    Frank-Walter Steinmeier n\u00e9met k\u00fcl\u00fcgyminiszterrel tartott tal\u00e1lkoz\u00f3ja el\u0151tt nyilatkozva a minisztereln\u00f6k \u00fagy fogalmazott: &#8222;Ha a Ham\u00e1sz nem sz\u00fcnteti be az ind\u00edt\u00e1sokat, akkor Izrael ki fogja terjeszteni csap\u00e1sait. Izraelnek nemzetk\u00f6zi legitimit\u00e1sa lesz cselekedni.&#8221;<br \/>\n    Netanjahu arra utalt, hogy mik\u00f6zben Izrael elfogadta az egyiptomi t\u0171zsz\u00fcneti javaslatot, \u00e9s kedd reggelt\u0151l tartja is mag\u00e1t hozz\u00e1, a Ham\u00e1sz katonai sz\u00e1rnya kereken elutas\u00edtotta azt.<br \/>\n    D\u00e9lel\u0151tt a G\u00e1zai \u00f6vezetb\u0151l \u00fajabb rak\u00e9t\u00e1kkal t\u00e1madt\u00e1k D\u00e9l-Izraelt, t\u00f6bb hull\u00e1mban \u00f6sszesen huszonk\u00e9t rak\u00e9tat\u00e1mad\u00e1s \u00e9rte azt a ter\u00fcletet. Asdodban k\u00e9t rak\u00e9ta lakott r\u00e9szen csap\u00f3dott be, \u00e9s s\u00falyos anyagi k\u00e1rokat okozott \u00e9p\u00fcletekben.<br \/>\n    Az izraeli hadsereg egyel\u0151re nem v\u00e1laszolt a rak\u00e9t\u00e1kra, az egyetlen reag\u00e1l\u00e1s Netanjahu nyilatkozata volt.<br \/>\n    Steinmeier a tal\u00e1lkoz\u00f3 el\u0151tt \u00fcdv\u00f6z\u00f6lte az izraeli korm\u00e1ny hajland\u00f3s\u00e1g\u00e1t a t\u0171zsz\u00fcnet elfogad\u00e1s\u00e1ra, \u00e9s hasonl\u00f3 l\u00e9p\u00e9sre sz\u00f3l\u00edtotta fel a g\u00e1zai vezet\u00e9st.<br \/>\n    &#8222;G\u00e1z\u00e1nak nem szabad rak\u00e9tarakt\u00e1rnak lennie. Ez vesz\u00e9lyes mind Izraelre, mind a g\u00e1zai polg\u00e1rokra&#8221; &#8211; mondta a n\u00e9met k\u00fcl\u00fcgyminiszter, aki a t\u0171zsz\u00fcneti t\u00e1rgyal\u00e1sok k\u00f6zvet\u00edt\u00e9s\u00e9re \u00e9rkezett a t\u00e9rs\u00e9gbe. &#8222;Izraelnek mor\u00e1lis \u00e9s t\u00f6rv\u00e9nyes joga megv\u00e1laszolni az ellene v\u00e9grehajtott t\u00e1mad\u00e1sokat&#8221; &#8211; tette hozz\u00e1.<br \/>\n    Musza Abu Marzuk, a Ham\u00e1sz Kair\u00f3ban \u00e9l\u0151 egyik vezet\u0151je kedd d\u00e9lel\u0151tt \u00fagy nyilatkozott, hogy a szervezet m\u00e9g nem d\u00f6nt\u00f6tt az egyiptomi javaslat k\u00e9rd\u00e9s\u00e9ben, jelenleg tan\u00e1cskoz\u00e1sokat tartanak ez \u00fcgyben.(MTI)<\/p>\n","protected":false},"excerpt":{"rendered":"<p>Benj\u00e1min Netanjahu izraeli minisztereln\u00f6k kedden kijelentette, hogy ha a palesztin iszlamista Ham\u00e1sz szervezet nem \u00e1ll\u00edtja le az Izrael elleni rak\u00e9tat\u00e1mad\u00e1sait, akkor Izrael ki fogja terjeszteni l\u00e9gicsap\u00e1sait.<\/p>\n","protected":false},"author":1,"featured_media":0,"comment_status":"open","ping_status":"closed","sticky":false,"template":"","format":"standard","meta":[],"categories":[16],"tags":[],"_links":{"self":[{"href":"https:\/\/gazdasagportal.hu\/index.php\/wp-json\/wp\/v2\/posts\/39422"}],"collection":[{"href":"https:\/\/gazdasagportal.hu\/index.php\/wp-json\/wp\/v2\/posts"}],"about":[{"href":"https:\/\/gazdasagportal.hu\/index.php\/wp-json\/wp\/v2\/types\/post"}],"author":[{"embeddable":true,"href":"https:\/\/gazdasagportal.hu\/index.php\/wp-json\/wp\/v2\/users\/1"}],"replies":[{"embeddable":true,"href":"https:\/\/gazdasagportal.hu\/index.php\/wp-json\/wp\/v2\/comments?post=39422"}],"version-history":[{"count":1,"href":"https:\/\/gazdasagportal.hu\/index.php\/wp-json\/wp\/v2\/posts\/39422\/revisions"}],"predecessor-version":[{"id":39423,"href":"https:\/\/gazdasagportal.hu\/index.php\/wp-json\/wp\/v2\/posts\/39422\/revisions\/39423"}],"wp:attachment":[{"href":"https:\/\/gazdasagportal.hu\/index.php\/wp-json\/wp\/v2\/media?parent=39422"}],"wp:term":[{"taxonomy":"category","embeddable":true,"href":"https:\/\/gazdasagportal.hu\/index.php\/wp-json\/wp\/v2\/categories?post=39422"},{"taxonomy":"post_tag","embeddable":true,"href":"https:\/\/gazdasagportal.hu\/index.php\/wp-json\/wp\/v2\/tags?post=39422"}],"curies":[{"name":"wp","href":"https:\/\/api.w.org\/{rel}","templated":true}]}}